{"id":920,"date":"2021-06-09T10:42:57","date_gmt":"2021-06-09T08:42:57","guid":{"rendered":"https:\/\/www.fagforbundet468.com\/portal\/?p=920"},"modified":"2021-06-09T10:43:01","modified_gmt":"2021-06-09T08:43:01","slug":"sommerfestival-2021","status":"publish","type":"post","link":"https:\/\/www.fagforbundet468.com\/portal\/2021\/06\/09\/sommerfestival-2021\/","title":{"rendered":"Sommerfestival 2021"},"content":{"rendered":"\n<p>Fagforbundet inviterer til Norges f\u00f8rste nasjonale sommerfestival. Dette blir en kveld med musikk, politikk og komikk fra hele landet. Festivalen er digital og gratis.<br \/><\/p>\n\n\n\n<div class=\"wp-block-file\"><a href=\"https:\/\/www.fagforbundet468.com\/portal\/wp-content\/uploads\/Sommerfestival-2021.png\">Sommerfestival-2021<\/a><a href=\"https:\/\/www.fagforbundet468.com\/portal\/wp-content\/uploads\/Sommerfestival-2021.png\" class=\"wp-block-file__button\" download>Last ned<\/a><\/div>\n\n\n\n<p><br \/><\/p>\n","protected":false},"excerpt":{"rendered":"<p>Fagforbundet inviterer til Norges f\u00f8rste nasjonale sommerfestival. Dette blir en kveld med musikk, politikk og komikk fra hele landet. Festivalen er digital og gratis. Sommerfestival-2021Last&#8230;<\/p>\n","protected":false},"author":2,"featured_media":925,"comment_status":"open","ping_status":"open","sticky":false,"template":"","format":"standard","meta":{"jetpack_post_was_ever_published":false,"_jetpack_newsletter_access":"","_jetpack_dont_email_post_to_subs":false,"_jetpack_newsletter_tier_id":0,"_jetpack_memberships_contains_paywalled_content":false,"_jetpack_memberships_contains_paid_content":false,"footnotes":"","jetpack_publicize_message":"","jetpack_publicize_feature_enabled":true,"jetpack_social_post_already_shared":true,"jetpack_social_options":{"image_generator_settings":{"template":"highway","default_image_id":0,"font":"","enabled":false},"version":2}},"categories":[1],"tags":[],"class_list":["post-920","post","type-post","status-publish","format-standard","has-post-thumbnail","hentry","category-nyheter"],"jetpack_publicize_connections":[],"jetpack_featured_media_url":"https:\/\/i0.wp.com\/www.fagforbundet468.com\/portal\/wp-content\/uploads\/Sommerfestival2021.png?fit=678%2C483&ssl=1","jetpack_sharing_enabled":true,"jetpack_shortlink":"https:\/\/wp.me\/p173ho-eQ","jetpack-related-posts":[{"id":851,"url":"https:\/\/www.fagforbundet468.com\/portal\/2020\/07\/01\/nasjonal-konferanse-for-barsel-og-barnepleiere-og-jordmodre\/","url_meta":{"origin":920,"position":0},"title":"Nasjonal konferanse for barsel- og barnepleiere og jordm\u00f8dre","author":"Idar \u00c5dnesen","date":"1. juli 2020","format":false,"excerpt":"Invitasjon til Nasjonal konferanse for barsel- og barnepleiere og jordm\u00f8dre p\u00e5 Storefjell Resort Hotel, Gol 26 - 28 oktober 2020Les mer i vedlagt invitasjon Nasjonal-konferanse-barsel-barnepleiere-og-jordm\u00f8dre-2020-oktoberLast ned","rel":"","context":"i &quot;Nyheter&quot;","block_context":{"text":"Nyheter","link":"https:\/\/www.fagforbundet468.com\/portal\/category\/nyheter\/"},"img":{"alt_text":"","src":"https:\/\/i0.wp.com\/www.fagforbundet468.com\/portal\/wp-content\/uploads\/storefjell2.jpg?fit=1024%2C768&ssl=1&resize=350%2C200","width":350,"height":200,"srcset":"https:\/\/i0.wp.com\/www.fagforbundet468.com\/portal\/wp-content\/uploads\/storefjell2.jpg?fit=1024%2C768&ssl=1&resize=350%2C200 1x, https:\/\/i0.wp.com\/www.fagforbundet468.com\/portal\/wp-content\/uploads\/storefjell2.jpg?fit=1024%2C768&ssl=1&resize=525%2C300 1.5x, https:\/\/i0.wp.com\/www.fagforbundet468.com\/portal\/wp-content\/uploads\/storefjell2.jpg?fit=1024%2C768&ssl=1&resize=700%2C400 2x"},"classes":[]},{"id":1083,"url":"https:\/\/www.fagforbundet468.com\/portal\/2024\/05\/13\/medlemsmote-23-05-24\/","url_meta":{"origin":920,"position":1},"title":"Medlemsm\u00f8te 23.05.24","author":"Admin","date":"13. mai 2024","format":false,"excerpt":"Velkommen til samling med Fagforbundetog AOF Vestlandet - Agder! 6. etasje i kantinen p\u00e5 Revmatismesykehuset Loddtrekning med gevinster Det blir servert enkel mat og drikke I en verden hvor helse stadig vokser i betydning, forst\u00e5r vi iAOF Vestlandet - Agder viktigheten av at du som jobber innenhelse m\u00e5 kontinuerlig videreutvikle\u2026","rel":"","context":"i &quot;Nyheter&quot;","block_context":{"text":"Nyheter","link":"https:\/\/www.fagforbundet468.com\/portal\/category\/nyheter\/"},"img":{"alt_text":"","src":"https:\/\/i0.wp.com\/www.fagforbundet468.com\/portal\/wp-content\/uploads\/port%C3%B8r.gif?fit=862%2C850&ssl=1&resize=350%2C200","width":350,"height":200,"srcset":"https:\/\/i0.wp.com\/www.fagforbundet468.com\/portal\/wp-content\/uploads\/port%C3%B8r.gif?fit=862%2C850&ssl=1&resize=350%2C200 1x, https:\/\/i0.wp.com\/www.fagforbundet468.com\/portal\/wp-content\/uploads\/port%C3%B8r.gif?fit=862%2C850&ssl=1&resize=525%2C300 1.5x, https:\/\/i0.wp.com\/www.fagforbundet468.com\/portal\/wp-content\/uploads\/port%C3%B8r.gif?fit=862%2C850&ssl=1&resize=700%2C400 2x"},"classes":[]},{"id":337,"url":"https:\/\/www.fagforbundet468.com\/portal\/2016\/12\/23\/god-jul-og-et-fredelig-og-givende-nytt-ar\/","url_meta":{"origin":920,"position":2},"title":"God Jul og et fredelig og givende Nytt \u00e5r!","author":"Idar \u00c5dnesen","date":"23. desember 2016","format":false,"excerpt":"Fagforbundet Avd. 468 \u00f8nsker alle en riktig God Jul og et fredelig og givende Nytt \u00c5r Mh. Styret: Laura Lill, Elin, Harald, Ben, Gunnar, Linda L, Magne, \u00c5se Helene, S\u00f8lvi Irene, Michelle og Bj\u00f8rg","rel":"","context":"i &quot;Nyheter&quot;","block_context":{"text":"Nyheter","link":"https:\/\/www.fagforbundet468.com\/portal\/category\/nyheter\/"},"img":{"alt_text":"","src":"https:\/\/i0.wp.com\/www.fagforbundet468.com\/portal\/wp-content\/uploads\/God-jul.jpg?fit=1020%2C566&ssl=1&resize=350%2C200","width":350,"height":200,"srcset":"https:\/\/i0.wp.com\/www.fagforbundet468.com\/portal\/wp-content\/uploads\/God-jul.jpg?fit=1020%2C566&ssl=1&resize=350%2C200 1x, https:\/\/i0.wp.com\/www.fagforbundet468.com\/portal\/wp-content\/uploads\/God-jul.jpg?fit=1020%2C566&ssl=1&resize=525%2C300 1.5x, https:\/\/i0.wp.com\/www.fagforbundet468.com\/portal\/wp-content\/uploads\/God-jul.jpg?fit=1020%2C566&ssl=1&resize=700%2C400 2x"},"classes":[]},{"id":591,"url":"https:\/\/www.fagforbundet468.com\/portal\/2018\/12\/13\/nasjonal-konferanse-for-ambulansepersonell-og-amk\/","url_meta":{"origin":920,"position":3},"title":"Nasjonal konferanse for ambulansepersonell og AMK","author":"Idar \u00c5dnesen","date":"13. desember 2018","format":false,"excerpt":"Fagforbundet Yrkesseksjon helse og sosial inviterer ogs\u00e5 i \u00e5r til nasjonalfagkonferanse for Storefjell Resort Hotel, Gol, for alle som arbeider innenambulanse og AMK. P\u00e5 samme sted og tidspunkt arrangerer Fagforbundet nasjonalkonferanse for barsel- og barnepleiere og jordm\u00f8dre. Sted: Storefjell Resort HotelDato: 18.03.19 - 20.03.19Les mer i vedlegget under: Nasjonal konferanse\u2026","rel":"","context":"i &quot;Nyheter&quot;","block_context":{"text":"Nyheter","link":"https:\/\/www.fagforbundet468.com\/portal\/category\/nyheter\/"},"img":{"alt_text":"","src":"https:\/\/i0.wp.com\/www.fagforbundet468.com\/portal\/wp-content\/uploads\/ambulanse.jpg?fit=1000%2C563&ssl=1&resize=350%2C200","width":350,"height":200,"srcset":"https:\/\/i0.wp.com\/www.fagforbundet468.com\/portal\/wp-content\/uploads\/ambulanse.jpg?fit=1000%2C563&ssl=1&resize=350%2C200 1x, https:\/\/i0.wp.com\/www.fagforbundet468.com\/portal\/wp-content\/uploads\/ambulanse.jpg?fit=1000%2C563&ssl=1&resize=525%2C300 1.5x, https:\/\/i0.wp.com\/www.fagforbundet468.com\/portal\/wp-content\/uploads\/ambulanse.jpg?fit=1000%2C563&ssl=1&resize=700%2C400 2x"},"classes":[]},{"id":1072,"url":"https:\/\/www.fagforbundet468.com\/portal\/2024\/02\/05\/turnuskurs-for-tillitvalgte-og-medlemmer\/","url_meta":{"origin":920,"position":4},"title":"Turnuskurs for tillitvalgte og medlemmer","author":"Idar \u00c5dnesen","date":"5. februar 2024","format":false,"excerpt":"Deltakerne m\u00e5 ha med seg arbeidsmilj\u00f8loven, hovedavtalen og hovedtariffavtalen.Vi tar forbehold om endringer i programmet.Dato: 18 - 20 mars 2024Sted: Collection Hotell Amanda, HaugesundM\u00e5lgruppe: Tillitsvalgte og andre som arbeider med turnus- Hvorfor turnus- Samarbeid og medbestemmelse- Lov- og avtaleverk- Viktige hensyn- Protokoll - oppsigelse- D\u00f8gnrytmeplan- Bemanning- Turnusplan- Helge- og h\u00f8ytidsturnus\u2026","rel":"","context":"i &quot;Nyheter&quot;","block_context":{"text":"Nyheter","link":"https:\/\/www.fagforbundet468.com\/portal\/category\/nyheter\/"},"img":{"alt_text":"","src":"https:\/\/i0.wp.com\/www.fagforbundet468.com\/portal\/wp-content\/uploads\/port%C3%B8r.gif?fit=862%2C850&ssl=1&resize=350%2C200","width":350,"height":200,"srcset":"https:\/\/i0.wp.com\/www.fagforbundet468.com\/portal\/wp-content\/uploads\/port%C3%B8r.gif?fit=862%2C850&ssl=1&resize=350%2C200 1x, https:\/\/i0.wp.com\/www.fagforbundet468.com\/portal\/wp-content\/uploads\/port%C3%B8r.gif?fit=862%2C850&ssl=1&resize=525%2C300 1.5x, https:\/\/i0.wp.com\/www.fagforbundet468.com\/portal\/wp-content\/uploads\/port%C3%B8r.gif?fit=862%2C850&ssl=1&resize=700%2C400 2x"},"classes":[]},{"id":367,"url":"https:\/\/www.fagforbundet468.com\/portal\/2017\/02\/14\/mat-og-helse-i-arbeidslivet\/","url_meta":{"origin":920,"position":5},"title":"Mat og helse i arbeidslivet","author":"Idar \u00c5dnesen","date":"14. februar 2017","format":false,"excerpt":"Mat og helse i arbeidslivet, sm\u00e5 grep for \u00e5 tilby sunn mat og drikke. Dette kurset tar utgangspunkt i nasjonale anbefalinger for mat og drikke i arbeidslivet Kursets innhold: Tiltak som kan settes i verk p\u00e5 de fleste arbeidsplasser Kosthold, helse og trivsel Mer om tilbudet Kompetanse og \u00f8konomi Innkj\u00f8p\/meny\u2026","rel":"","context":"i &quot;Nyheter&quot;","block_context":{"text":"Nyheter","link":"https:\/\/www.fagforbundet468.com\/portal\/category\/nyheter\/"},"img":{"alt_text":"","src":"https:\/\/i0.wp.com\/www.fagforbundet468.com\/portal\/wp-content\/uploads\/mathelse.jpg?fit=620%2C300&ssl=1&resize=350%2C200","width":350,"height":200,"srcset":"https:\/\/i0.wp.com\/www.fagforbundet468.com\/portal\/wp-content\/uploads\/mathelse.jpg?fit=620%2C300&ssl=1&resize=350%2C200 1x, https:\/\/i0.wp.com\/www.fagforbundet468.com\/portal\/wp-content\/uploads\/mathelse.jpg?fit=620%2C300&ssl=1&resize=525%2C300 1.5x"},"classes":[]}],"_links":{"self":[{"href":"https:\/\/www.fagforbundet468.com\/portal\/wp-json\/wp\/v2\/posts\/920","targetHints":{"allow":["GET"]}}],"collection":[{"href":"https:\/\/www.fagforbundet468.com\/portal\/wp-json\/wp\/v2\/posts"}],"about":[{"href":"https:\/\/www.fagforbundet468.com\/portal\/wp-json\/wp\/v2\/types\/post"}],"author":[{"embeddable":true,"href":"https:\/\/www.fagforbundet468.com\/portal\/wp-json\/wp\/v2\/users\/2"}],"replies":[{"embeddable":true,"href":"https:\/\/www.fagforbundet468.com\/portal\/wp-json\/wp\/v2\/comments?post=920"}],"version-history":[{"count":1,"href":"https:\/\/www.fagforbundet468.com\/portal\/wp-json\/wp\/v2\/posts\/920\/revisions"}],"predecessor-version":[{"id":926,"href":"https:\/\/www.fagforbundet468.com\/portal\/wp-json\/wp\/v2\/posts\/920\/revisions\/926"}],"wp:featuredmedia":[{"embeddable":true,"href":"https:\/\/www.fagforbundet468.com\/portal\/wp-json\/wp\/v2\/media\/925"}],"wp:attachment":[{"href":"https:\/\/www.fagforbundet468.com\/portal\/wp-json\/wp\/v2\/media?parent=920"}],"wp:term":[{"taxonomy":"category","embeddable":true,"href":"https:\/\/www.fagforbundet468.com\/portal\/wp-json\/wp\/v2\/categories?post=920"},{"taxonomy":"post_tag","embeddable":true,"href":"https:\/\/www.fagforbundet468.com\/portal\/wp-json\/wp\/v2\/tags?post=920"}],"curies":[{"name":"wp","href":"https:\/\/api.w.org\/{rel}","templated":true}]}}