{"id":876,"date":"2021-01-06T09:24:30","date_gmt":"2021-01-06T08:24:30","guid":{"rendered":"http:\/\/www.fagforbundet468.com\/portal\/?p=876"},"modified":"2021-01-06T09:24:35","modified_gmt":"2021-01-06T08:24:35","slug":"moteplan-pensjonister-ufore-2021","status":"publish","type":"post","link":"https:\/\/www.fagforbundet468.com\/portal\/2021\/01\/06\/moteplan-pensjonister-ufore-2021\/","title":{"rendered":"M\u00f8teplan Pensjonister\/uf\u00f8re 2021"},"content":{"rendered":"\n<p>Her er oversikt over m\u00f8tene vi skal ha i gruppen for Pensjonister\/Uf\u00f8re i Helse Sydvest Avd. 468 i 2021<br \/><br \/>11 Februar<br \/>8. April<br \/>10. Juni (Sommer tur)<br \/>12. August<br \/>14. Oktober<br \/>9. Desember (Julem\u00f8te)<br \/><br \/><em>M\u00f8tene holdes i Norsk Folkehjelp sine lokaler i Karmsundsgaten 175 kl. 1300 &#8211; 1500<\/em><br \/><br \/><strong>NB: P\u00e5melding kreves grunnet Korona situasjonen<\/strong><br \/>Karen Fahlvik Tlf. 97892833 eller Gunvor E. Saltvedt Tlf. 99106821<\/p>\n","protected":false},"excerpt":{"rendered":"<p>Her er oversikt over m\u00f8tene vi skal ha i gruppen for Pensjonister\/Uf\u00f8re i Helse Sydvest Avd. 468 i 202111 Februar8. April10. Juni (Sommer tur)12. August14&#8230;.<\/p>\n","protected":false},"author":2,"featured_media":706,"comment_status":"closed","ping_status":"closed","sticky":false,"template":"","format":"standard","meta":{"jetpack_post_was_ever_published":false,"_jetpack_newsletter_access":"","_jetpack_dont_email_post_to_subs":false,"_jetpack_newsletter_tier_id":0,"_jetpack_memberships_contains_paywalled_content":false,"_jetpack_memberships_contains_paid_content":false,"footnotes":"","jetpack_publicize_message":"","jetpack_publicize_feature_enabled":true,"jetpack_social_post_already_shared":true,"jetpack_social_options":{"image_generator_settings":{"template":"highway","default_image_id":0,"font":"","enabled":false},"version":2}},"categories":[1],"tags":[],"class_list":["post-876","post","type-post","status-publish","format-standard","has-post-thumbnail","hentry","category-nyheter"],"jetpack_publicize_connections":[],"jetpack_featured_media_url":"https:\/\/i0.wp.com\/www.fagforbundet468.com\/portal\/wp-content\/uploads\/vangen.jpg?fit=1023%2C589&ssl=1","jetpack_sharing_enabled":true,"jetpack_shortlink":"https:\/\/wp.me\/p173ho-e8","jetpack-related-posts":[{"id":978,"url":"https:\/\/www.fagforbundet468.com\/portal\/2022\/03\/09\/arets-pensjonist-ufore-tur-for-medlemmer\/","url_meta":{"origin":876,"position":0},"title":"\u00c5rets pensjonist\/uf\u00f8re tur for medlemmer","author":"Idar \u00c5dnesen","date":"9. mars 2022","format":false,"excerpt":"Dette \u00e5ret g\u00e5r turen til \u00c5krafjorden, Eikemo og Eljarvik gard som for noen er kjent fra tv serien \"der en skulle tru at ingen kunne bu\". Tid: Onsdag 08.06.22 med avreise kl. 0900 fra Haugesund P\u00e5melding: Bindende p\u00e5melding innen 12.05.22 til Marie R\u00f8kke, mobil 932 10\u00a0768 eller Gunvor Saltvedt, mobil\u2026","rel":"","context":"i &quot;Nyheter&quot;","block_context":{"text":"Nyheter","link":"https:\/\/www.fagforbundet468.com\/portal\/category\/nyheter\/"},"img":{"alt_text":"Bilde hentet fra \u00c5krafjorden Oppleving","src":"https:\/\/i0.wp.com\/www.fagforbundet468.com\/portal\/wp-content\/uploads\/pensjonisttur_2022.jpg?fit=959%2C640&ssl=1&resize=350%2C200","width":350,"height":200,"srcset":"https:\/\/i0.wp.com\/www.fagforbundet468.com\/portal\/wp-content\/uploads\/pensjonisttur_2022.jpg?fit=959%2C640&ssl=1&resize=350%2C200 1x, https:\/\/i0.wp.com\/www.fagforbundet468.com\/portal\/wp-content\/uploads\/pensjonisttur_2022.jpg?fit=959%2C640&ssl=1&resize=525%2C300 1.5x, https:\/\/i0.wp.com\/www.fagforbundet468.com\/portal\/wp-content\/uploads\/pensjonisttur_2022.jpg?fit=959%2C640&ssl=1&resize=700%2C400 2x"},"classes":[]},{"id":181,"url":"https:\/\/www.fagforbundet468.com\/portal\/2015\/11\/09\/181\/","url_meta":{"origin":876,"position":1},"title":"Fagforbundet 468 Julem\u00f8te","author":"Admin","date":"9. november 2015","format":false,"excerpt":"Som medlem i Fagforbundet avd. 468 er du hjertelig velkommen til en kveld med f\u00f8rjulskos, der vi skal spise god mat og hygge oss sammen. Tid: \u00a0Torsdag 03.12.15 klokken 1800 Sted:\u00a0Haugesund M\u00e5l-og ungdomslag, Kvalatun, Kvalamarka 25 Mat:\u00a0Koldtbord fra Br.Lundal Underholdning blir ved\u00a0Haugesund Shantykor Markering av 25 og 40 \u00e5rs jubilanter.\u2026","rel":"","context":"i &quot;Nyheter&quot;","block_context":{"text":"Nyheter","link":"https:\/\/www.fagforbundet468.com\/portal\/category\/nyheter\/"},"img":{"alt_text":"","src":"https:\/\/i0.wp.com\/www.fagforbundet468.com\/portal\/wp-content\/uploads\/jul.jpg?fit=1200%2C900&ssl=1&resize=350%2C200","width":350,"height":200,"srcset":"https:\/\/i0.wp.com\/www.fagforbundet468.com\/portal\/wp-content\/uploads\/jul.jpg?fit=1200%2C900&ssl=1&resize=350%2C200 1x, https:\/\/i0.wp.com\/www.fagforbundet468.com\/portal\/wp-content\/uploads\/jul.jpg?fit=1200%2C900&ssl=1&resize=525%2C300 1.5x, https:\/\/i0.wp.com\/www.fagforbundet468.com\/portal\/wp-content\/uploads\/jul.jpg?fit=1200%2C900&ssl=1&resize=700%2C400 2x, https:\/\/i0.wp.com\/www.fagforbundet468.com\/portal\/wp-content\/uploads\/jul.jpg?fit=1200%2C900&ssl=1&resize=1050%2C600 3x"},"classes":[]},{"id":393,"url":"https:\/\/www.fagforbundet468.com\/portal\/2017\/07\/24\/medlemstur-til-rovaer\/","url_meta":{"origin":876,"position":2},"title":"Medlemstur til R\u00f8v\u00e6r","author":"Idar \u00c5dnesen","date":"24. juli 2017","format":false,"excerpt":"Fagforbundet Avd. 468 inviterer til medlemstur for v\u00e5re medlemmer til R\u00f8v\u00e6r. Vi f\u00e5r oppleve R\u00f8v\u00e6r, Haugesund beste vestkant med en lokal guidet tur s\u00e5 ta med gode sko og godt hum\u00f8r. Vi tror ogs\u00e5 finv\u00e6ret er med oss og at vi f\u00e5r en kjekk og uforglemmelig sosial tur sammen. Tid:\u2026","rel":"","context":"i &quot;Nyheter&quot;","block_context":{"text":"Nyheter","link":"https:\/\/www.fagforbundet468.com\/portal\/category\/nyheter\/"},"img":{"alt_text":"","src":"https:\/\/i0.wp.com\/www.fagforbundet468.com\/portal\/wp-content\/uploads\/rover.jpg?fit=900%2C599&ssl=1&resize=350%2C200","width":350,"height":200,"srcset":"https:\/\/i0.wp.com\/www.fagforbundet468.com\/portal\/wp-content\/uploads\/rover.jpg?fit=900%2C599&ssl=1&resize=350%2C200 1x, https:\/\/i0.wp.com\/www.fagforbundet468.com\/portal\/wp-content\/uploads\/rover.jpg?fit=900%2C599&ssl=1&resize=525%2C300 1.5x, https:\/\/i0.wp.com\/www.fagforbundet468.com\/portal\/wp-content\/uploads\/rover.jpg?fit=900%2C599&ssl=1&resize=700%2C400 2x"},"classes":[]},{"id":438,"url":"https:\/\/www.fagforbundet468.com\/portal\/2017\/10\/30\/arets-julemote-2017\/","url_meta":{"origin":876,"position":3},"title":"\u00c5rets Julem\u00f8te 2017","author":"Idar \u00c5dnesen","date":"30. oktober 2017","format":false,"excerpt":"Som medlem av Fagforbundet Avd. 468 er du hjertelig velkommer til en kveld med f\u00f8rjulskos, der vi skal spise god mat og hygge oss sammen. Tid: Torsdag 07.12.17 kl. 1800 Sted: Haugesund M\u00e5l- og Ungdomslag, Kvalatun (Kvalamarka 25, 5514 Haugesund) Mat: Koldtbord fra Br\u00f8drene Lundal AS Det blir underholdning med\u2026","rel":"","context":"i &quot;Nyheter&quot;","block_context":{"text":"Nyheter","link":"https:\/\/www.fagforbundet468.com\/portal\/category\/nyheter\/"},"img":{"alt_text":"","src":"https:\/\/i0.wp.com\/www.fagforbundet468.com\/portal\/wp-content\/uploads\/julem%C3%B8te_4_2015.jpg?fit=900%2C675&ssl=1&resize=350%2C200","width":350,"height":200,"srcset":"https:\/\/i0.wp.com\/www.fagforbundet468.com\/portal\/wp-content\/uploads\/julem%C3%B8te_4_2015.jpg?fit=900%2C675&ssl=1&resize=350%2C200 1x, https:\/\/i0.wp.com\/www.fagforbundet468.com\/portal\/wp-content\/uploads\/julem%C3%B8te_4_2015.jpg?fit=900%2C675&ssl=1&resize=525%2C300 1.5x, https:\/\/i0.wp.com\/www.fagforbundet468.com\/portal\/wp-content\/uploads\/julem%C3%B8te_4_2015.jpg?fit=900%2C675&ssl=1&resize=700%2C400 2x"},"classes":[]},{"id":577,"url":"https:\/\/www.fagforbundet468.com\/portal\/2018\/11\/09\/arets-julemote\/","url_meta":{"origin":876,"position":4},"title":"\u00c5rets Julem\u00f8te","author":"Idar \u00c5dnesen","date":"9. november 2018","format":false,"excerpt":"Som medlem i Fagforbundet avd. 468 er du hjertelig velkommen til en kveld med f\u00f8rjulskos, der vi skal spise god mat og hygge oss sammen. Tid: Torsdag 06.12.18 kl. 1800 Sted: Haugesund M\u00e5l- og Ungdomslag, Kvalatun Mat: Koldtbord fra Br\u00f8drene Lundal AS Underholdning meg Christina Bjordal Markering av v\u00e5re 25-\u2026","rel":"","context":"i &quot;Nyheter&quot;","block_context":{"text":"Nyheter","link":"https:\/\/www.fagforbundet468.com\/portal\/category\/nyheter\/"},"img":{"alt_text":"","src":"https:\/\/i0.wp.com\/www.fagforbundet468.com\/portal\/wp-content\/uploads\/God-jul.jpg?fit=1020%2C566&ssl=1&resize=350%2C200","width":350,"height":200,"srcset":"https:\/\/i0.wp.com\/www.fagforbundet468.com\/portal\/wp-content\/uploads\/God-jul.jpg?fit=1020%2C566&ssl=1&resize=350%2C200 1x, https:\/\/i0.wp.com\/www.fagforbundet468.com\/portal\/wp-content\/uploads\/God-jul.jpg?fit=1020%2C566&ssl=1&resize=525%2C300 1.5x, https:\/\/i0.wp.com\/www.fagforbundet468.com\/portal\/wp-content\/uploads\/God-jul.jpg?fit=1020%2C566&ssl=1&resize=700%2C400 2x"},"classes":[]},{"id":753,"url":"https:\/\/www.fagforbundet468.com\/portal\/2019\/11\/04\/velkommen-til-julemote-2019\/","url_meta":{"origin":876,"position":5},"title":"Velkommen til Julem\u00f8te 2019","author":"Idar \u00c5dnesen","date":"4. november 2019","format":false,"excerpt":"Som medlem i Fagforbundet 468 er du hjertelig velkommen til Julem\u00f8te 2019Tid: Torsdag 05.12.19 kl. 1800Sted: Haugesund M\u00e5l- og Ungdomslag (Kvalatun, Kvalamarka 25, 5514 HgsdMat: Koldtbord fra Br\u00f8drene Lundal ASPris: 200,- \/ Vi bruker VippsUnderholdning med Haugesund Shantykor og Markering av v\u00e5re 25- og 40 \u00e5rs jubilanter.Vi skal ha basar,\u2026","rel":"","context":"i &quot;Nyheter&quot;","block_context":{"text":"Nyheter","link":"https:\/\/www.fagforbundet468.com\/portal\/category\/nyheter\/"},"img":{"alt_text":"","src":"https:\/\/i0.wp.com\/www.fagforbundet468.com\/portal\/wp-content\/uploads\/julem%C3%B8te_4_2015.jpg?fit=900%2C675&ssl=1&resize=350%2C200","width":350,"height":200,"srcset":"https:\/\/i0.wp.com\/www.fagforbundet468.com\/portal\/wp-content\/uploads\/julem%C3%B8te_4_2015.jpg?fit=900%2C675&ssl=1&resize=350%2C200 1x, https:\/\/i0.wp.com\/www.fagforbundet468.com\/portal\/wp-content\/uploads\/julem%C3%B8te_4_2015.jpg?fit=900%2C675&ssl=1&resize=525%2C300 1.5x, https:\/\/i0.wp.com\/www.fagforbundet468.com\/portal\/wp-content\/uploads\/julem%C3%B8te_4_2015.jpg?fit=900%2C675&ssl=1&resize=700%2C400 2x"},"classes":[]}],"_links":{"self":[{"href":"https:\/\/www.fagforbundet468.com\/portal\/wp-json\/wp\/v2\/posts\/876","targetHints":{"allow":["GET"]}}],"collection":[{"href":"https:\/\/www.fagforbundet468.com\/portal\/wp-json\/wp\/v2\/posts"}],"about":[{"href":"https:\/\/www.fagforbundet468.com\/portal\/wp-json\/wp\/v2\/types\/post"}],"author":[{"embeddable":true,"href":"https:\/\/www.fagforbundet468.com\/portal\/wp-json\/wp\/v2\/users\/2"}],"replies":[{"embeddable":true,"href":"https:\/\/www.fagforbundet468.com\/portal\/wp-json\/wp\/v2\/comments?post=876"}],"version-history":[{"count":1,"href":"https:\/\/www.fagforbundet468.com\/portal\/wp-json\/wp\/v2\/posts\/876\/revisions"}],"predecessor-version":[{"id":877,"href":"https:\/\/www.fagforbundet468.com\/portal\/wp-json\/wp\/v2\/posts\/876\/revisions\/877"}],"wp:featuredmedia":[{"embeddable":true,"href":"https:\/\/www.fagforbundet468.com\/portal\/wp-json\/wp\/v2\/media\/706"}],"wp:attachment":[{"href":"https:\/\/www.fagforbundet468.com\/portal\/wp-json\/wp\/v2\/media?parent=876"}],"wp:term":[{"taxonomy":"category","embeddable":true,"href":"https:\/\/www.fagforbundet468.com\/portal\/wp-json\/wp\/v2\/categories?post=876"},{"taxonomy":"post_tag","embeddable":true,"href":"https:\/\/www.fagforbundet468.com\/portal\/wp-json\/wp\/v2\/tags?post=876"}],"curies":[{"name":"wp","href":"https:\/\/api.w.org\/{rel}","templated":true}]}}