{"id":767,"date":"2019-12-20T09:45:28","date_gmt":"2019-12-20T08:45:28","guid":{"rendered":"http:\/\/www.fagforbundet468.com\/portal\/?p=767"},"modified":"2022-11-08T17:52:46","modified_gmt":"2022-11-08T16:52:46","slug":"juridisk-radgiving-for-lo-medlemmer","status":"publish","type":"post","link":"https:\/\/www.fagforbundet468.com\/portal\/2019\/12\/20\/juridisk-radgiving-for-lo-medlemmer\/","title":{"rendered":"Juridisk r\u00e5dgiving for LO medlemmer"},"content":{"rendered":"\n<p>LO i Nord Rogaland har inng\u00e5tt en avtale med Borgen Advokatar. <br \/><br \/>Denne fordelen gir deg som medlem gratis rettshjelp inntil 60 minutter p\u00e5 m\u00f8te over telefon eller epost uten vederlag. For den neste timen f\u00e5r du en timepris lik den offentlige sal\u00e6rsats i henhold til lov om fri rettshjelp.<br \/><br \/>Borgen Advokatar har lang erfaring med juridisk bistand til privatklienter innenfor skilsmisse, barnefordeling, arve- og skifterett, testamenter og uskifte, kj\u00f8p og salg av fast eiendom, naborett, jordskifte, forvaltningsrett og fast eiendom (eks. Veirett, naustrett) osv. <br \/><br \/>Juridisk r\u00e5dgivning gjelder kun privatrettslige forhold. Saker som omhandler arbeidsforhold behandles av din lokale fagforening. <br \/><br \/>Ta gjerne kontakt med advokat H\u00e5kon Velde Nordstr\u00f8m for sp\u00f8rsm\u00e5l om juridisk r\u00e5dgivning. <br \/><br \/><strong>Epost:<\/strong> hakon.nordstrom@borgen.no <br \/><strong>Telefon:<\/strong> 480 12 128 <br \/><strong>Kontor:<\/strong> Haraldsgata 75, Haugesund <br \/><strong>Nettside<\/strong>: borgen.no<\/p>\n","protected":false},"excerpt":{"rendered":"<p>LO i Nord Rogaland har inng\u00e5tt en avtale med Borgen Advokatar. Denne fordelen gir deg som medlem gratis rettshjelp inntil 60 minutter p\u00e5 m\u00f8te over&#8230;<\/p>\n","protected":false},"author":2,"featured_media":0,"comment_status":"closed","ping_status":"closed","sticky":false,"template":"","format":"standard","meta":{"jetpack_post_was_ever_published":false,"_jetpack_newsletter_access":"","_jetpack_dont_email_post_to_subs":false,"_jetpack_newsletter_tier_id":0,"_jetpack_memberships_contains_paywalled_content":false,"_jetpack_memberships_contains_paid_content":false,"footnotes":"","jetpack_publicize_message":"","jetpack_publicize_feature_enabled":true,"jetpack_social_post_already_shared":true,"jetpack_social_options":{"image_generator_settings":{"template":"highway","default_image_id":0,"font":"","enabled":false},"version":2}},"categories":[1],"tags":[208,209,72,29,207],"class_list":["post-767","post","type-post","status-publish","format-standard","hentry","category-nyheter","tag-borgen","tag-juridisk-radgiving","tag-lo","tag-medlemmer","tag-rettshjelp"],"jetpack_publicize_connections":[],"jetpack_featured_media_url":"","jetpack_sharing_enabled":true,"jetpack_shortlink":"https:\/\/wp.me\/p173ho-cn","jetpack-related-posts":[{"id":553,"url":"https:\/\/www.fagforbundet468.com\/portal\/2018\/09\/14\/kurs-i-omsorgsteknologi\/","url_meta":{"origin":767,"position":0},"title":"Kurs i Omsorgsteknologi","author":"Idar \u00c5dnesen","date":"14. september 2018","format":false,"excerpt":"Det \u00e5 bruke teknologi inn i omsorgstjenestene er ikke nytt (tenk p\u00e5 trygghetsalarmer), men det er likevel en stadig st\u00f8rre del av samtalen rundt omsorgstjenestene. For mange ansatte i omsorgstjenestene blir bruk av teknologi en stadig st\u00f8rre del av hverdagen. Men hvordan er det med de juridiske rammene og samhandling\u2026","rel":"","context":"i &quot;Nyheter&quot;","block_context":{"text":"Nyheter","link":"https:\/\/www.fagforbundet468.com\/portal\/category\/nyheter\/"},"img":{"alt_text":"","src":"https:\/\/i0.wp.com\/www.fagforbundet468.com\/portal\/wp-content\/uploads\/leilighet_7.jpg?fit=800%2C600&ssl=1&resize=350%2C200","width":350,"height":200,"srcset":"https:\/\/i0.wp.com\/www.fagforbundet468.com\/portal\/wp-content\/uploads\/leilighet_7.jpg?fit=800%2C600&ssl=1&resize=350%2C200 1x, https:\/\/i0.wp.com\/www.fagforbundet468.com\/portal\/wp-content\/uploads\/leilighet_7.jpg?fit=800%2C600&ssl=1&resize=525%2C300 1.5x, https:\/\/i0.wp.com\/www.fagforbundet468.com\/portal\/wp-content\/uploads\/leilighet_7.jpg?fit=800%2C600&ssl=1&resize=700%2C400 2x"},"classes":[]},{"id":376,"url":"https:\/\/www.fagforbundet468.com\/portal\/2017\/03\/22\/rigmor-galtung-fullt-lys-og-stummende-morke\/","url_meta":{"origin":767,"position":1},"title":"Rigmor Galtung &#8211; fullt lys og stummende m\u00f8rke","author":"Idar \u00c5dnesen","date":"22. mars 2017","format":false,"excerpt":"Fagforbundet Avd. 468 inviterer medlemmer og ikke medlemmer til foredrag med Rigmor Galtung. Dette er\u00a0et foredrag om et liv - p\u00e5 godt og vondt. Med sin levende fortellerform har Rigmor en egen evne til \u00e5 engasjere lytterne. I utgangspunktet var Rigmor en framgangsrik komiker med mange baller i luften og\u2026","rel":"","context":"i &quot;Nyheter&quot;","block_context":{"text":"Nyheter","link":"https:\/\/www.fagforbundet468.com\/portal\/category\/nyheter\/"},"img":{"alt_text":"","src":"https:\/\/i0.wp.com\/www.fagforbundet468.com\/portal\/wp-content\/uploads\/rigmorgaltung.jpg?fit=1190%2C1200&ssl=1&resize=350%2C200","width":350,"height":200,"srcset":"https:\/\/i0.wp.com\/www.fagforbundet468.com\/portal\/wp-content\/uploads\/rigmorgaltung.jpg?fit=1190%2C1200&ssl=1&resize=350%2C200 1x, https:\/\/i0.wp.com\/www.fagforbundet468.com\/portal\/wp-content\/uploads\/rigmorgaltung.jpg?fit=1190%2C1200&ssl=1&resize=525%2C300 1.5x, https:\/\/i0.wp.com\/www.fagforbundet468.com\/portal\/wp-content\/uploads\/rigmorgaltung.jpg?fit=1190%2C1200&ssl=1&resize=700%2C400 2x, https:\/\/i0.wp.com\/www.fagforbundet468.com\/portal\/wp-content\/uploads\/rigmorgaltung.jpg?fit=1190%2C1200&ssl=1&resize=1050%2C600 3x"},"classes":[]},{"id":978,"url":"https:\/\/www.fagforbundet468.com\/portal\/2022\/03\/09\/arets-pensjonist-ufore-tur-for-medlemmer\/","url_meta":{"origin":767,"position":2},"title":"\u00c5rets pensjonist\/uf\u00f8re tur for medlemmer","author":"Idar \u00c5dnesen","date":"9. mars 2022","format":false,"excerpt":"Dette \u00e5ret g\u00e5r turen til \u00c5krafjorden, Eikemo og Eljarvik gard som for noen er kjent fra tv serien \"der en skulle tru at ingen kunne bu\". Tid: Onsdag 08.06.22 med avreise kl. 0900 fra Haugesund P\u00e5melding: Bindende p\u00e5melding innen 12.05.22 til Marie R\u00f8kke, mobil 932 10\u00a0768 eller Gunvor Saltvedt, mobil\u2026","rel":"","context":"i &quot;Nyheter&quot;","block_context":{"text":"Nyheter","link":"https:\/\/www.fagforbundet468.com\/portal\/category\/nyheter\/"},"img":{"alt_text":"Bilde hentet fra \u00c5krafjorden Oppleving","src":"https:\/\/i0.wp.com\/www.fagforbundet468.com\/portal\/wp-content\/uploads\/pensjonisttur_2022.jpg?fit=959%2C640&ssl=1&resize=350%2C200","width":350,"height":200,"srcset":"https:\/\/i0.wp.com\/www.fagforbundet468.com\/portal\/wp-content\/uploads\/pensjonisttur_2022.jpg?fit=959%2C640&ssl=1&resize=350%2C200 1x, https:\/\/i0.wp.com\/www.fagforbundet468.com\/portal\/wp-content\/uploads\/pensjonisttur_2022.jpg?fit=959%2C640&ssl=1&resize=525%2C300 1.5x, https:\/\/i0.wp.com\/www.fagforbundet468.com\/portal\/wp-content\/uploads\/pensjonisttur_2022.jpg?fit=959%2C640&ssl=1&resize=700%2C400 2x"},"classes":[]},{"id":315,"url":"https:\/\/www.fagforbundet468.com\/portal\/2016\/10\/07\/temakveld-med-john-petter-fagerhaug\/","url_meta":{"origin":767,"position":3},"title":"Temakveld med John Petter Fagerhaug","author":"Idar \u00c5dnesen","date":"7. oktober 2016","format":false,"excerpt":"Seksjon helse og sosial i region 4 (foreningene i Tysv\u00e6r, Bokn, Karm\u00f8y, Vindafjord, Haugesund, Utsira, Haugesund Sykehus og HSR) inviterer til temakveld med John Petter Fagerhaug. Fagerhaug er Psykolog, konsulent og foredragsholder som er k\u00e5ret til \u00e5rets motivator i 2007 og \u00e5rets hederspris i 2011 som foredragsholder av Confex Norge.\u2026","rel":"","context":"i &quot;Nyheter&quot;","block_context":{"text":"Nyheter","link":"https:\/\/www.fagforbundet468.com\/portal\/category\/nyheter\/"},"img":{"alt_text":"","src":"https:\/\/i0.wp.com\/www.fagforbundet468.com\/portal\/wp-content\/uploads\/fagerhaug3.png?fit=1139%2C450&ssl=1&resize=350%2C200","width":350,"height":200,"srcset":"https:\/\/i0.wp.com\/www.fagforbundet468.com\/portal\/wp-content\/uploads\/fagerhaug3.png?fit=1139%2C450&ssl=1&resize=350%2C200 1x, https:\/\/i0.wp.com\/www.fagforbundet468.com\/portal\/wp-content\/uploads\/fagerhaug3.png?fit=1139%2C450&ssl=1&resize=525%2C300 1.5x, https:\/\/i0.wp.com\/www.fagforbundet468.com\/portal\/wp-content\/uploads\/fagerhaug3.png?fit=1139%2C450&ssl=1&resize=700%2C400 2x, https:\/\/i0.wp.com\/www.fagforbundet468.com\/portal\/wp-content\/uploads\/fagerhaug3.png?fit=1139%2C450&ssl=1&resize=1050%2C600 3x"},"classes":[]},{"id":647,"url":"https:\/\/www.fagforbundet468.com\/portal\/2019\/02\/25\/olsmaking\/","url_meta":{"origin":767,"position":4},"title":"Foredrag med Bj\u00f8rn Dybdahl","author":"Idar \u00c5dnesen","date":"25. februar 2019","format":false,"excerpt":"Velkommen til foredrag og Bj\u00f8rn Dybdahl fortelle storyen og litt om \u00f8l.Etterp\u00e5 blir det muligheter for omvisning og sp\u00f8rsm\u00e5l, det er ogs\u00e5 mulig \u00e5 kj\u00f8pe \u00f8l som hver enkelt m\u00e5 dekke selv og blir ikke dekket av Fagforbundet.Tid: Torsdag 11. april kl. 1900Sted: H\u00f8vleriet (Smedasundet 66)Gratis for medlemmer av Fagforbundet\u2026","rel":"","context":"i &quot;Nyheter&quot;","block_context":{"text":"Nyheter","link":"https:\/\/www.fagforbundet468.com\/portal\/category\/nyheter\/"},"img":{"alt_text":"","src":"https:\/\/i0.wp.com\/www.fagforbundet468.com\/portal\/wp-content\/uploads\/garasjebryggeriet.jpg?fit=1200%2C688&ssl=1&resize=350%2C200","width":350,"height":200,"srcset":"https:\/\/i0.wp.com\/www.fagforbundet468.com\/portal\/wp-content\/uploads\/garasjebryggeriet.jpg?fit=1200%2C688&ssl=1&resize=350%2C200 1x, https:\/\/i0.wp.com\/www.fagforbundet468.com\/portal\/wp-content\/uploads\/garasjebryggeriet.jpg?fit=1200%2C688&ssl=1&resize=525%2C300 1.5x, https:\/\/i0.wp.com\/www.fagforbundet468.com\/portal\/wp-content\/uploads\/garasjebryggeriet.jpg?fit=1200%2C688&ssl=1&resize=700%2C400 2x, https:\/\/i0.wp.com\/www.fagforbundet468.com\/portal\/wp-content\/uploads\/garasjebryggeriet.jpg?fit=1200%2C688&ssl=1&resize=1050%2C600 3x"},"classes":[]},{"id":429,"url":"https:\/\/www.fagforbundet468.com\/portal\/2017\/10\/09\/fagforbundet-onsker-velkommen-til-foredrag-med-vibekke-berge\/","url_meta":{"origin":767,"position":5},"title":"Fagforbundet \u00f8nsker velkommen til foredrag med Vibekke Berge","author":"Idar \u00c5dnesen","date":"9. oktober 2017","format":false,"excerpt":"Vibekke Berge fikk hjerneslag i 2012. Da var hun 31 \u00e5r gammel, sm\u00e5barns mamma og vernepleier. Hovedm\u00e5let hennes med foredraget \u00abN\u00e5r ingen ser det\u00bb er \u00e5 skape st\u00f8rre forst\u00e5else og innsikt i hvordan det er \u00e5 leve med usynlige skader etter hjerneslag. Dette er ogs\u00e5 en historie om \u00e5 takle\u2026","rel":"","context":"i &quot;Nyheter&quot;","block_context":{"text":"Nyheter","link":"https:\/\/www.fagforbundet468.com\/portal\/category\/nyheter\/"},"img":{"alt_text":"","src":"https:\/\/i0.wp.com\/www.fagforbundet468.com\/portal\/wp-content\/uploads\/berge.png?fit=750%2C450&ssl=1&resize=350%2C200","width":350,"height":200,"srcset":"https:\/\/i0.wp.com\/www.fagforbundet468.com\/portal\/wp-content\/uploads\/berge.png?fit=750%2C450&ssl=1&resize=350%2C200 1x, https:\/\/i0.wp.com\/www.fagforbundet468.com\/portal\/wp-content\/uploads\/berge.png?fit=750%2C450&ssl=1&resize=525%2C300 1.5x, https:\/\/i0.wp.com\/www.fagforbundet468.com\/portal\/wp-content\/uploads\/berge.png?fit=750%2C450&ssl=1&resize=700%2C400 2x"},"classes":[]}],"_links":{"self":[{"href":"https:\/\/www.fagforbundet468.com\/portal\/wp-json\/wp\/v2\/posts\/767","targetHints":{"allow":["GET"]}}],"collection":[{"href":"https:\/\/www.fagforbundet468.com\/portal\/wp-json\/wp\/v2\/posts"}],"about":[{"href":"https:\/\/www.fagforbundet468.com\/portal\/wp-json\/wp\/v2\/types\/post"}],"author":[{"embeddable":true,"href":"https:\/\/www.fagforbundet468.com\/portal\/wp-json\/wp\/v2\/users\/2"}],"replies":[{"embeddable":true,"href":"https:\/\/www.fagforbundet468.com\/portal\/wp-json\/wp\/v2\/comments?post=767"}],"version-history":[{"count":1,"href":"https:\/\/www.fagforbundet468.com\/portal\/wp-json\/wp\/v2\/posts\/767\/revisions"}],"predecessor-version":[{"id":769,"href":"https:\/\/www.fagforbundet468.com\/portal\/wp-json\/wp\/v2\/posts\/767\/revisions\/769"}],"wp:attachment":[{"href":"https:\/\/www.fagforbundet468.com\/portal\/wp-json\/wp\/v2\/media?parent=767"}],"wp:term":[{"taxonomy":"category","embeddable":true,"href":"https:\/\/www.fagforbundet468.com\/portal\/wp-json\/wp\/v2\/categories?post=767"},{"taxonomy":"post_tag","embeddable":true,"href":"https:\/\/www.fagforbundet468.com\/portal\/wp-json\/wp\/v2\/tags?post=767"}],"curies":[{"name":"wp","href":"https:\/\/api.w.org\/{rel}","templated":true}]}}