{"id":753,"date":"2019-11-04T22:46:10","date_gmt":"2019-11-04T21:46:10","guid":{"rendered":"http:\/\/www.fagforbundet468.com\/portal\/?p=753"},"modified":"2019-11-04T22:46:18","modified_gmt":"2019-11-04T21:46:18","slug":"velkommen-til-julemote-2019","status":"publish","type":"post","link":"https:\/\/www.fagforbundet468.com\/portal\/2019\/11\/04\/velkommen-til-julemote-2019\/","title":{"rendered":"Velkommen til Julem\u00f8te 2019"},"content":{"rendered":"\n<p>Som medlem i Fagforbundet 468 er du hjertelig velkommen til Julem\u00f8te 2019<br \/><br \/><strong>Tid:<\/strong> Torsdag 05.12.19 kl. 1800<br \/><strong>Sted:<\/strong> Haugesund M\u00e5l- og Ungdomslag (Kvalatun, Kvalamarka 25, 5514 Hgsd<br \/><strong>Mat:<\/strong> Koldtbord fra Br\u00f8drene Lundal AS<br \/><strong>Pris:<\/strong> 200,- \/ Vi bruker Vipps<br \/><br \/>Underholdning med Haugesund Shantykor og Markering av v\u00e5re 25- og 40 \u00e5rs jubilanter.<br \/><br \/>Vi skal ha basar, \u00e5reslag (kr. 20 pr. lodd) der inntektene g\u00e5r til Fagforbundets barneby i Angola.<br \/><br \/><strong>Bindende p\u00e5melding innen fredag 29. november til:<\/strong><br \/>Linda Gjeldsten Tlf: 916 13 551 | linda.gjelsten@helse-fonna.no<br \/>Laura Lill Haavik Tlf: 907 01 821 | laura.lill.haavik@helse-fonna.no<br \/><\/p>\n","protected":false},"excerpt":{"rendered":"<p>Som medlem i Fagforbundet 468 er du hjertelig velkommen til Julem\u00f8te 2019Tid: Torsdag 05.12.19 kl. 1800Sted: Haugesund M\u00e5l- og Ungdomslag (Kvalatun, Kvalamarka 25, 5514 HgsdMat:&#8230;<\/p>\n","protected":false},"author":2,"featured_media":220,"comment_status":"open","ping_status":"open","sticky":false,"template":"","format":"standard","meta":{"jetpack_post_was_ever_published":false,"_jetpack_newsletter_access":"","_jetpack_dont_email_post_to_subs":false,"_jetpack_newsletter_tier_id":0,"_jetpack_memberships_contains_paywalled_content":false,"_jetpack_memberships_contains_paid_content":false,"footnotes":"","jetpack_publicize_message":"","jetpack_publicize_feature_enabled":true,"jetpack_social_post_already_shared":true,"jetpack_social_options":{"image_generator_settings":{"template":"highway","default_image_id":0,"font":"","enabled":false},"version":2}},"categories":[1],"tags":[144,206,37,83,31,142,81],"class_list":["post-753","post","type-post","status-publish","format-standard","has-post-thumbnail","hentry","category-nyheter","tag-basar","tag-haugesund-shantykor","tag-jul","tag-julekos","tag-julemote","tag-koldtbord","tag-kvalatun"],"jetpack_publicize_connections":[],"jetpack_featured_media_url":"https:\/\/i0.wp.com\/www.fagforbundet468.com\/portal\/wp-content\/uploads\/julem%C3%B8te_4_2015.jpg?fit=900%2C675&ssl=1","jetpack_sharing_enabled":true,"jetpack_shortlink":"https:\/\/wp.me\/p173ho-c9","jetpack-related-posts":[{"id":321,"url":"https:\/\/www.fagforbundet468.com\/portal\/2016\/11\/02\/velkommen-til-arets-julemote\/","url_meta":{"origin":753,"position":0},"title":"Velkommen til \u00e5rets Julem\u00f8te","author":"Idar \u00c5dnesen","date":"2. november 2016","format":false,"excerpt":"Som medlem i Fagforbundet er du hjertelig velkommen til en kveld med f\u00f8rjulskos der vi skal spise god mat og hygge oss sammen. Tid: Torsdag 01.12.16 kl. 1800 Sted: Haugesund M\u00e5l- og Ungdomslag, Kvalatun Mat: Koldtbord fra Br\u00f8drene Lundal AS Underholdning med Embla jentene Der blir markering av v\u00e5re 25\u2026","rel":"","context":"i &quot;Nyheter&quot;","block_context":{"text":"Nyheter","link":"https:\/\/www.fagforbundet468.com\/portal\/category\/nyheter\/"},"img":{"alt_text":"","src":"https:\/\/i0.wp.com\/www.fagforbundet468.com\/portal\/wp-content\/uploads\/julem%C3%B8te_4_2015.jpg?fit=900%2C675&ssl=1&resize=350%2C200","width":350,"height":200,"srcset":"https:\/\/i0.wp.com\/www.fagforbundet468.com\/portal\/wp-content\/uploads\/julem%C3%B8te_4_2015.jpg?fit=900%2C675&ssl=1&resize=350%2C200 1x, https:\/\/i0.wp.com\/www.fagforbundet468.com\/portal\/wp-content\/uploads\/julem%C3%B8te_4_2015.jpg?fit=900%2C675&ssl=1&resize=525%2C300 1.5x, https:\/\/i0.wp.com\/www.fagforbundet468.com\/portal\/wp-content\/uploads\/julem%C3%B8te_4_2015.jpg?fit=900%2C675&ssl=1&resize=700%2C400 2x"},"classes":[]},{"id":577,"url":"https:\/\/www.fagforbundet468.com\/portal\/2018\/11\/09\/arets-julemote\/","url_meta":{"origin":753,"position":1},"title":"\u00c5rets Julem\u00f8te","author":"Idar \u00c5dnesen","date":"9. november 2018","format":false,"excerpt":"Som medlem i Fagforbundet avd. 468 er du hjertelig velkommen til en kveld med f\u00f8rjulskos, der vi skal spise god mat og hygge oss sammen. Tid: Torsdag 06.12.18 kl. 1800 Sted: Haugesund M\u00e5l- og Ungdomslag, Kvalatun Mat: Koldtbord fra Br\u00f8drene Lundal AS Underholdning meg Christina Bjordal Markering av v\u00e5re 25-\u2026","rel":"","context":"i &quot;Nyheter&quot;","block_context":{"text":"Nyheter","link":"https:\/\/www.fagforbundet468.com\/portal\/category\/nyheter\/"},"img":{"alt_text":"","src":"https:\/\/i0.wp.com\/www.fagforbundet468.com\/portal\/wp-content\/uploads\/God-jul.jpg?fit=1020%2C566&ssl=1&resize=350%2C200","width":350,"height":200,"srcset":"https:\/\/i0.wp.com\/www.fagforbundet468.com\/portal\/wp-content\/uploads\/God-jul.jpg?fit=1020%2C566&ssl=1&resize=350%2C200 1x, https:\/\/i0.wp.com\/www.fagforbundet468.com\/portal\/wp-content\/uploads\/God-jul.jpg?fit=1020%2C566&ssl=1&resize=525%2C300 1.5x, https:\/\/i0.wp.com\/www.fagforbundet468.com\/portal\/wp-content\/uploads\/God-jul.jpg?fit=1020%2C566&ssl=1&resize=700%2C400 2x"},"classes":[]},{"id":181,"url":"https:\/\/www.fagforbundet468.com\/portal\/2015\/11\/09\/181\/","url_meta":{"origin":753,"position":2},"title":"Fagforbundet 468 Julem\u00f8te","author":"Admin","date":"9. november 2015","format":false,"excerpt":"Som medlem i Fagforbundet avd. 468 er du hjertelig velkommen til en kveld med f\u00f8rjulskos, der vi skal spise god mat og hygge oss sammen. Tid: \u00a0Torsdag 03.12.15 klokken 1800 Sted:\u00a0Haugesund M\u00e5l-og ungdomslag, Kvalatun, Kvalamarka 25 Mat:\u00a0Koldtbord fra Br.Lundal Underholdning blir ved\u00a0Haugesund Shantykor Markering av 25 og 40 \u00e5rs jubilanter.\u2026","rel":"","context":"i &quot;Nyheter&quot;","block_context":{"text":"Nyheter","link":"https:\/\/www.fagforbundet468.com\/portal\/category\/nyheter\/"},"img":{"alt_text":"","src":"https:\/\/i0.wp.com\/www.fagforbundet468.com\/portal\/wp-content\/uploads\/jul.jpg?fit=1200%2C900&ssl=1&resize=350%2C200","width":350,"height":200,"srcset":"https:\/\/i0.wp.com\/www.fagforbundet468.com\/portal\/wp-content\/uploads\/jul.jpg?fit=1200%2C900&ssl=1&resize=350%2C200 1x, https:\/\/i0.wp.com\/www.fagforbundet468.com\/portal\/wp-content\/uploads\/jul.jpg?fit=1200%2C900&ssl=1&resize=525%2C300 1.5x, https:\/\/i0.wp.com\/www.fagforbundet468.com\/portal\/wp-content\/uploads\/jul.jpg?fit=1200%2C900&ssl=1&resize=700%2C400 2x, https:\/\/i0.wp.com\/www.fagforbundet468.com\/portal\/wp-content\/uploads\/jul.jpg?fit=1200%2C900&ssl=1&resize=1050%2C600 3x"},"classes":[]},{"id":438,"url":"https:\/\/www.fagforbundet468.com\/portal\/2017\/10\/30\/arets-julemote-2017\/","url_meta":{"origin":753,"position":3},"title":"\u00c5rets Julem\u00f8te 2017","author":"Idar \u00c5dnesen","date":"30. oktober 2017","format":false,"excerpt":"Som medlem av Fagforbundet Avd. 468 er du hjertelig velkommer til en kveld med f\u00f8rjulskos, der vi skal spise god mat og hygge oss sammen. Tid: Torsdag 07.12.17 kl. 1800 Sted: Haugesund M\u00e5l- og Ungdomslag, Kvalatun (Kvalamarka 25, 5514 Haugesund) Mat: Koldtbord fra Br\u00f8drene Lundal AS Det blir underholdning med\u2026","rel":"","context":"i &quot;Nyheter&quot;","block_context":{"text":"Nyheter","link":"https:\/\/www.fagforbundet468.com\/portal\/category\/nyheter\/"},"img":{"alt_text":"","src":"https:\/\/i0.wp.com\/www.fagforbundet468.com\/portal\/wp-content\/uploads\/julem%C3%B8te_4_2015.jpg?fit=900%2C675&ssl=1&resize=350%2C200","width":350,"height":200,"srcset":"https:\/\/i0.wp.com\/www.fagforbundet468.com\/portal\/wp-content\/uploads\/julem%C3%B8te_4_2015.jpg?fit=900%2C675&ssl=1&resize=350%2C200 1x, https:\/\/i0.wp.com\/www.fagforbundet468.com\/portal\/wp-content\/uploads\/julem%C3%B8te_4_2015.jpg?fit=900%2C675&ssl=1&resize=525%2C300 1.5x, https:\/\/i0.wp.com\/www.fagforbundet468.com\/portal\/wp-content\/uploads\/julem%C3%B8te_4_2015.jpg?fit=900%2C675&ssl=1&resize=700%2C400 2x"},"classes":[]},{"id":212,"url":"https:\/\/www.fagforbundet468.com\/portal\/2015\/12\/10\/vellykket-julemote\/","url_meta":{"origin":753,"position":4},"title":"Vellykket Julem\u00f8te","author":"Idar \u00c5dnesen","date":"10. desember 2015","format":false,"excerpt":"Fagforbundet Avd. 468 arrangerte torsdag 03.12.15 sitt \u00e5rlige julem\u00f8te der vi koste oss med koldtbord fra Br\u00f8drene Lundal, underholdning av Hagesund Shanty, markering av jubilanter og loddsalg. Under loddsalget der overskuddet g\u00e5r til Fagforbundet sin barneby kom der inn 8000,- Ca 70 medlemmer hadde tatt turen. \u00a0","rel":"","context":"i &quot;Nyheter&quot;","block_context":{"text":"Nyheter","link":"https:\/\/www.fagforbundet468.com\/portal\/category\/nyheter\/"},"img":{"alt_text":"","src":"https:\/\/i0.wp.com\/www.fagforbundet468.com\/portal\/wp-content\/uploads\/julem%C3%B8te_4_2015.jpg?fit=900%2C675&ssl=1&resize=350%2C200","width":350,"height":200,"srcset":"https:\/\/i0.wp.com\/www.fagforbundet468.com\/portal\/wp-content\/uploads\/julem%C3%B8te_4_2015.jpg?fit=900%2C675&ssl=1&resize=350%2C200 1x, https:\/\/i0.wp.com\/www.fagforbundet468.com\/portal\/wp-content\/uploads\/julem%C3%B8te_4_2015.jpg?fit=900%2C675&ssl=1&resize=525%2C300 1.5x, https:\/\/i0.wp.com\/www.fagforbundet468.com\/portal\/wp-content\/uploads\/julem%C3%B8te_4_2015.jpg?fit=900%2C675&ssl=1&resize=700%2C400 2x"},"classes":[]},{"id":543,"url":"https:\/\/www.fagforbundet468.com\/portal\/2018\/08\/31\/velkommen-til-foredrag-med-helsesista\/","url_meta":{"origin":753,"position":5},"title":"Velkommen til foredrag med &laquo;Helsesista&raquo;","author":"Idar \u00c5dnesen","date":"31. august 2018","format":false,"excerpt":"Helses\u00f8steren Tale Maria Krohn Engvik, bedre kjent som \u00abHelsesista\u00bb, holder foredrag om digital kommunikasjon og psykisk helse. P\u00e5 sosiale medier snakker hun med barn, unge og unge voksne om vanskelige og tabubelagte temaer som seksualitet, identitet, kropp og helse. Hennes m\u00e5l er \u00e5 gj\u00f8re viktig informasjon synlig, og styrke barn\u2026","rel":"","context":"i &quot;Nyheter&quot;","block_context":{"text":"Nyheter","link":"https:\/\/www.fagforbundet468.com\/portal\/category\/nyheter\/"},"img":{"alt_text":"","src":"https:\/\/i0.wp.com\/www.fagforbundet468.com\/portal\/wp-content\/uploads\/helsesista_bilde.png?fit=796%2C725&ssl=1&resize=350%2C200","width":350,"height":200,"srcset":"https:\/\/i0.wp.com\/www.fagforbundet468.com\/portal\/wp-content\/uploads\/helsesista_bilde.png?fit=796%2C725&ssl=1&resize=350%2C200 1x, https:\/\/i0.wp.com\/www.fagforbundet468.com\/portal\/wp-content\/uploads\/helsesista_bilde.png?fit=796%2C725&ssl=1&resize=525%2C300 1.5x, https:\/\/i0.wp.com\/www.fagforbundet468.com\/portal\/wp-content\/uploads\/helsesista_bilde.png?fit=796%2C725&ssl=1&resize=700%2C400 2x"},"classes":[]}],"_links":{"self":[{"href":"https:\/\/www.fagforbundet468.com\/portal\/wp-json\/wp\/v2\/posts\/753","targetHints":{"allow":["GET"]}}],"collection":[{"href":"https:\/\/www.fagforbundet468.com\/portal\/wp-json\/wp\/v2\/posts"}],"about":[{"href":"https:\/\/www.fagforbundet468.com\/portal\/wp-json\/wp\/v2\/types\/post"}],"author":[{"embeddable":true,"href":"https:\/\/www.fagforbundet468.com\/portal\/wp-json\/wp\/v2\/users\/2"}],"replies":[{"embeddable":true,"href":"https:\/\/www.fagforbundet468.com\/portal\/wp-json\/wp\/v2\/comments?post=753"}],"version-history":[{"count":1,"href":"https:\/\/www.fagforbundet468.com\/portal\/wp-json\/wp\/v2\/posts\/753\/revisions"}],"predecessor-version":[{"id":754,"href":"https:\/\/www.fagforbundet468.com\/portal\/wp-json\/wp\/v2\/posts\/753\/revisions\/754"}],"wp:featuredmedia":[{"embeddable":true,"href":"https:\/\/www.fagforbundet468.com\/portal\/wp-json\/wp\/v2\/media\/220"}],"wp:attachment":[{"href":"https:\/\/www.fagforbundet468.com\/portal\/wp-json\/wp\/v2\/media?parent=753"}],"wp:term":[{"taxonomy":"category","embeddable":true,"href":"https:\/\/www.fagforbundet468.com\/portal\/wp-json\/wp\/v2\/categories?post=753"},{"taxonomy":"post_tag","embeddable":true,"href":"https:\/\/www.fagforbundet468.com\/portal\/wp-json\/wp\/v2\/tags?post=753"}],"curies":[{"name":"wp","href":"https:\/\/api.w.org\/{rel}","templated":true}]}}