{"id":601,"date":"2018-12-13T22:19:58","date_gmt":"2018-12-13T21:19:58","guid":{"rendered":"http:\/\/www.fagforbundet468.com\/portal\/?p=601"},"modified":"2018-12-13T22:21:05","modified_gmt":"2018-12-13T21:21:05","slug":"601","status":"publish","type":"post","link":"https:\/\/www.fagforbundet468.com\/portal\/2018\/12\/13\/601\/","title":{"rendered":"&laquo;Regn med oss&raquo;"},"content":{"rendered":"","protected":false},"excerpt":{"rendered":"","protected":false},"author":2,"featured_media":602,"comment_status":"closed","ping_status":"closed","sticky":false,"template":"","format":"standard","meta":{"jetpack_post_was_ever_published":false,"_jetpack_newsletter_access":"","_jetpack_dont_email_post_to_subs":false,"_jetpack_newsletter_tier_id":0,"_jetpack_memberships_contains_paywalled_content":false,"_jetpack_memberships_contains_paid_content":false,"footnotes":"","jetpack_publicize_message":"","jetpack_publicize_feature_enabled":true,"jetpack_social_post_already_shared":true,"jetpack_social_options":{"image_generator_settings":{"template":"highway","default_image_id":0,"font":"","enabled":false},"version":2}},"categories":[1],"tags":[],"class_list":["post-601","post","type-post","status-publish","format-standard","has-post-thumbnail","hentry","category-nyheter"],"jetpack_publicize_connections":[],"jetpack_featured_media_url":"https:\/\/i0.wp.com\/www.fagforbundet468.com\/portal\/wp-content\/uploads\/regn-med-oss.jpg?fit=5148%2C2908&ssl=1","jetpack_sharing_enabled":true,"jetpack_shortlink":"https:\/\/wp.me\/s173ho-601","jetpack-related-posts":[{"id":731,"url":"https:\/\/www.fagforbundet468.com\/portal\/2019\/10\/19\/bli-med-oss-pa-medlemstur-til-ikea\/","url_meta":{"origin":601,"position":0},"title":"Bli med oss p\u00e5 medlemstur til IKEA &#8211; AVLYST","author":"Idar \u00c5dnesen","date":"19. oktober 2019","format":false,"excerpt":"Det er med tungt hjerte at vi m\u00e5 avlyse IKEA turen v\u00e5r i \u00e5r. Vi har forberedt oss godt, men beslutningen er tatt fordi det rett og slett ble for f\u00e5 p\u00e5meldte.","rel":"","context":"i &quot;Nyheter&quot;","block_context":{"text":"Nyheter","link":"https:\/\/www.fagforbundet468.com\/portal\/category\/nyheter\/"},"img":{"alt_text":"","src":"https:\/\/i0.wp.com\/www.fagforbundet468.com\/portal\/wp-content\/uploads\/IKEA.jpg?fit=685%2C424&ssl=1&resize=350%2C200","width":350,"height":200,"srcset":"https:\/\/i0.wp.com\/www.fagforbundet468.com\/portal\/wp-content\/uploads\/IKEA.jpg?fit=685%2C424&ssl=1&resize=350%2C200 1x, https:\/\/i0.wp.com\/www.fagforbundet468.com\/portal\/wp-content\/uploads\/IKEA.jpg?fit=685%2C424&ssl=1&resize=525%2C300 1.5x"},"classes":[]},{"id":557,"url":"https:\/\/www.fagforbundet468.com\/portal\/2018\/09\/21\/ambulansepersonelldagen-gratulera-med-dagen\/","url_meta":{"origin":601,"position":1},"title":"Ambulansepersonelldagen &#8211; Gratulera med dagen!","author":"Idar \u00c5dnesen","date":"21. september 2018","format":false,"excerpt":"Mange av oss har mye \u00e5 takke de akuttmedisinske tjenestene for. Dere har h\u00f8y kompetanse og er en der av sykehusenes kjernevirksomhet. Takk for at dere er der n\u00e5r vi trenger hjelp!","rel":"","context":"i &quot;Nyheter&quot;","block_context":{"text":"Nyheter","link":"https:\/\/www.fagforbundet468.com\/portal\/category\/nyheter\/"},"img":{"alt_text":"","src":"https:\/\/i0.wp.com\/www.fagforbundet468.com\/portal\/wp-content\/uploads\/Ambulansepersonelldagen_nettside.png?fit=1182%2C676&ssl=1&resize=350%2C200","width":350,"height":200,"srcset":"https:\/\/i0.wp.com\/www.fagforbundet468.com\/portal\/wp-content\/uploads\/Ambulansepersonelldagen_nettside.png?fit=1182%2C676&ssl=1&resize=350%2C200 1x, https:\/\/i0.wp.com\/www.fagforbundet468.com\/portal\/wp-content\/uploads\/Ambulansepersonelldagen_nettside.png?fit=1182%2C676&ssl=1&resize=525%2C300 1.5x, https:\/\/i0.wp.com\/www.fagforbundet468.com\/portal\/wp-content\/uploads\/Ambulansepersonelldagen_nettside.png?fit=1182%2C676&ssl=1&resize=700%2C400 2x, https:\/\/i0.wp.com\/www.fagforbundet468.com\/portal\/wp-content\/uploads\/Ambulansepersonelldagen_nettside.png?fit=1182%2C676&ssl=1&resize=1050%2C600 3x"},"classes":[]},{"id":419,"url":"https:\/\/www.fagforbundet468.com\/portal\/2017\/09\/21\/gratulerer-med-dagen\/","url_meta":{"origin":601,"position":2},"title":"Gratulerer med dagen!","author":"Idar \u00c5dnesen","date":"21. september 2017","format":false,"excerpt":"21 September er Ambulansepersonelldagen. Mange av oss har mye og takke de akutt-medisinske tjenestene for. Dere har h\u00f8y kompetanse og er en del av sykehusenes kjernevirksomhet. Takk for at dere er der n\u00e5r vi trenger hjelp","rel":"","context":"i &quot;Nyheter&quot;","block_context":{"text":"Nyheter","link":"https:\/\/www.fagforbundet468.com\/portal\/category\/nyheter\/"},"img":{"alt_text":"","src":"https:\/\/i0.wp.com\/www.fagforbundet468.com\/portal\/wp-content\/uploads\/Ambulanse.png?fit=740%2C516&ssl=1&resize=350%2C200","width":350,"height":200,"srcset":"https:\/\/i0.wp.com\/www.fagforbundet468.com\/portal\/wp-content\/uploads\/Ambulanse.png?fit=740%2C516&ssl=1&resize=350%2C200 1x, https:\/\/i0.wp.com\/www.fagforbundet468.com\/portal\/wp-content\/uploads\/Ambulanse.png?fit=740%2C516&ssl=1&resize=525%2C300 1.5x, https:\/\/i0.wp.com\/www.fagforbundet468.com\/portal\/wp-content\/uploads\/Ambulanse.png?fit=740%2C516&ssl=1&resize=700%2C400 2x"},"classes":[]},{"id":815,"url":"https:\/\/www.fagforbundet468.com\/portal\/2020\/03\/02\/velkommen-til-foredraget-med-fodle-slagsia\/","url_meta":{"origin":601,"position":3},"title":"Velkommen til foredraget &laquo;med fodle slagsia&raquo;","author":"Idar \u00c5dnesen","date":"2. mars 2020","format":false,"excerpt":"Fru Haaland sine foredrag gikk for fulle hus i 2019. N\u00e5 vil hun dele sine egne opplevelser med oss i Faforbundet og gir oss et foredrag om livets oppturer og nedturer b\u00e5de p\u00e5 godt og vondt. Dette er et foredrag fult av humor, men ogs\u00e5 med en noe alvorlig undertone.Tid:\u2026","rel":"","context":"i &quot;Nyheter&quot;","block_context":{"text":"Nyheter","link":"https:\/\/www.fagforbundet468.com\/portal\/category\/nyheter\/"},"img":{"alt_text":"","src":"https:\/\/i0.wp.com\/www.fagforbundet468.com\/portal\/wp-content\/uploads\/fruhaaland.jpg?fit=480%2C301&ssl=1&resize=350%2C200","width":350,"height":200},"classes":[]},{"id":508,"url":"https:\/\/www.fagforbundet468.com\/portal\/2018\/04\/08\/dagstur-til-austevoll\/","url_meta":{"origin":601,"position":4},"title":"Dagstur til Austevoll","author":"Idar \u00c5dnesen","date":"8. april 2018","format":false,"excerpt":"V\u00e5r pensjonistgruppe vil invitere til dagstur til Austevoll Dato: 07.06.18 kl. 0830 Avreise fra Flotmyr 7. juni kl. 08.30 med Busstur as. Turen g\u00e5r mot Sveio og videre nordover via Trekantsambandet og til Stord. Vi gj\u00f8r et stopp i Leirvik for shopping m.m. f\u00f8r vi fortsetter til Sandvikv\u00e5g. Fra Sandvikv\u00e5g\u2026","rel":"","context":"i &quot;Nyheter&quot;","block_context":{"text":"Nyheter","link":"https:\/\/www.fagforbundet468.com\/portal\/category\/nyheter\/"},"img":{"alt_text":"","src":"https:\/\/i0.wp.com\/www.fagforbundet468.com\/portal\/wp-content\/uploads\/bekkjarvik-gjestegiver-ny-forside.jpg?fit=670%2C339&ssl=1&resize=350%2C200","width":350,"height":200,"srcset":"https:\/\/i0.wp.com\/www.fagforbundet468.com\/portal\/wp-content\/uploads\/bekkjarvik-gjestegiver-ny-forside.jpg?fit=670%2C339&ssl=1&resize=350%2C200 1x, https:\/\/i0.wp.com\/www.fagforbundet468.com\/portal\/wp-content\/uploads\/bekkjarvik-gjestegiver-ny-forside.jpg?fit=670%2C339&ssl=1&resize=525%2C300 1.5x"},"classes":[]},{"id":212,"url":"https:\/\/www.fagforbundet468.com\/portal\/2015\/12\/10\/vellykket-julemote\/","url_meta":{"origin":601,"position":5},"title":"Vellykket Julem\u00f8te","author":"Idar \u00c5dnesen","date":"10. desember 2015","format":false,"excerpt":"Fagforbundet Avd. 468 arrangerte torsdag 03.12.15 sitt \u00e5rlige julem\u00f8te der vi koste oss med koldtbord fra Br\u00f8drene Lundal, underholdning av Hagesund Shanty, markering av jubilanter og loddsalg. Under loddsalget der overskuddet g\u00e5r til Fagforbundet sin barneby kom der inn 8000,- Ca 70 medlemmer hadde tatt turen. \u00a0","rel":"","context":"i &quot;Nyheter&quot;","block_context":{"text":"Nyheter","link":"https:\/\/www.fagforbundet468.com\/portal\/category\/nyheter\/"},"img":{"alt_text":"","src":"https:\/\/i0.wp.com\/www.fagforbundet468.com\/portal\/wp-content\/uploads\/julem%C3%B8te_4_2015.jpg?fit=900%2C675&ssl=1&resize=350%2C200","width":350,"height":200,"srcset":"https:\/\/i0.wp.com\/www.fagforbundet468.com\/portal\/wp-content\/uploads\/julem%C3%B8te_4_2015.jpg?fit=900%2C675&ssl=1&resize=350%2C200 1x, https:\/\/i0.wp.com\/www.fagforbundet468.com\/portal\/wp-content\/uploads\/julem%C3%B8te_4_2015.jpg?fit=900%2C675&ssl=1&resize=525%2C300 1.5x, https:\/\/i0.wp.com\/www.fagforbundet468.com\/portal\/wp-content\/uploads\/julem%C3%B8te_4_2015.jpg?fit=900%2C675&ssl=1&resize=700%2C400 2x"},"classes":[]}],"_links":{"self":[{"href":"https:\/\/www.fagforbundet468.com\/portal\/wp-json\/wp\/v2\/posts\/601","targetHints":{"allow":["GET"]}}],"collection":[{"href":"https:\/\/www.fagforbundet468.com\/portal\/wp-json\/wp\/v2\/posts"}],"about":[{"href":"https:\/\/www.fagforbundet468.com\/portal\/wp-json\/wp\/v2\/types\/post"}],"author":[{"embeddable":true,"href":"https:\/\/www.fagforbundet468.com\/portal\/wp-json\/wp\/v2\/users\/2"}],"replies":[{"embeddable":true,"href":"https:\/\/www.fagforbundet468.com\/portal\/wp-json\/wp\/v2\/comments?post=601"}],"version-history":[{"count":2,"href":"https:\/\/www.fagforbundet468.com\/portal\/wp-json\/wp\/v2\/posts\/601\/revisions"}],"predecessor-version":[{"id":605,"href":"https:\/\/www.fagforbundet468.com\/portal\/wp-json\/wp\/v2\/posts\/601\/revisions\/605"}],"wp:featuredmedia":[{"embeddable":true,"href":"https:\/\/www.fagforbundet468.com\/portal\/wp-json\/wp\/v2\/media\/602"}],"wp:attachment":[{"href":"https:\/\/www.fagforbundet468.com\/portal\/wp-json\/wp\/v2\/media?parent=601"}],"wp:term":[{"taxonomy":"category","embeddable":true,"href":"https:\/\/www.fagforbundet468.com\/portal\/wp-json\/wp\/v2\/categories?post=601"},{"taxonomy":"post_tag","embeddable":true,"href":"https:\/\/www.fagforbundet468.com\/portal\/wp-json\/wp\/v2\/tags?post=601"}],"curies":[{"name":"wp","href":"https:\/\/api.w.org\/{rel}","templated":true}]}}