{"id":591,"date":"2018-12-13T22:13:25","date_gmt":"2018-12-13T21:13:25","guid":{"rendered":"http:\/\/www.fagforbundet468.com\/portal\/?p=591"},"modified":"2018-12-13T22:17:44","modified_gmt":"2018-12-13T21:17:44","slug":"nasjonal-konferanse-for-ambulansepersonell-og-amk","status":"publish","type":"post","link":"https:\/\/www.fagforbundet468.com\/portal\/2018\/12\/13\/nasjonal-konferanse-for-ambulansepersonell-og-amk\/","title":{"rendered":"Nasjonal konferanse for ambulansepersonell og AMK"},"content":{"rendered":"\n<p>Fagforbundet Yrkesseksjon helse og sosial inviterer ogs\u00e5 i \u00e5r til nasjonal<br \/>fagkonferanse for Storefjell Resort Hotel, Gol, for alle som arbeider innen<br \/>ambulanse og AMK. P\u00e5 samme sted og tidspunkt arrangerer Fagforbundet nasjonal<br \/>konferanse for barsel- og barnepleiere og jordm\u00f8dre.<\/p>\n\n\n\n<p><strong>Sted:<\/strong> Storefjell Resort Hotel<br \/><strong>Dato:<\/strong> 18.03.19 &#8211; 20.03.19<br \/><br \/><strong>Les mer i vedlegget under<\/strong>:<\/p>\n\n\n\n<div class=\"wp-block-file\"><a href=\"http:\/\/www.fagforbundet468.com\/portal\/wp-content\/uploads\/Nasjonal-konferanse-ambulansepersonell-og-AMK-2019.pdf\">Nasjonal konferanse ambulansepersonell og AMK 2019<\/a><a href=\"http:\/\/www.fagforbundet468.com\/portal\/wp-content\/uploads\/Nasjonal-konferanse-ambulansepersonell-og-AMK-2019.pdf\" class=\"wp-block-file__button\" download>Download<\/a><\/div>\n\n\n\n<p><br \/><\/p>\n","protected":false},"excerpt":{"rendered":"<p>Fagforbundet Yrkesseksjon helse og sosial inviterer ogs\u00e5 i \u00e5r til nasjonalfagkonferanse for Storefjell Resort Hotel, Gol, for alle som arbeider innenambulanse og AMK. P\u00e5 samme&#8230;<\/p>\n","protected":false},"author":2,"featured_media":593,"comment_status":"closed","ping_status":"closed","sticky":false,"template":"","format":"standard","meta":{"jetpack_post_was_ever_published":false,"_jetpack_newsletter_access":"","_jetpack_dont_email_post_to_subs":false,"_jetpack_newsletter_tier_id":0,"_jetpack_memberships_contains_paywalled_content":false,"_jetpack_memberships_contains_paid_content":false,"footnotes":"","jetpack_publicize_message":"","jetpack_publicize_feature_enabled":true,"jetpack_social_post_already_shared":true,"jetpack_social_options":{"image_generator_settings":{"template":"highway","default_image_id":0,"font":"","enabled":false},"version":2}},"categories":[1],"tags":[],"class_list":["post-591","post","type-post","status-publish","format-standard","has-post-thumbnail","hentry","category-nyheter"],"jetpack_publicize_connections":[],"jetpack_featured_media_url":"https:\/\/i0.wp.com\/www.fagforbundet468.com\/portal\/wp-content\/uploads\/ambulanse.jpg?fit=1000%2C563&ssl=1","jetpack_sharing_enabled":true,"jetpack_shortlink":"https:\/\/wp.me\/p173ho-9x","jetpack-related-posts":[{"id":856,"url":"https:\/\/www.fagforbundet468.com\/portal\/2020\/07\/01\/nasjonal-konferanse-for-ambulansepersonell-og-amk-2\/","url_meta":{"origin":591,"position":0},"title":"Nasjonal konferanse for ambulansepersonell og AMK","author":"Idar \u00c5dnesen","date":"1. juli 2020","format":false,"excerpt":"Invitasjon til Nasjonal konferanse for ambulansepersonell og AMK p\u00e5 Storefjell Resort Hotel, Gol 21 - 23 oktober 2020Les mer i vedlagt invitasjon Nasjonal-konferanse-ambulansepersonell-og-AMK-2020-3Last ned","rel":"","context":"i &quot;Nyheter&quot;","block_context":{"text":"Nyheter","link":"https:\/\/www.fagforbundet468.com\/portal\/category\/nyheter\/"},"img":{"alt_text":"","src":"https:\/\/i0.wp.com\/www.fagforbundet468.com\/portal\/wp-content\/uploads\/storefjell2.jpg?fit=1024%2C768&ssl=1&resize=350%2C200","width":350,"height":200,"srcset":"https:\/\/i0.wp.com\/www.fagforbundet468.com\/portal\/wp-content\/uploads\/storefjell2.jpg?fit=1024%2C768&ssl=1&resize=350%2C200 1x, https:\/\/i0.wp.com\/www.fagforbundet468.com\/portal\/wp-content\/uploads\/storefjell2.jpg?fit=1024%2C768&ssl=1&resize=525%2C300 1.5x, https:\/\/i0.wp.com\/www.fagforbundet468.com\/portal\/wp-content\/uploads\/storefjell2.jpg?fit=1024%2C768&ssl=1&resize=700%2C400 2x"},"classes":[]},{"id":851,"url":"https:\/\/www.fagforbundet468.com\/portal\/2020\/07\/01\/nasjonal-konferanse-for-barsel-og-barnepleiere-og-jordmodre\/","url_meta":{"origin":591,"position":1},"title":"Nasjonal konferanse for barsel- og barnepleiere og jordm\u00f8dre","author":"Idar \u00c5dnesen","date":"1. juli 2020","format":false,"excerpt":"Invitasjon til Nasjonal konferanse for barsel- og barnepleiere og jordm\u00f8dre p\u00e5 Storefjell Resort Hotel, Gol 26 - 28 oktober 2020Les mer i vedlagt invitasjon Nasjonal-konferanse-barsel-barnepleiere-og-jordm\u00f8dre-2020-oktoberLast ned","rel":"","context":"i &quot;Nyheter&quot;","block_context":{"text":"Nyheter","link":"https:\/\/www.fagforbundet468.com\/portal\/category\/nyheter\/"},"img":{"alt_text":"","src":"https:\/\/i0.wp.com\/www.fagforbundet468.com\/portal\/wp-content\/uploads\/storefjell2.jpg?fit=1024%2C768&ssl=1&resize=350%2C200","width":350,"height":200,"srcset":"https:\/\/i0.wp.com\/www.fagforbundet468.com\/portal\/wp-content\/uploads\/storefjell2.jpg?fit=1024%2C768&ssl=1&resize=350%2C200 1x, https:\/\/i0.wp.com\/www.fagforbundet468.com\/portal\/wp-content\/uploads\/storefjell2.jpg?fit=1024%2C768&ssl=1&resize=525%2C300 1.5x, https:\/\/i0.wp.com\/www.fagforbundet468.com\/portal\/wp-content\/uploads\/storefjell2.jpg?fit=1024%2C768&ssl=1&resize=700%2C400 2x"},"classes":[]},{"id":675,"url":"https:\/\/www.fagforbundet468.com\/portal\/2019\/05\/15\/samuel-massie-og-bestefar-arne-ulvolden\/","url_meta":{"origin":591,"position":2},"title":"Samuel Massie og bestefar Arne Ulvolden","author":"Idar \u00c5dnesen","date":"15. mai 2019","format":false,"excerpt":"Vi har gleden av \u00e5 invitere deg til en spektakul\u00e6r aften I storsalen p\u00e5 Tysv\u00e6rtunet 24. september kl. 19.00-20.30 med disse to fabelaktige eventyrerne som sammen, og hver for seg, har tatt rev i egne seil! Dette b\u00f8r du ikke g\u00e5 glipp av!Tid: 24. september kl. 1900 - 2030Sted: Tysv\u00e6rtunetTema:\u2026","rel":"","context":"i &quot;Nyheter&quot;","block_context":{"text":"Nyheter","link":"https:\/\/www.fagforbundet468.com\/portal\/category\/nyheter\/"},"img":{"alt_text":"","src":"https:\/\/i0.wp.com\/www.fagforbundet468.com\/portal\/wp-content\/uploads\/samuelbestefar.jpg?fit=1200%2C675&ssl=1&resize=350%2C200","width":350,"height":200,"srcset":"https:\/\/i0.wp.com\/www.fagforbundet468.com\/portal\/wp-content\/uploads\/samuelbestefar.jpg?fit=1200%2C675&ssl=1&resize=350%2C200 1x, https:\/\/i0.wp.com\/www.fagforbundet468.com\/portal\/wp-content\/uploads\/samuelbestefar.jpg?fit=1200%2C675&ssl=1&resize=525%2C300 1.5x, https:\/\/i0.wp.com\/www.fagforbundet468.com\/portal\/wp-content\/uploads\/samuelbestefar.jpg?fit=1200%2C675&ssl=1&resize=700%2C400 2x, https:\/\/i0.wp.com\/www.fagforbundet468.com\/portal\/wp-content\/uploads\/samuelbestefar.jpg?fit=1200%2C675&ssl=1&resize=1050%2C600 3x"},"classes":[]},{"id":647,"url":"https:\/\/www.fagforbundet468.com\/portal\/2019\/02\/25\/olsmaking\/","url_meta":{"origin":591,"position":3},"title":"Foredrag med Bj\u00f8rn Dybdahl","author":"Idar \u00c5dnesen","date":"25. februar 2019","format":false,"excerpt":"Velkommen til foredrag og Bj\u00f8rn Dybdahl fortelle storyen og litt om \u00f8l.Etterp\u00e5 blir det muligheter for omvisning og sp\u00f8rsm\u00e5l, det er ogs\u00e5 mulig \u00e5 kj\u00f8pe \u00f8l som hver enkelt m\u00e5 dekke selv og blir ikke dekket av Fagforbundet.Tid: Torsdag 11. april kl. 1900Sted: H\u00f8vleriet (Smedasundet 66)Gratis for medlemmer av Fagforbundet\u2026","rel":"","context":"i &quot;Nyheter&quot;","block_context":{"text":"Nyheter","link":"https:\/\/www.fagforbundet468.com\/portal\/category\/nyheter\/"},"img":{"alt_text":"","src":"https:\/\/i0.wp.com\/www.fagforbundet468.com\/portal\/wp-content\/uploads\/garasjebryggeriet.jpg?fit=1200%2C688&ssl=1&resize=350%2C200","width":350,"height":200,"srcset":"https:\/\/i0.wp.com\/www.fagforbundet468.com\/portal\/wp-content\/uploads\/garasjebryggeriet.jpg?fit=1200%2C688&ssl=1&resize=350%2C200 1x, https:\/\/i0.wp.com\/www.fagforbundet468.com\/portal\/wp-content\/uploads\/garasjebryggeriet.jpg?fit=1200%2C688&ssl=1&resize=525%2C300 1.5x, https:\/\/i0.wp.com\/www.fagforbundet468.com\/portal\/wp-content\/uploads\/garasjebryggeriet.jpg?fit=1200%2C688&ssl=1&resize=700%2C400 2x, https:\/\/i0.wp.com\/www.fagforbundet468.com\/portal\/wp-content\/uploads\/garasjebryggeriet.jpg?fit=1200%2C688&ssl=1&resize=1050%2C600 3x"},"classes":[]},{"id":429,"url":"https:\/\/www.fagforbundet468.com\/portal\/2017\/10\/09\/fagforbundet-onsker-velkommen-til-foredrag-med-vibekke-berge\/","url_meta":{"origin":591,"position":4},"title":"Fagforbundet \u00f8nsker velkommen til foredrag med Vibekke Berge","author":"Idar \u00c5dnesen","date":"9. oktober 2017","format":false,"excerpt":"Vibekke Berge fikk hjerneslag i 2012. Da var hun 31 \u00e5r gammel, sm\u00e5barns mamma og vernepleier. Hovedm\u00e5let hennes med foredraget \u00abN\u00e5r ingen ser det\u00bb er \u00e5 skape st\u00f8rre forst\u00e5else og innsikt i hvordan det er \u00e5 leve med usynlige skader etter hjerneslag. Dette er ogs\u00e5 en historie om \u00e5 takle\u2026","rel":"","context":"i &quot;Nyheter&quot;","block_context":{"text":"Nyheter","link":"https:\/\/www.fagforbundet468.com\/portal\/category\/nyheter\/"},"img":{"alt_text":"","src":"https:\/\/i0.wp.com\/www.fagforbundet468.com\/portal\/wp-content\/uploads\/berge.png?fit=750%2C450&ssl=1&resize=350%2C200","width":350,"height":200,"srcset":"https:\/\/i0.wp.com\/www.fagforbundet468.com\/portal\/wp-content\/uploads\/berge.png?fit=750%2C450&ssl=1&resize=350%2C200 1x, https:\/\/i0.wp.com\/www.fagforbundet468.com\/portal\/wp-content\/uploads\/berge.png?fit=750%2C450&ssl=1&resize=525%2C300 1.5x, https:\/\/i0.wp.com\/www.fagforbundet468.com\/portal\/wp-content\/uploads\/berge.png?fit=750%2C450&ssl=1&resize=700%2C400 2x"},"classes":[]},{"id":412,"url":"https:\/\/www.fagforbundet468.com\/portal\/2017\/09\/06\/foredrag-med-hanne-kristin-rohde\/","url_meta":{"origin":591,"position":5},"title":"Foredrag med Hanne Kristin Rohde","author":"Idar \u00c5dnesen","date":"6. september 2017","format":false,"excerpt":"Velkommen til et spennende foredrag med en av landets fremste foredragsholdere Hanne Kristin Rohde. Enhver medarbeider skal f\u00f8le seg sett og verdsett. En leders etiske ansvar er blant annet \u00e5 leve etter \u00abhvem vil jeg at du skal v\u00e6re og utvikle deg til i m\u00f8te med meg\u00bb Balanse og likeverd\u2026","rel":"","context":"i &quot;Nyheter&quot;","block_context":{"text":"Nyheter","link":"https:\/\/www.fagforbundet468.com\/portal\/category\/nyheter\/"},"img":{"alt_text":"","src":"https:\/\/i0.wp.com\/www.fagforbundet468.com\/portal\/wp-content\/uploads\/Rohde.jpg?fit=900%2C900&ssl=1&resize=350%2C200","width":350,"height":200,"srcset":"https:\/\/i0.wp.com\/www.fagforbundet468.com\/portal\/wp-content\/uploads\/Rohde.jpg?fit=900%2C900&ssl=1&resize=350%2C200 1x, https:\/\/i0.wp.com\/www.fagforbundet468.com\/portal\/wp-content\/uploads\/Rohde.jpg?fit=900%2C900&ssl=1&resize=525%2C300 1.5x, https:\/\/i0.wp.com\/www.fagforbundet468.com\/portal\/wp-content\/uploads\/Rohde.jpg?fit=900%2C900&ssl=1&resize=700%2C400 2x"},"classes":[]}],"_links":{"self":[{"href":"https:\/\/www.fagforbundet468.com\/portal\/wp-json\/wp\/v2\/posts\/591","targetHints":{"allow":["GET"]}}],"collection":[{"href":"https:\/\/www.fagforbundet468.com\/portal\/wp-json\/wp\/v2\/posts"}],"about":[{"href":"https:\/\/www.fagforbundet468.com\/portal\/wp-json\/wp\/v2\/types\/post"}],"author":[{"embeddable":true,"href":"https:\/\/www.fagforbundet468.com\/portal\/wp-json\/wp\/v2\/users\/2"}],"replies":[{"embeddable":true,"href":"https:\/\/www.fagforbundet468.com\/portal\/wp-json\/wp\/v2\/comments?post=591"}],"version-history":[{"count":4,"href":"https:\/\/www.fagforbundet468.com\/portal\/wp-json\/wp\/v2\/posts\/591\/revisions"}],"predecessor-version":[{"id":600,"href":"https:\/\/www.fagforbundet468.com\/portal\/wp-json\/wp\/v2\/posts\/591\/revisions\/600"}],"wp:featuredmedia":[{"embeddable":true,"href":"https:\/\/www.fagforbundet468.com\/portal\/wp-json\/wp\/v2\/media\/593"}],"wp:attachment":[{"href":"https:\/\/www.fagforbundet468.com\/portal\/wp-json\/wp\/v2\/media?parent=591"}],"wp:term":[{"taxonomy":"category","embeddable":true,"href":"https:\/\/www.fagforbundet468.com\/portal\/wp-json\/wp\/v2\/categories?post=591"},{"taxonomy":"post_tag","embeddable":true,"href":"https:\/\/www.fagforbundet468.com\/portal\/wp-json\/wp\/v2\/tags?post=591"}],"curies":[{"name":"wp","href":"https:\/\/api.w.org\/{rel}","templated":true}]}}