{"id":553,"date":"2018-09-14T12:55:46","date_gmt":"2018-09-14T10:55:46","guid":{"rendered":"http:\/\/www.fagforbundet468.com\/portal\/?p=553"},"modified":"2018-09-14T12:57:08","modified_gmt":"2018-09-14T10:57:08","slug":"kurs-i-omsorgsteknologi","status":"publish","type":"post","link":"https:\/\/www.fagforbundet468.com\/portal\/2018\/09\/14\/kurs-i-omsorgsteknologi\/","title":{"rendered":"Kurs i Omsorgsteknologi"},"content":{"rendered":"<table dir=\"LTR\" style=\"height: 156px;\" border=\"1\" width=\"1368\" cellspacing=\"0\" cellpadding=\"7\">\n<tbody>\n<tr>\n<td valign=\"TOP\" height=\"90\">\n<p style=\"text-align: left;\"><span style=\"font-size: medium;\">Det \u00e5 bruke teknologi inn i omsorgstjenestene er ikke nytt (tenk p\u00e5 trygghetsalarmer), men det er likevel en stadig st\u00f8rre del av samtalen rundt omsorgstjenestene. For mange ansatte i omsorgstjenestene blir bruk av teknologi en stadig st\u00f8rre del av hverdagen. Men hvordan er det med de juridiske rammene og samhandling med brukere\/ pasienter n\u00e5r vi snakker om teknologi innenfor disse tjenestene? <\/span><\/p>\n<p style=\"text-align: left;\"><span style=\"font-size: medium;\">P\u00e5 denne kurskvelden f\u00e5r deltakerne mulighet til \u00e5 l\u00e6re om noen av de lover og regler som juridisk regulerer bruk av omsorgsteknologi. <\/span><\/p>\n<p style=\"text-align: left;\"><a href=\"http:\/\/www.fagforbundet468.com\/portal\/wp-content\/uploads\/Invitasjon-til-kurskveld-om-omsorgsteknologi-15.-oktober.pdf\">Invitasjon til kurskveld om omsorgsteknologi 15. oktober<\/a><\/p>\n<\/td>\n<\/tr>\n<\/tbody>\n<\/table>\n","protected":false},"excerpt":{"rendered":"<p>Det \u00e5 bruke teknologi inn i omsorgstjenestene er ikke nytt (tenk p\u00e5 trygghetsalarmer), men det er likevel en stadig st\u00f8rre del av samtalen rundt omsorgstjenestene&#8230;.<\/p>\n","protected":false},"author":2,"featured_media":123,"comment_status":"closed","ping_status":"closed","sticky":false,"template":"","format":"standard","meta":{"jetpack_post_was_ever_published":false,"_jetpack_newsletter_access":"","_jetpack_dont_email_post_to_subs":false,"_jetpack_newsletter_tier_id":0,"_jetpack_memberships_contains_paywalled_content":false,"_jetpack_memberships_contains_paid_content":false,"footnotes":"","jetpack_publicize_message":"","jetpack_publicize_feature_enabled":true,"jetpack_social_post_already_shared":true,"jetpack_social_options":{"image_generator_settings":{"template":"highway","default_image_id":0,"font":"","enabled":false},"version":2}},"categories":[1,2],"tags":[174,29,149,175],"class_list":["post-553","post","type-post","status-publish","format-standard","has-post-thumbnail","hentry","category-nyheter","category-shs","tag-kurs","tag-medlemmer","tag-omsorg","tag-teknologi"],"jetpack_publicize_connections":[],"jetpack_featured_media_url":"https:\/\/i0.wp.com\/www.fagforbundet468.com\/portal\/wp-content\/uploads\/leilighet_7.jpg?fit=800%2C600&ssl=1","jetpack_sharing_enabled":true,"jetpack_shortlink":"https:\/\/wp.me\/p173ho-8V","jetpack-related-posts":[{"id":1083,"url":"https:\/\/www.fagforbundet468.com\/portal\/2024\/05\/13\/medlemsmote-23-05-24\/","url_meta":{"origin":553,"position":0},"title":"Medlemsm\u00f8te 23.05.24","author":"Admin","date":"13. mai 2024","format":false,"excerpt":"Velkommen til samling med Fagforbundetog AOF Vestlandet - Agder! 6. etasje i kantinen p\u00e5 Revmatismesykehuset Loddtrekning med gevinster Det blir servert enkel mat og drikke I en verden hvor helse stadig vokser i betydning, forst\u00e5r vi iAOF Vestlandet - Agder viktigheten av at du som jobber innenhelse m\u00e5 kontinuerlig videreutvikle\u2026","rel":"","context":"i &quot;Nyheter&quot;","block_context":{"text":"Nyheter","link":"https:\/\/www.fagforbundet468.com\/portal\/category\/nyheter\/"},"img":{"alt_text":"","src":"https:\/\/i0.wp.com\/www.fagforbundet468.com\/portal\/wp-content\/uploads\/port%C3%B8r.gif?fit=862%2C850&ssl=1&resize=350%2C200","width":350,"height":200,"srcset":"https:\/\/i0.wp.com\/www.fagforbundet468.com\/portal\/wp-content\/uploads\/port%C3%B8r.gif?fit=862%2C850&ssl=1&resize=350%2C200 1x, https:\/\/i0.wp.com\/www.fagforbundet468.com\/portal\/wp-content\/uploads\/port%C3%B8r.gif?fit=862%2C850&ssl=1&resize=525%2C300 1.5x, https:\/\/i0.wp.com\/www.fagforbundet468.com\/portal\/wp-content\/uploads\/port%C3%B8r.gif?fit=862%2C850&ssl=1&resize=700%2C400 2x"},"classes":[]},{"id":701,"url":"https:\/\/www.fagforbundet468.com\/portal\/2019\/08\/20\/kurs-om-pensjon-og-lo-favor\/","url_meta":{"origin":553,"position":1},"title":"Kurs om Pensjon og LO Fav\u00f8r","author":"Idar \u00c5dnesen","date":"20. august 2019","format":false,"excerpt":"LO i Nord Rogaland, LO Fav\u00f8r og Sparebank 1 inviterer til kurskveld om pensjon og LO Fav\u00f8r.Vet du nok om fordelene i LO Fav\u00f8r? Vi vil gjerne informere deg om dette. Vil du vite mer om hva det inneb\u00e6rer \u00e5 g\u00e5 av med AFP, eller pensjon?For de som skal ta\u2026","rel":"","context":"i &quot;Nyheter&quot;","block_context":{"text":"Nyheter","link":"https:\/\/www.fagforbundet468.com\/portal\/category\/nyheter\/"},"img":{"alt_text":"","src":"https:\/\/i0.wp.com\/www.fagforbundet468.com\/portal\/wp-content\/uploads\/lofavor.jpg?fit=1176%2C432&ssl=1&resize=350%2C200","width":350,"height":200,"srcset":"https:\/\/i0.wp.com\/www.fagforbundet468.com\/portal\/wp-content\/uploads\/lofavor.jpg?fit=1176%2C432&ssl=1&resize=350%2C200 1x, https:\/\/i0.wp.com\/www.fagforbundet468.com\/portal\/wp-content\/uploads\/lofavor.jpg?fit=1176%2C432&ssl=1&resize=525%2C300 1.5x, https:\/\/i0.wp.com\/www.fagforbundet468.com\/portal\/wp-content\/uploads\/lofavor.jpg?fit=1176%2C432&ssl=1&resize=700%2C400 2x, https:\/\/i0.wp.com\/www.fagforbundet468.com\/portal\/wp-content\/uploads\/lofavor.jpg?fit=1176%2C432&ssl=1&resize=1050%2C600 3x"},"classes":[]},{"id":38,"url":"https:\/\/www.fagforbundet468.com\/portal\/2015\/09\/07\/nye-sider\/","url_meta":{"origin":553,"position":2},"title":"Nye og oppdaterte sider","author":"Idar \u00c5dnesen","date":"7. september 2015","format":false,"excerpt":"Velkommen til v\u00e5re nye nettsider. Grunnet diverse problemer har dessverre ikke v\u00e5r nettsider fungert de siste m\u00e5nedene, vi beklager dette og h\u00e5per n\u00e5 at sidene skal v\u00e6re litt mer stabile. Vi har endret litt p\u00e5 v\u00e5r \"bookingside\" der du sender inn s\u00f8knad for leie av leilighet, men endringene er s\u00e5\u2026","rel":"","context":"i &quot;Nyheter&quot;","block_context":{"text":"Nyheter","link":"https:\/\/www.fagforbundet468.com\/portal\/category\/nyheter\/"},"img":{"alt_text":"","src":"https:\/\/i0.wp.com\/www.fagforbundet468.com\/portal\/wp-content\/uploads\/nye_sider.png?fit=1200%2C702&ssl=1&resize=350%2C200","width":350,"height":200,"srcset":"https:\/\/i0.wp.com\/www.fagforbundet468.com\/portal\/wp-content\/uploads\/nye_sider.png?fit=1200%2C702&ssl=1&resize=350%2C200 1x, https:\/\/i0.wp.com\/www.fagforbundet468.com\/portal\/wp-content\/uploads\/nye_sider.png?fit=1200%2C702&ssl=1&resize=525%2C300 1.5x, https:\/\/i0.wp.com\/www.fagforbundet468.com\/portal\/wp-content\/uploads\/nye_sider.png?fit=1200%2C702&ssl=1&resize=700%2C400 2x, https:\/\/i0.wp.com\/www.fagforbundet468.com\/portal\/wp-content\/uploads\/nye_sider.png?fit=1200%2C702&ssl=1&resize=1050%2C600 3x"},"classes":[]},{"id":429,"url":"https:\/\/www.fagforbundet468.com\/portal\/2017\/10\/09\/fagforbundet-onsker-velkommen-til-foredrag-med-vibekke-berge\/","url_meta":{"origin":553,"position":3},"title":"Fagforbundet \u00f8nsker velkommen til foredrag med Vibekke Berge","author":"Idar \u00c5dnesen","date":"9. oktober 2017","format":false,"excerpt":"Vibekke Berge fikk hjerneslag i 2012. Da var hun 31 \u00e5r gammel, sm\u00e5barns mamma og vernepleier. Hovedm\u00e5let hennes med foredraget \u00abN\u00e5r ingen ser det\u00bb er \u00e5 skape st\u00f8rre forst\u00e5else og innsikt i hvordan det er \u00e5 leve med usynlige skader etter hjerneslag. Dette er ogs\u00e5 en historie om \u00e5 takle\u2026","rel":"","context":"i &quot;Nyheter&quot;","block_context":{"text":"Nyheter","link":"https:\/\/www.fagforbundet468.com\/portal\/category\/nyheter\/"},"img":{"alt_text":"","src":"https:\/\/i0.wp.com\/www.fagforbundet468.com\/portal\/wp-content\/uploads\/berge.png?fit=750%2C450&ssl=1&resize=350%2C200","width":350,"height":200,"srcset":"https:\/\/i0.wp.com\/www.fagforbundet468.com\/portal\/wp-content\/uploads\/berge.png?fit=750%2C450&ssl=1&resize=350%2C200 1x, https:\/\/i0.wp.com\/www.fagforbundet468.com\/portal\/wp-content\/uploads\/berge.png?fit=750%2C450&ssl=1&resize=525%2C300 1.5x, https:\/\/i0.wp.com\/www.fagforbundet468.com\/portal\/wp-content\/uploads\/berge.png?fit=750%2C450&ssl=1&resize=700%2C400 2x"},"classes":[]},{"id":569,"url":"https:\/\/www.fagforbundet468.com\/portal\/2018\/11\/08\/kurs-om-pensjon\/","url_meta":{"origin":553,"position":4},"title":"Kurs om pensjon","author":"Idar \u00c5dnesen","date":"8. november 2018","format":false,"excerpt":"LO i Nord Rogaland inviterer til kurskveld om pensjon og LO Fav\u00f8r. Vet du nok om fordelene i LO Fav\u00f8r Vil du vite mer om hva det inneb\u00e6rer \u00e5 g\u00e5 av med AFP, eller pensjon? Sted: Haraldsgaten 177, 3 etasje (ring p\u00e5 klokke Folkets Hus inngang i Haraldsgaten) Tid: 15.\u2026","rel":"","context":"i &quot;Nyheter&quot;","block_context":{"text":"Nyheter","link":"https:\/\/www.fagforbundet468.com\/portal\/category\/nyheter\/"},"img":{"alt_text":"","src":"https:\/\/i0.wp.com\/www.fagforbundet468.com\/portal\/wp-content\/uploads\/LO_FAV%C3%98R_LOGO.jpg?fit=1104%2C310&ssl=1&resize=350%2C200","width":350,"height":200,"srcset":"https:\/\/i0.wp.com\/www.fagforbundet468.com\/portal\/wp-content\/uploads\/LO_FAV%C3%98R_LOGO.jpg?fit=1104%2C310&ssl=1&resize=350%2C200 1x, https:\/\/i0.wp.com\/www.fagforbundet468.com\/portal\/wp-content\/uploads\/LO_FAV%C3%98R_LOGO.jpg?fit=1104%2C310&ssl=1&resize=525%2C300 1.5x, https:\/\/i0.wp.com\/www.fagforbundet468.com\/portal\/wp-content\/uploads\/LO_FAV%C3%98R_LOGO.jpg?fit=1104%2C310&ssl=1&resize=700%2C400 2x, https:\/\/i0.wp.com\/www.fagforbundet468.com\/portal\/wp-content\/uploads\/LO_FAV%C3%98R_LOGO.jpg?fit=1104%2C310&ssl=1&resize=1050%2C600 3x"},"classes":[]},{"id":978,"url":"https:\/\/www.fagforbundet468.com\/portal\/2022\/03\/09\/arets-pensjonist-ufore-tur-for-medlemmer\/","url_meta":{"origin":553,"position":5},"title":"\u00c5rets pensjonist\/uf\u00f8re tur for medlemmer","author":"Idar \u00c5dnesen","date":"9. mars 2022","format":false,"excerpt":"Dette \u00e5ret g\u00e5r turen til \u00c5krafjorden, Eikemo og Eljarvik gard som for noen er kjent fra tv serien \"der en skulle tru at ingen kunne bu\". Tid: Onsdag 08.06.22 med avreise kl. 0900 fra Haugesund P\u00e5melding: Bindende p\u00e5melding innen 12.05.22 til Marie R\u00f8kke, mobil 932 10\u00a0768 eller Gunvor Saltvedt, mobil\u2026","rel":"","context":"i &quot;Nyheter&quot;","block_context":{"text":"Nyheter","link":"https:\/\/www.fagforbundet468.com\/portal\/category\/nyheter\/"},"img":{"alt_text":"Bilde hentet fra \u00c5krafjorden Oppleving","src":"https:\/\/i0.wp.com\/www.fagforbundet468.com\/portal\/wp-content\/uploads\/pensjonisttur_2022.jpg?fit=959%2C640&ssl=1&resize=350%2C200","width":350,"height":200,"srcset":"https:\/\/i0.wp.com\/www.fagforbundet468.com\/portal\/wp-content\/uploads\/pensjonisttur_2022.jpg?fit=959%2C640&ssl=1&resize=350%2C200 1x, https:\/\/i0.wp.com\/www.fagforbundet468.com\/portal\/wp-content\/uploads\/pensjonisttur_2022.jpg?fit=959%2C640&ssl=1&resize=525%2C300 1.5x, https:\/\/i0.wp.com\/www.fagforbundet468.com\/portal\/wp-content\/uploads\/pensjonisttur_2022.jpg?fit=959%2C640&ssl=1&resize=700%2C400 2x"},"classes":[]}],"_links":{"self":[{"href":"https:\/\/www.fagforbundet468.com\/portal\/wp-json\/wp\/v2\/posts\/553","targetHints":{"allow":["GET"]}}],"collection":[{"href":"https:\/\/www.fagforbundet468.com\/portal\/wp-json\/wp\/v2\/posts"}],"about":[{"href":"https:\/\/www.fagforbundet468.com\/portal\/wp-json\/wp\/v2\/types\/post"}],"author":[{"embeddable":true,"href":"https:\/\/www.fagforbundet468.com\/portal\/wp-json\/wp\/v2\/users\/2"}],"replies":[{"embeddable":true,"href":"https:\/\/www.fagforbundet468.com\/portal\/wp-json\/wp\/v2\/comments?post=553"}],"version-history":[{"count":2,"href":"https:\/\/www.fagforbundet468.com\/portal\/wp-json\/wp\/v2\/posts\/553\/revisions"}],"predecessor-version":[{"id":556,"href":"https:\/\/www.fagforbundet468.com\/portal\/wp-json\/wp\/v2\/posts\/553\/revisions\/556"}],"wp:featuredmedia":[{"embeddable":true,"href":"https:\/\/www.fagforbundet468.com\/portal\/wp-json\/wp\/v2\/media\/123"}],"wp:attachment":[{"href":"https:\/\/www.fagforbundet468.com\/portal\/wp-json\/wp\/v2\/media?parent=553"}],"wp:term":[{"taxonomy":"category","embeddable":true,"href":"https:\/\/www.fagforbundet468.com\/portal\/wp-json\/wp\/v2\/categories?post=553"},{"taxonomy":"post_tag","embeddable":true,"href":"https:\/\/www.fagforbundet468.com\/portal\/wp-json\/wp\/v2\/tags?post=553"}],"curies":[{"name":"wp","href":"https:\/\/api.w.org\/{rel}","templated":true}]}}