{"id":512,"date":"2018-04-13T22:33:16","date_gmt":"2018-04-13T20:33:16","guid":{"rendered":"http:\/\/www.fagforbundet468.com\/portal\/?p=512"},"modified":"2018-04-13T22:34:39","modified_gmt":"2018-04-13T20:34:39","slug":"ettermiddagstur-til-nesheimstunet","status":"publish","type":"post","link":"https:\/\/www.fagforbundet468.com\/portal\/2018\/04\/13\/ettermiddagstur-til-nesheimstunet\/","title":{"rendered":"Ettermiddagstur til Nesheimstunet"},"content":{"rendered":"<p>Bli med oss p\u00e5 en ettermiddagstur til Nedre Vats og Nesheimtunet.<\/p>\n<p><strong>N\u00e5r:<\/strong> 29.05.18<br \/>\n<strong>Kl:<\/strong> 1600 fra Flotmyr<br \/>\n<strong>Kr:<\/strong> 200,- i egenandel<\/p>\n<p>P\u00e5 Nesheimtunet f\u00e5r vi omvisning og litt &laquo;historikk&raquo;. Det blir ogs\u00e5 servert varmrett og kaffe\/kaffemat.<\/p>\n<blockquote><p>Vi m\u00e5 ha bindene p\u00e5melding innen 7. mai<\/p><\/blockquote>\n<p><strong>P\u00e5melding via SMS til:<br \/>\n<\/strong>Laila Gautesen &#8211; Mobil 932 14 453<br \/>\nLinda Gjelsten &#8211; Mobil 916 13 551<\/p>\n<p><a href=\"http:\/\/www.nesheimstunet.no\/\">Du kan lese mer om Nesheimtunet her<\/a><\/p>\n<p><a href=\"http:\/\/www.fagforbundet468.com\/portal\/wp-content\/uploads\/Nesheimtunet-Plakat.pdf\">Nesheimtunet Plakat<\/a><\/p>\n","protected":false},"excerpt":{"rendered":"<p>Bli med oss p\u00e5 en ettermiddagstur til Nedre Vats og Nesheimtunet. N\u00e5r: 29.05.18 Kl: 1600 fra Flotmyr Kr: 200,- i egenandel P\u00e5 Nesheimtunet f\u00e5r vi&#8230;<\/p>\n","protected":false},"author":2,"featured_media":513,"comment_status":"open","ping_status":"open","sticky":false,"template":"","format":"standard","meta":{"jetpack_post_was_ever_published":false,"_jetpack_newsletter_access":"","_jetpack_dont_email_post_to_subs":false,"_jetpack_newsletter_tier_id":0,"_jetpack_memberships_contains_paywalled_content":false,"_jetpack_memberships_contains_paid_content":false,"footnotes":"","jetpack_publicize_message":"","jetpack_publicize_feature_enabled":true,"jetpack_social_post_already_shared":true,"jetpack_social_options":{"image_generator_settings":{"template":"highway","default_image_id":0,"font":"","enabled":false},"version":2}},"categories":[1],"tags":[168,51,32,77,167,166],"class_list":["post-512","post","type-post","status-publish","format-standard","has-post-thumbnail","hentry","category-nyheter","tag-kaffe","tag-mat","tag-medlem","tag-medlemstur","tag-nesheimtunet","tag-tur"],"jetpack_publicize_connections":[],"jetpack_featured_media_url":"https:\/\/i0.wp.com\/www.fagforbundet468.com\/portal\/wp-content\/uploads\/nesheimtunet.jpg?fit=750%2C430&ssl=1","jetpack_sharing_enabled":true,"jetpack_shortlink":"https:\/\/wp.me\/p173ho-8g","jetpack-related-posts":[{"id":978,"url":"https:\/\/www.fagforbundet468.com\/portal\/2022\/03\/09\/arets-pensjonist-ufore-tur-for-medlemmer\/","url_meta":{"origin":512,"position":0},"title":"\u00c5rets pensjonist\/uf\u00f8re tur for medlemmer","author":"Idar \u00c5dnesen","date":"9. mars 2022","format":false,"excerpt":"Dette \u00e5ret g\u00e5r turen til \u00c5krafjorden, Eikemo og Eljarvik gard som for noen er kjent fra tv serien \"der en skulle tru at ingen kunne bu\". Tid: Onsdag 08.06.22 med avreise kl. 0900 fra Haugesund P\u00e5melding: Bindende p\u00e5melding innen 12.05.22 til Marie R\u00f8kke, mobil 932 10\u00a0768 eller Gunvor Saltvedt, mobil\u2026","rel":"","context":"i &quot;Nyheter&quot;","block_context":{"text":"Nyheter","link":"https:\/\/www.fagforbundet468.com\/portal\/category\/nyheter\/"},"img":{"alt_text":"Bilde hentet fra \u00c5krafjorden Oppleving","src":"https:\/\/i0.wp.com\/www.fagforbundet468.com\/portal\/wp-content\/uploads\/pensjonisttur_2022.jpg?fit=959%2C640&ssl=1&resize=350%2C200","width":350,"height":200,"srcset":"https:\/\/i0.wp.com\/www.fagforbundet468.com\/portal\/wp-content\/uploads\/pensjonisttur_2022.jpg?fit=959%2C640&ssl=1&resize=350%2C200 1x, https:\/\/i0.wp.com\/www.fagforbundet468.com\/portal\/wp-content\/uploads\/pensjonisttur_2022.jpg?fit=959%2C640&ssl=1&resize=525%2C300 1.5x, https:\/\/i0.wp.com\/www.fagforbundet468.com\/portal\/wp-content\/uploads\/pensjonisttur_2022.jpg?fit=959%2C640&ssl=1&resize=700%2C400 2x"},"classes":[]},{"id":994,"url":"https:\/\/www.fagforbundet468.com\/portal\/2022\/04\/08\/velkommen-til-var-sommer-fest\/","url_meta":{"origin":512,"position":1},"title":"Velkommen til v\u00e5r\/sommer fest!","author":"Idar \u00c5dnesen","date":"8. april 2022","format":false,"excerpt":"Styret i Helse Sydvest avd. 468 \u00f8nsker deg velkommen til \u00e5rets v\u00e5r\/sommer fest i flotte Vangen. Det blir servert buffet m\/dessert og kaffe. Underholdningen st\u00e5r Elisabeth Kristensen som er kjent fra The Voice for. Sted: Haraldsvang Cafe & CateringTid: Torsdag 12.05.22 kl. 1800Pris: 100,- som Vippses til 132063 ved p\u00e5meldingDet\u2026","rel":"","context":"i &quot;Nyheter&quot;","block_context":{"text":"Nyheter","link":"https:\/\/www.fagforbundet468.com\/portal\/category\/nyheter\/"},"img":{"alt_text":"Bilde hentet fra Haraldsvang Cafe & Catering p\u00e5 Facebook","src":"https:\/\/i0.wp.com\/www.fagforbundet468.com\/portal\/wp-content\/uploads\/vangen_natt.jpg?fit=1200%2C821&ssl=1&resize=350%2C200","width":350,"height":200,"srcset":"https:\/\/i0.wp.com\/www.fagforbundet468.com\/portal\/wp-content\/uploads\/vangen_natt.jpg?fit=1200%2C821&ssl=1&resize=350%2C200 1x, https:\/\/i0.wp.com\/www.fagforbundet468.com\/portal\/wp-content\/uploads\/vangen_natt.jpg?fit=1200%2C821&ssl=1&resize=525%2C300 1.5x, https:\/\/i0.wp.com\/www.fagforbundet468.com\/portal\/wp-content\/uploads\/vangen_natt.jpg?fit=1200%2C821&ssl=1&resize=700%2C400 2x, https:\/\/i0.wp.com\/www.fagforbundet468.com\/portal\/wp-content\/uploads\/vangen_natt.jpg?fit=1200%2C821&ssl=1&resize=1050%2C600 3x"},"classes":[]},{"id":508,"url":"https:\/\/www.fagforbundet468.com\/portal\/2018\/04\/08\/dagstur-til-austevoll\/","url_meta":{"origin":512,"position":2},"title":"Dagstur til Austevoll","author":"Idar \u00c5dnesen","date":"8. april 2018","format":false,"excerpt":"V\u00e5r pensjonistgruppe vil invitere til dagstur til Austevoll Dato: 07.06.18 kl. 0830 Avreise fra Flotmyr 7. juni kl. 08.30 med Busstur as. Turen g\u00e5r mot Sveio og videre nordover via Trekantsambandet og til Stord. Vi gj\u00f8r et stopp i Leirvik for shopping m.m. f\u00f8r vi fortsetter til Sandvikv\u00e5g. Fra Sandvikv\u00e5g\u2026","rel":"","context":"i &quot;Nyheter&quot;","block_context":{"text":"Nyheter","link":"https:\/\/www.fagforbundet468.com\/portal\/category\/nyheter\/"},"img":{"alt_text":"","src":"https:\/\/i0.wp.com\/www.fagforbundet468.com\/portal\/wp-content\/uploads\/bekkjarvik-gjestegiver-ny-forside.jpg?fit=670%2C339&ssl=1&resize=350%2C200","width":350,"height":200,"srcset":"https:\/\/i0.wp.com\/www.fagforbundet468.com\/portal\/wp-content\/uploads\/bekkjarvik-gjestegiver-ny-forside.jpg?fit=670%2C339&ssl=1&resize=350%2C200 1x, https:\/\/i0.wp.com\/www.fagforbundet468.com\/portal\/wp-content\/uploads\/bekkjarvik-gjestegiver-ny-forside.jpg?fit=670%2C339&ssl=1&resize=525%2C300 1.5x"},"classes":[]},{"id":1078,"url":"https:\/\/www.fagforbundet468.com\/portal\/2024\/04\/03\/medlemsmote-17-april\/","url_meta":{"origin":512,"position":3},"title":"Medlemsm\u00f8te 17. april","author":"Idar \u00c5dnesen","date":"3. april 2024","format":false,"excerpt":"Agenda:Hanne Aa Kristiansen fra Sparebank 1 SR Bank presenterer LOfav\u00f8r medlemsfordeler.- Kollektive forsikringsavtaler i Fagforbundet- Individuelle LOfav\u00f8r fordeler bank og forsikring- Hverdags\u00f8konomi; tips og r\u00e5d- Sp\u00f8rsm\u00e5lsrunde mmSted: Auditoriet Haugesund SykehusN\u00e5r: Onsdag 17. april kl. 15.15 Det blir Kahoot med kule premier og servering av pizza mm. P\u00e5melding til:Anne Margrethe Ulland\u2026","rel":"","context":"i &quot;Nyheter&quot;","block_context":{"text":"Nyheter","link":"https:\/\/www.fagforbundet468.com\/portal\/category\/nyheter\/"},"img":{"alt_text":"","src":"https:\/\/i0.wp.com\/www.fagforbundet468.com\/portal\/wp-content\/uploads\/lofavor.jpg?fit=1176%2C432&ssl=1&resize=350%2C200","width":350,"height":200,"srcset":"https:\/\/i0.wp.com\/www.fagforbundet468.com\/portal\/wp-content\/uploads\/lofavor.jpg?fit=1176%2C432&ssl=1&resize=350%2C200 1x, https:\/\/i0.wp.com\/www.fagforbundet468.com\/portal\/wp-content\/uploads\/lofavor.jpg?fit=1176%2C432&ssl=1&resize=525%2C300 1.5x, https:\/\/i0.wp.com\/www.fagforbundet468.com\/portal\/wp-content\/uploads\/lofavor.jpg?fit=1176%2C432&ssl=1&resize=700%2C400 2x, https:\/\/i0.wp.com\/www.fagforbundet468.com\/portal\/wp-content\/uploads\/lofavor.jpg?fit=1176%2C432&ssl=1&resize=1050%2C600 3x"},"classes":[]},{"id":438,"url":"https:\/\/www.fagforbundet468.com\/portal\/2017\/10\/30\/arets-julemote-2017\/","url_meta":{"origin":512,"position":4},"title":"\u00c5rets Julem\u00f8te 2017","author":"Idar \u00c5dnesen","date":"30. oktober 2017","format":false,"excerpt":"Som medlem av Fagforbundet Avd. 468 er du hjertelig velkommer til en kveld med f\u00f8rjulskos, der vi skal spise god mat og hygge oss sammen. Tid: Torsdag 07.12.17 kl. 1800 Sted: Haugesund M\u00e5l- og Ungdomslag, Kvalatun (Kvalamarka 25, 5514 Haugesund) Mat: Koldtbord fra Br\u00f8drene Lundal AS Det blir underholdning med\u2026","rel":"","context":"i &quot;Nyheter&quot;","block_context":{"text":"Nyheter","link":"https:\/\/www.fagforbundet468.com\/portal\/category\/nyheter\/"},"img":{"alt_text":"","src":"https:\/\/i0.wp.com\/www.fagforbundet468.com\/portal\/wp-content\/uploads\/julem%C3%B8te_4_2015.jpg?fit=900%2C675&ssl=1&resize=350%2C200","width":350,"height":200,"srcset":"https:\/\/i0.wp.com\/www.fagforbundet468.com\/portal\/wp-content\/uploads\/julem%C3%B8te_4_2015.jpg?fit=900%2C675&ssl=1&resize=350%2C200 1x, https:\/\/i0.wp.com\/www.fagforbundet468.com\/portal\/wp-content\/uploads\/julem%C3%B8te_4_2015.jpg?fit=900%2C675&ssl=1&resize=525%2C300 1.5x, https:\/\/i0.wp.com\/www.fagforbundet468.com\/portal\/wp-content\/uploads\/julem%C3%B8te_4_2015.jpg?fit=900%2C675&ssl=1&resize=700%2C400 2x"},"classes":[]},{"id":622,"url":"https:\/\/www.fagforbundet468.com\/portal\/2019\/01\/14\/foredrag-om-livstil-og-helse\/","url_meta":{"origin":512,"position":5},"title":"Foredrag om livstil og helse","author":"Idar \u00c5dnesen","date":"14. januar 2019","format":false,"excerpt":"Foredragsholder Ragnhild Lekven Fimreite er utdannet klinisk ern\u00e6ringsfysiolog ved det Medisinske fakultet, Universitet i Oslo i 1999. Hun har i tillegg studert pedagogikk og psykologi. Hva skal vi egentlig tro p\u00e5 n\u00e5r det gjelder kostr\u00e5d? F\u00f8lger vi kostr\u00e5dene? \/Hva spiser vi egentlig? Utsatte grupper som personer med livsstilssykdommer, barn og\u2026","rel":"","context":"i &quot;Nyheter&quot;","block_context":{"text":"Nyheter","link":"https:\/\/www.fagforbundet468.com\/portal\/category\/nyheter\/"},"img":{"alt_text":"","src":"https:\/\/i0.wp.com\/www.fagforbundet468.com\/portal\/wp-content\/uploads\/Ragnhild-Lekven-Fimreite.jpg?fit=480%2C360&ssl=1&resize=350%2C200","width":350,"height":200},"classes":[]}],"_links":{"self":[{"href":"https:\/\/www.fagforbundet468.com\/portal\/wp-json\/wp\/v2\/posts\/512","targetHints":{"allow":["GET"]}}],"collection":[{"href":"https:\/\/www.fagforbundet468.com\/portal\/wp-json\/wp\/v2\/posts"}],"about":[{"href":"https:\/\/www.fagforbundet468.com\/portal\/wp-json\/wp\/v2\/types\/post"}],"author":[{"embeddable":true,"href":"https:\/\/www.fagforbundet468.com\/portal\/wp-json\/wp\/v2\/users\/2"}],"replies":[{"embeddable":true,"href":"https:\/\/www.fagforbundet468.com\/portal\/wp-json\/wp\/v2\/comments?post=512"}],"version-history":[{"count":3,"href":"https:\/\/www.fagforbundet468.com\/portal\/wp-json\/wp\/v2\/posts\/512\/revisions"}],"predecessor-version":[{"id":517,"href":"https:\/\/www.fagforbundet468.com\/portal\/wp-json\/wp\/v2\/posts\/512\/revisions\/517"}],"wp:featuredmedia":[{"embeddable":true,"href":"https:\/\/www.fagforbundet468.com\/portal\/wp-json\/wp\/v2\/media\/513"}],"wp:attachment":[{"href":"https:\/\/www.fagforbundet468.com\/portal\/wp-json\/wp\/v2\/media?parent=512"}],"wp:term":[{"taxonomy":"category","embeddable":true,"href":"https:\/\/www.fagforbundet468.com\/portal\/wp-json\/wp\/v2\/categories?post=512"},{"taxonomy":"post_tag","embeddable":true,"href":"https:\/\/www.fagforbundet468.com\/portal\/wp-json\/wp\/v2\/tags?post=512"}],"curies":[{"name":"wp","href":"https:\/\/api.w.org\/{rel}","templated":true}]}}