{"id":504,"date":"2018-04-08T21:55:05","date_gmt":"2018-04-08T19:55:05","guid":{"rendered":"http:\/\/www.fagforbundet468.com\/portal\/?p=504"},"modified":"2018-04-08T21:55:05","modified_gmt":"2018-04-08T19:55:05","slug":"fagforbundet-ungs-sommerkonferanse","status":"publish","type":"post","link":"https:\/\/www.fagforbundet468.com\/portal\/2018\/04\/08\/fagforbundet-ungs-sommerkonferanse\/","title":{"rendered":"Fagforbundet Ungs Sommerkonferanse"},"content":{"rendered":"<p>Fagforbundet Ungs Sommerkonferanse &#8211; Kl\u00e6kken hotell<\/p>\n<p>Dato: 15 &#8211; 17 Juni 2018<\/p>\n<ul>\n<li>200 deltakere<\/li>\n<li>18 &#8211; \u00e5rsgrense<\/li>\n<li>Faglig p\u00e5fylll<\/li>\n<li>Debatt<\/li>\n<li>Sosialt<\/li>\n<\/ul>\n<p>Konferansen er gratis og du kan s\u00f8ke din forbunds region eller fagforening om st\u00f8tte til reise.<\/p>\n<p>Se mer i vedlagt dokument<\/p>\n<p>&#8211;\u00a0<a href=\"http:\/\/www.fagforbundet468.com\/portal\/wp-content\/uploads\/Fagforbundet-Ungs-Sommerkonferanse-2018.pdf\">Fagforbundet Ungs Sommerkonferanse 2018<\/a><\/p>\n","protected":false},"excerpt":{"rendered":"<p>Fagforbundet Ungs Sommerkonferanse &#8211; Kl\u00e6kken hotell Dato: 15 &#8211; 17 Juni 2018 200 deltakere 18 &#8211; \u00e5rsgrense Faglig p\u00e5fylll Debatt Sosialt Konferansen er gratis og&#8230;<\/p>\n","protected":false},"author":2,"featured_media":505,"comment_status":"open","ping_status":"open","sticky":false,"template":"","format":"standard","meta":{"jetpack_post_was_ever_published":false,"_jetpack_newsletter_access":"","_jetpack_dont_email_post_to_subs":false,"_jetpack_newsletter_tier_id":0,"_jetpack_memberships_contains_paywalled_content":false,"_jetpack_memberships_contains_paid_content":false,"footnotes":"","jetpack_publicize_message":"","jetpack_publicize_feature_enabled":true,"jetpack_social_post_already_shared":true,"jetpack_social_options":{"image_generator_settings":{"template":"highway","default_image_id":0,"font":"","enabled":false},"version":2}},"categories":[1,6],"tags":[158,160,161,159,162],"class_list":["post-504","post","type-post","status-publish","format-standard","has-post-thumbnail","hentry","category-nyheter","category-ungdom","tag-fagforbundet-ung","tag-faglig-pafyll","tag-gratis","tag-sommerkonferanse","tag-sosialt"],"jetpack_publicize_connections":[],"jetpack_featured_media_url":"https:\/\/i0.wp.com\/www.fagforbundet468.com\/portal\/wp-content\/uploads\/sommerleir2018.jpeg?fit=820%2C416&ssl=1","jetpack_sharing_enabled":true,"jetpack_shortlink":"https:\/\/wp.me\/p173ho-88","jetpack-related-posts":[{"id":819,"url":"https:\/\/www.fagforbundet468.com\/portal\/2020\/03\/09\/sommerfestivalen-2020\/","url_meta":{"origin":504,"position":0},"title":"Sommerfestivalen 2020 &#8211; AVLYST","author":"Idar \u00c5dnesen","date":"9. mars 2020","format":false,"excerpt":"Helga 12. til 14. juni inviterer Fagforbundet Ung deg til \u00e5rets sommerfestival, denne gangen p\u00e5 idylliske Scandic Havna i Tj\u00f8me i Vestfold! Her f\u00e5r du tre dager som er tettpakket med faglig og sosialt innhold. Les mer i vedlegget under Sommerfestivalen-2020Last ned","rel":"","context":"i &quot;Nyheter&quot;","block_context":{"text":"Nyheter","link":"https:\/\/www.fagforbundet468.com\/portal\/category\/nyheter\/"},"img":{"alt_text":"","src":"https:\/\/i0.wp.com\/www.fagforbundet468.com\/portal\/wp-content\/uploads\/sommerfestival2020.png?fit=1120%2C630&ssl=1&resize=350%2C200","width":350,"height":200,"srcset":"https:\/\/i0.wp.com\/www.fagforbundet468.com\/portal\/wp-content\/uploads\/sommerfestival2020.png?fit=1120%2C630&ssl=1&resize=350%2C200 1x, https:\/\/i0.wp.com\/www.fagforbundet468.com\/portal\/wp-content\/uploads\/sommerfestival2020.png?fit=1120%2C630&ssl=1&resize=525%2C300 1.5x, https:\/\/i0.wp.com\/www.fagforbundet468.com\/portal\/wp-content\/uploads\/sommerfestival2020.png?fit=1120%2C630&ssl=1&resize=700%2C400 2x, https:\/\/i0.wp.com\/www.fagforbundet468.com\/portal\/wp-content\/uploads\/sommerfestival2020.png?fit=1120%2C630&ssl=1&resize=1050%2C600 3x"},"classes":[]},{"id":527,"url":"https:\/\/www.fagforbundet468.com\/portal\/2018\/06\/14\/fagforbundet-15-ar\/","url_meta":{"origin":504,"position":1},"title":"Fagforbundet 15 \u00e5r!","author":"Idar \u00c5dnesen","date":"14. juni 2018","format":false,"excerpt":"Den 17. juni 2018 er det 15 \u00e5r siden Fagforbundet ble etablert. Da hadde forbundet 287 000 medlemmer. Vi er stolte over at vi vokser, har innflytelse og gjennomslagskraft til \u00e5 vinne fram med v\u00e5r politikk i l\u00f8nnsforhandlinger, i samfunn og politikk og i yrkesfaglige sp\u00f8rsm\u00e5l. M\u00e5lene om en sterk\u2026","rel":"","context":"i &quot;Nyheter&quot;","block_context":{"text":"Nyheter","link":"https:\/\/www.fagforbundet468.com\/portal\/category\/nyheter\/"},"img":{"alt_text":"","src":"https:\/\/i0.wp.com\/www.fagforbundet468.com\/portal\/wp-content\/uploads\/15-%C3%A5r-e1529010330709.png?fit=750%2C261&ssl=1&resize=350%2C200","width":350,"height":200,"srcset":"https:\/\/i0.wp.com\/www.fagforbundet468.com\/portal\/wp-content\/uploads\/15-%C3%A5r-e1529010330709.png?fit=750%2C261&ssl=1&resize=350%2C200 1x, https:\/\/i0.wp.com\/www.fagforbundet468.com\/portal\/wp-content\/uploads\/15-%C3%A5r-e1529010330709.png?fit=750%2C261&ssl=1&resize=525%2C300 1.5x, https:\/\/i0.wp.com\/www.fagforbundet468.com\/portal\/wp-content\/uploads\/15-%C3%A5r-e1529010330709.png?fit=750%2C261&ssl=1&resize=700%2C400 2x"},"classes":[]},{"id":461,"url":"https:\/\/www.fagforbundet468.com\/portal\/2017\/12\/22\/arsmote-fagforbundet-avd-468\/","url_meta":{"origin":504,"position":2},"title":"\u00c5rsm\u00f8te Fagforbundet Avd. 468","author":"Idar \u00c5dnesen","date":"22. desember 2017","format":false,"excerpt":"Det blir avholdt \u00e5rsm\u00f8te 25. januar 2018 kl. 1800 i kantinen p\u00e5 Haugesund Revmatismesjukehus. Saker til \u00c5rsm\u00f8te m\u00e5 v\u00e6re styret i hende 07.01.18. Innkalling til \u00e5rsm\u00f8te blir lagt ut p\u00e5 v\u00e5r hjemmeside.","rel":"","context":"i &quot;Nyheter&quot;","block_context":{"text":"Nyheter","link":"https:\/\/www.fagforbundet468.com\/portal\/category\/nyheter\/"},"img":{"alt_text":"","src":"https:\/\/i0.wp.com\/www.fagforbundet468.com\/portal\/wp-content\/uploads\/styret.jpg?fit=700%2C525&ssl=1&resize=350%2C200","width":350,"height":200,"srcset":"https:\/\/i0.wp.com\/www.fagforbundet468.com\/portal\/wp-content\/uploads\/styret.jpg?fit=700%2C525&ssl=1&resize=350%2C200 1x, https:\/\/i0.wp.com\/www.fagforbundet468.com\/portal\/wp-content\/uploads\/styret.jpg?fit=700%2C525&ssl=1&resize=525%2C300 1.5x, https:\/\/i0.wp.com\/www.fagforbundet468.com\/portal\/wp-content\/uploads\/styret.jpg?fit=700%2C525&ssl=1&resize=700%2C400 2x"},"classes":[]},{"id":705,"url":"https:\/\/www.fagforbundet468.com\/portal\/2019\/09\/03\/familiedag-i-vangen\/","url_meta":{"origin":504,"position":3},"title":"Familiedag i Vangen","author":"Idar \u00c5dnesen","date":"3. september 2019","format":false,"excerpt":"Fagforbundet inviterer til \u00e5pen familiedag ved lekeplassen i Haraldsvang der det blir minikinsert med Marie M. Jakobsen, ponniridning, ansiktsmaling, rebusl\u00f8ype og andre aktiviteter.Vi serverer p\u00f8lse i br\u00f8d og noe \u00e5 drikkeVi deler ut flotte premier fra Haugaland Zoo og Minigolfen familieparkDet blir ogs\u00e5 mulighet for \u00e5 hilse p\u00e5 ekte brannmenn\u2026","rel":"","context":"i &quot;Nyheter&quot;","block_context":{"text":"Nyheter","link":"https:\/\/www.fagforbundet468.com\/portal\/category\/nyheter\/"},"img":{"alt_text":"","src":"https:\/\/i0.wp.com\/www.fagforbundet468.com\/portal\/wp-content\/uploads\/vangen.jpg?fit=1023%2C589&ssl=1&resize=350%2C200","width":350,"height":200,"srcset":"https:\/\/i0.wp.com\/www.fagforbundet468.com\/portal\/wp-content\/uploads\/vangen.jpg?fit=1023%2C589&ssl=1&resize=350%2C200 1x, https:\/\/i0.wp.com\/www.fagforbundet468.com\/portal\/wp-content\/uploads\/vangen.jpg?fit=1023%2C589&ssl=1&resize=525%2C300 1.5x, https:\/\/i0.wp.com\/www.fagforbundet468.com\/portal\/wp-content\/uploads\/vangen.jpg?fit=1023%2C589&ssl=1&resize=700%2C400 2x"},"classes":[]},{"id":429,"url":"https:\/\/www.fagforbundet468.com\/portal\/2017\/10\/09\/fagforbundet-onsker-velkommen-til-foredrag-med-vibekke-berge\/","url_meta":{"origin":504,"position":4},"title":"Fagforbundet \u00f8nsker velkommen til foredrag med Vibekke Berge","author":"Idar \u00c5dnesen","date":"9. oktober 2017","format":false,"excerpt":"Vibekke Berge fikk hjerneslag i 2012. Da var hun 31 \u00e5r gammel, sm\u00e5barns mamma og vernepleier. Hovedm\u00e5let hennes med foredraget \u00abN\u00e5r ingen ser det\u00bb er \u00e5 skape st\u00f8rre forst\u00e5else og innsikt i hvordan det er \u00e5 leve med usynlige skader etter hjerneslag. Dette er ogs\u00e5 en historie om \u00e5 takle\u2026","rel":"","context":"i &quot;Nyheter&quot;","block_context":{"text":"Nyheter","link":"https:\/\/www.fagforbundet468.com\/portal\/category\/nyheter\/"},"img":{"alt_text":"","src":"https:\/\/i0.wp.com\/www.fagforbundet468.com\/portal\/wp-content\/uploads\/berge.png?fit=750%2C450&ssl=1&resize=350%2C200","width":350,"height":200,"srcset":"https:\/\/i0.wp.com\/www.fagforbundet468.com\/portal\/wp-content\/uploads\/berge.png?fit=750%2C450&ssl=1&resize=350%2C200 1x, https:\/\/i0.wp.com\/www.fagforbundet468.com\/portal\/wp-content\/uploads\/berge.png?fit=750%2C450&ssl=1&resize=525%2C300 1.5x, https:\/\/i0.wp.com\/www.fagforbundet468.com\/portal\/wp-content\/uploads\/berge.png?fit=750%2C450&ssl=1&resize=700%2C400 2x"},"classes":[]},{"id":647,"url":"https:\/\/www.fagforbundet468.com\/portal\/2019\/02\/25\/olsmaking\/","url_meta":{"origin":504,"position":5},"title":"Foredrag med Bj\u00f8rn Dybdahl","author":"Idar \u00c5dnesen","date":"25. februar 2019","format":false,"excerpt":"Velkommen til foredrag og Bj\u00f8rn Dybdahl fortelle storyen og litt om \u00f8l.Etterp\u00e5 blir det muligheter for omvisning og sp\u00f8rsm\u00e5l, det er ogs\u00e5 mulig \u00e5 kj\u00f8pe \u00f8l som hver enkelt m\u00e5 dekke selv og blir ikke dekket av Fagforbundet.Tid: Torsdag 11. april kl. 1900Sted: H\u00f8vleriet (Smedasundet 66)Gratis for medlemmer av Fagforbundet\u2026","rel":"","context":"i &quot;Nyheter&quot;","block_context":{"text":"Nyheter","link":"https:\/\/www.fagforbundet468.com\/portal\/category\/nyheter\/"},"img":{"alt_text":"","src":"https:\/\/i0.wp.com\/www.fagforbundet468.com\/portal\/wp-content\/uploads\/garasjebryggeriet.jpg?fit=1200%2C688&ssl=1&resize=350%2C200","width":350,"height":200,"srcset":"https:\/\/i0.wp.com\/www.fagforbundet468.com\/portal\/wp-content\/uploads\/garasjebryggeriet.jpg?fit=1200%2C688&ssl=1&resize=350%2C200 1x, https:\/\/i0.wp.com\/www.fagforbundet468.com\/portal\/wp-content\/uploads\/garasjebryggeriet.jpg?fit=1200%2C688&ssl=1&resize=525%2C300 1.5x, https:\/\/i0.wp.com\/www.fagforbundet468.com\/portal\/wp-content\/uploads\/garasjebryggeriet.jpg?fit=1200%2C688&ssl=1&resize=700%2C400 2x, https:\/\/i0.wp.com\/www.fagforbundet468.com\/portal\/wp-content\/uploads\/garasjebryggeriet.jpg?fit=1200%2C688&ssl=1&resize=1050%2C600 3x"},"classes":[]}],"_links":{"self":[{"href":"https:\/\/www.fagforbundet468.com\/portal\/wp-json\/wp\/v2\/posts\/504","targetHints":{"allow":["GET"]}}],"collection":[{"href":"https:\/\/www.fagforbundet468.com\/portal\/wp-json\/wp\/v2\/posts"}],"about":[{"href":"https:\/\/www.fagforbundet468.com\/portal\/wp-json\/wp\/v2\/types\/post"}],"author":[{"embeddable":true,"href":"https:\/\/www.fagforbundet468.com\/portal\/wp-json\/wp\/v2\/users\/2"}],"replies":[{"embeddable":true,"href":"https:\/\/www.fagforbundet468.com\/portal\/wp-json\/wp\/v2\/comments?post=504"}],"version-history":[{"count":1,"href":"https:\/\/www.fagforbundet468.com\/portal\/wp-json\/wp\/v2\/posts\/504\/revisions"}],"predecessor-version":[{"id":507,"href":"https:\/\/www.fagforbundet468.com\/portal\/wp-json\/wp\/v2\/posts\/504\/revisions\/507"}],"wp:featuredmedia":[{"embeddable":true,"href":"https:\/\/www.fagforbundet468.com\/portal\/wp-json\/wp\/v2\/media\/505"}],"wp:attachment":[{"href":"https:\/\/www.fagforbundet468.com\/portal\/wp-json\/wp\/v2\/media?parent=504"}],"wp:term":[{"taxonomy":"category","embeddable":true,"href":"https:\/\/www.fagforbundet468.com\/portal\/wp-json\/wp\/v2\/categories?post=504"},{"taxonomy":"post_tag","embeddable":true,"href":"https:\/\/www.fagforbundet468.com\/portal\/wp-json\/wp\/v2\/tags?post=504"}],"curies":[{"name":"wp","href":"https:\/\/api.w.org\/{rel}","templated":true}]}}