{"id":468,"date":"2018-01-16T23:36:52","date_gmt":"2018-01-16T22:36:52","guid":{"rendered":"http:\/\/www.fagforbundet468.com\/portal\/?p=468"},"modified":"2018-01-16T23:38:07","modified_gmt":"2018-01-16T22:38:07","slug":"foredrag-med-kristian-heggebo","status":"publish","type":"post","link":"https:\/\/www.fagforbundet468.com\/portal\/2018\/01\/16\/foredrag-med-kristian-heggebo\/","title":{"rendered":"Foredrag med Kristian Heggeb\u00f8"},"content":{"rendered":"<p>Fagforbundet \u00f8nsker velkommen til foredrag med Kristian Heggeb\u00f8<\/p>\n<blockquote><p>Midlertidighet og usikkerhet: arbeidslivet i endring<\/p><\/blockquote>\n<p>Heggeb\u00f8 fra Vindafjord er forsker ved seksjon for helse og velferds forskning, forsker p\u00e5 arbeids markedsanalyse, helse og helseulikhet, utdannings sosiologi, og personer med helseproblemer sin arbeidsmarkedstilknytning<\/p>\n<p><strong>Tid:<\/strong> Torsdag 08.02.18 kl. 1900<br \/>\n<strong>Sted:<\/strong> Auditorie C, H\u00f8yskolen i Haugesund<\/p>\n<blockquote><p>Det vil bli servert pizza<\/p><\/blockquote>\n<p>Gratis for Fagforbundets medlemmer, ikke medlemmer 100 kr.<\/p>\n<p>P\u00e5melding innen 5. februar til: Magne Bua\u00a0\u00a0<a href=\"mailto:.magnebua@hotmail.com\">magnebua@hotmail.com<\/a>\u00a0| Sms 92852851<\/p>\n","protected":false},"excerpt":{"rendered":"<p>Fagforbundet \u00f8nsker velkommen til foredrag med Kristian Heggeb\u00f8 Midlertidighet og usikkerhet: arbeidslivet i endring Heggeb\u00f8 fra Vindafjord er forsker ved seksjon for helse og velferds&#8230;<\/p>\n","protected":false},"author":2,"featured_media":469,"comment_status":"closed","ping_status":"open","sticky":false,"template":"","format":"standard","meta":{"jetpack_post_was_ever_published":false,"_jetpack_newsletter_access":"","_jetpack_dont_email_post_to_subs":false,"_jetpack_newsletter_tier_id":0,"_jetpack_memberships_contains_paywalled_content":false,"_jetpack_memberships_contains_paid_content":false,"footnotes":"","jetpack_publicize_message":"","jetpack_publicize_feature_enabled":true,"jetpack_social_post_already_shared":true,"jetpack_social_options":{"image_generator_settings":{"template":"highway","default_image_id":0,"font":"","enabled":false},"version":2}},"categories":[1],"tags":[52,153,152,154],"class_list":["post-468","post","type-post","status-publish","format-standard","has-post-thumbnail","hentry","category-nyheter","tag-foredrag","tag-hoyskolen","tag-kristian-heggebo","tag-pizza"],"jetpack_publicize_connections":[],"jetpack_featured_media_url":"https:\/\/i0.wp.com\/www.fagforbundet468.com\/portal\/wp-content\/uploads\/heggeb%C3%B8.jpg?fit=1024%2C645&ssl=1","jetpack_sharing_enabled":false,"jetpack_shortlink":"https:\/\/wp.me\/p173ho-7y","jetpack-related-posts":[{"id":412,"url":"https:\/\/www.fagforbundet468.com\/portal\/2017\/09\/06\/foredrag-med-hanne-kristin-rohde\/","url_meta":{"origin":468,"position":0},"title":"Foredrag med Hanne Kristin Rohde","author":"Idar \u00c5dnesen","date":"6. september 2017","format":false,"excerpt":"Velkommen til et spennende foredrag med en av landets fremste foredragsholdere Hanne Kristin Rohde. Enhver medarbeider skal f\u00f8le seg sett og verdsett. En leders etiske ansvar er blant annet \u00e5 leve etter \u00abhvem vil jeg at du skal v\u00e6re og utvikle deg til i m\u00f8te med meg\u00bb Balanse og likeverd\u2026","rel":"","context":"i &quot;Nyheter&quot;","block_context":{"text":"Nyheter","link":"https:\/\/www.fagforbundet468.com\/portal\/category\/nyheter\/"},"img":{"alt_text":"","src":"https:\/\/i0.wp.com\/www.fagforbundet468.com\/portal\/wp-content\/uploads\/Rohde.jpg?fit=900%2C900&ssl=1&resize=350%2C200","width":350,"height":200,"srcset":"https:\/\/i0.wp.com\/www.fagforbundet468.com\/portal\/wp-content\/uploads\/Rohde.jpg?fit=900%2C900&ssl=1&resize=350%2C200 1x, https:\/\/i0.wp.com\/www.fagforbundet468.com\/portal\/wp-content\/uploads\/Rohde.jpg?fit=900%2C900&ssl=1&resize=525%2C300 1.5x, https:\/\/i0.wp.com\/www.fagforbundet468.com\/portal\/wp-content\/uploads\/Rohde.jpg?fit=900%2C900&ssl=1&resize=700%2C400 2x"},"classes":[]},{"id":253,"url":"https:\/\/www.fagforbundet468.com\/portal\/2016\/02\/25\/petter-uteligger\/","url_meta":{"origin":468,"position":1},"title":"&laquo;Petter Uteligger&raquo;","author":"Idar \u00c5dnesen","date":"25. februar 2016","format":false,"excerpt":"Fagforbundet Avd. 468 inviterer til et spennende foredrag med Petter Nyquist som vil fortelle om bakgrunnen for prosjektet og hva han l\u00e6rte av \u00e5 bo p\u00e5 gata i TV-serien \"Petter Uteligger\" Tid: Tirsdag 15. mars kl. 19.00 - 21.00 Sted: H\u00f8yskolen i Haugesund P\u00e5melding: Send SMS til 928 52 951\u2026","rel":"","context":"i &quot;Nyheter&quot;","block_context":{"text":"Nyheter","link":"https:\/\/www.fagforbundet468.com\/portal\/category\/nyheter\/"},"img":{"alt_text":"","src":"https:\/\/i0.wp.com\/www.fagforbundet468.com\/portal\/wp-content\/uploads\/petter-uteligger2.jpg?fit=960%2C428&ssl=1&resize=350%2C200","width":350,"height":200,"srcset":"https:\/\/i0.wp.com\/www.fagforbundet468.com\/portal\/wp-content\/uploads\/petter-uteligger2.jpg?fit=960%2C428&ssl=1&resize=350%2C200 1x, https:\/\/i0.wp.com\/www.fagforbundet468.com\/portal\/wp-content\/uploads\/petter-uteligger2.jpg?fit=960%2C428&ssl=1&resize=525%2C300 1.5x, https:\/\/i0.wp.com\/www.fagforbundet468.com\/portal\/wp-content\/uploads\/petter-uteligger2.jpg?fit=960%2C428&ssl=1&resize=700%2C400 2x"},"classes":[]},{"id":543,"url":"https:\/\/www.fagforbundet468.com\/portal\/2018\/08\/31\/velkommen-til-foredrag-med-helsesista\/","url_meta":{"origin":468,"position":2},"title":"Velkommen til foredrag med &laquo;Helsesista&raquo;","author":"Idar \u00c5dnesen","date":"31. august 2018","format":false,"excerpt":"Helses\u00f8steren Tale Maria Krohn Engvik, bedre kjent som \u00abHelsesista\u00bb, holder foredrag om digital kommunikasjon og psykisk helse. P\u00e5 sosiale medier snakker hun med barn, unge og unge voksne om vanskelige og tabubelagte temaer som seksualitet, identitet, kropp og helse. Hennes m\u00e5l er \u00e5 gj\u00f8re viktig informasjon synlig, og styrke barn\u2026","rel":"","context":"i &quot;Nyheter&quot;","block_context":{"text":"Nyheter","link":"https:\/\/www.fagforbundet468.com\/portal\/category\/nyheter\/"},"img":{"alt_text":"","src":"https:\/\/i0.wp.com\/www.fagforbundet468.com\/portal\/wp-content\/uploads\/helsesista_bilde.png?fit=796%2C725&ssl=1&resize=350%2C200","width":350,"height":200,"srcset":"https:\/\/i0.wp.com\/www.fagforbundet468.com\/portal\/wp-content\/uploads\/helsesista_bilde.png?fit=796%2C725&ssl=1&resize=350%2C200 1x, https:\/\/i0.wp.com\/www.fagforbundet468.com\/portal\/wp-content\/uploads\/helsesista_bilde.png?fit=796%2C725&ssl=1&resize=525%2C300 1.5x, https:\/\/i0.wp.com\/www.fagforbundet468.com\/portal\/wp-content\/uploads\/helsesista_bilde.png?fit=796%2C725&ssl=1&resize=700%2C400 2x"},"classes":[]},{"id":622,"url":"https:\/\/www.fagforbundet468.com\/portal\/2019\/01\/14\/foredrag-om-livstil-og-helse\/","url_meta":{"origin":468,"position":3},"title":"Foredrag om livstil og helse","author":"Idar \u00c5dnesen","date":"14. januar 2019","format":false,"excerpt":"Foredragsholder Ragnhild Lekven Fimreite er utdannet klinisk ern\u00e6ringsfysiolog ved det Medisinske fakultet, Universitet i Oslo i 1999. Hun har i tillegg studert pedagogikk og psykologi. Hva skal vi egentlig tro p\u00e5 n\u00e5r det gjelder kostr\u00e5d? F\u00f8lger vi kostr\u00e5dene? \/Hva spiser vi egentlig? Utsatte grupper som personer med livsstilssykdommer, barn og\u2026","rel":"","context":"i &quot;Nyheter&quot;","block_context":{"text":"Nyheter","link":"https:\/\/www.fagforbundet468.com\/portal\/category\/nyheter\/"},"img":{"alt_text":"","src":"https:\/\/i0.wp.com\/www.fagforbundet468.com\/portal\/wp-content\/uploads\/Ragnhild-Lekven-Fimreite.jpg?fit=480%2C360&ssl=1&resize=350%2C200","width":350,"height":200},"classes":[]},{"id":616,"url":"https:\/\/www.fagforbundet468.com\/portal\/2019\/01\/14\/foredrag-med-arild-knutsen\/","url_meta":{"origin":468,"position":4},"title":"Foredrag med Arild Knutsen","author":"Idar \u00c5dnesen","date":"14. januar 2019","format":false,"excerpt":"Arild Knutsen er leder for nasjonalforeningen for human narkotika politikk, han har drevet et langvarig arbeid for rusavhengiges rettigheter og verdighet for at det blir slutt p\u00e5 skammen, utst\u00f8ting og desperasjon. Knutsen var blant annet med og startet opp = Oslo og han er mye brukt som foredragsholder og innleder\u2026","rel":"","context":"i &quot;Nyheter&quot;","block_context":{"text":"Nyheter","link":"https:\/\/www.fagforbundet468.com\/portal\/category\/nyheter\/"},"img":{"alt_text":"","src":"https:\/\/i0.wp.com\/www.fagforbundet468.com\/portal\/wp-content\/uploads\/arildknutsen.jpg?fit=1200%2C800&ssl=1&resize=350%2C200","width":350,"height":200,"srcset":"https:\/\/i0.wp.com\/www.fagforbundet468.com\/portal\/wp-content\/uploads\/arildknutsen.jpg?fit=1200%2C800&ssl=1&resize=350%2C200 1x, https:\/\/i0.wp.com\/www.fagforbundet468.com\/portal\/wp-content\/uploads\/arildknutsen.jpg?fit=1200%2C800&ssl=1&resize=525%2C300 1.5x, https:\/\/i0.wp.com\/www.fagforbundet468.com\/portal\/wp-content\/uploads\/arildknutsen.jpg?fit=1200%2C800&ssl=1&resize=700%2C400 2x, https:\/\/i0.wp.com\/www.fagforbundet468.com\/portal\/wp-content\/uploads\/arildknutsen.jpg?fit=1200%2C800&ssl=1&resize=1050%2C600 3x"},"classes":[]},{"id":647,"url":"https:\/\/www.fagforbundet468.com\/portal\/2019\/02\/25\/olsmaking\/","url_meta":{"origin":468,"position":5},"title":"Foredrag med Bj\u00f8rn Dybdahl","author":"Idar \u00c5dnesen","date":"25. februar 2019","format":false,"excerpt":"Velkommen til foredrag og Bj\u00f8rn Dybdahl fortelle storyen og litt om \u00f8l.Etterp\u00e5 blir det muligheter for omvisning og sp\u00f8rsm\u00e5l, det er ogs\u00e5 mulig \u00e5 kj\u00f8pe \u00f8l som hver enkelt m\u00e5 dekke selv og blir ikke dekket av Fagforbundet.Tid: Torsdag 11. april kl. 1900Sted: H\u00f8vleriet (Smedasundet 66)Gratis for medlemmer av Fagforbundet\u2026","rel":"","context":"i &quot;Nyheter&quot;","block_context":{"text":"Nyheter","link":"https:\/\/www.fagforbundet468.com\/portal\/category\/nyheter\/"},"img":{"alt_text":"","src":"https:\/\/i0.wp.com\/www.fagforbundet468.com\/portal\/wp-content\/uploads\/garasjebryggeriet.jpg?fit=1200%2C688&ssl=1&resize=350%2C200","width":350,"height":200,"srcset":"https:\/\/i0.wp.com\/www.fagforbundet468.com\/portal\/wp-content\/uploads\/garasjebryggeriet.jpg?fit=1200%2C688&ssl=1&resize=350%2C200 1x, https:\/\/i0.wp.com\/www.fagforbundet468.com\/portal\/wp-content\/uploads\/garasjebryggeriet.jpg?fit=1200%2C688&ssl=1&resize=525%2C300 1.5x, https:\/\/i0.wp.com\/www.fagforbundet468.com\/portal\/wp-content\/uploads\/garasjebryggeriet.jpg?fit=1200%2C688&ssl=1&resize=700%2C400 2x, https:\/\/i0.wp.com\/www.fagforbundet468.com\/portal\/wp-content\/uploads\/garasjebryggeriet.jpg?fit=1200%2C688&ssl=1&resize=1050%2C600 3x"},"classes":[]}],"_links":{"self":[{"href":"https:\/\/www.fagforbundet468.com\/portal\/wp-json\/wp\/v2\/posts\/468","targetHints":{"allow":["GET"]}}],"collection":[{"href":"https:\/\/www.fagforbundet468.com\/portal\/wp-json\/wp\/v2\/posts"}],"about":[{"href":"https:\/\/www.fagforbundet468.com\/portal\/wp-json\/wp\/v2\/types\/post"}],"author":[{"embeddable":true,"href":"https:\/\/www.fagforbundet468.com\/portal\/wp-json\/wp\/v2\/users\/2"}],"replies":[{"embeddable":true,"href":"https:\/\/www.fagforbundet468.com\/portal\/wp-json\/wp\/v2\/comments?post=468"}],"version-history":[{"count":2,"href":"https:\/\/www.fagforbundet468.com\/portal\/wp-json\/wp\/v2\/posts\/468\/revisions"}],"predecessor-version":[{"id":471,"href":"https:\/\/www.fagforbundet468.com\/portal\/wp-json\/wp\/v2\/posts\/468\/revisions\/471"}],"wp:featuredmedia":[{"embeddable":true,"href":"https:\/\/www.fagforbundet468.com\/portal\/wp-json\/wp\/v2\/media\/469"}],"wp:attachment":[{"href":"https:\/\/www.fagforbundet468.com\/portal\/wp-json\/wp\/v2\/media?parent=468"}],"wp:term":[{"taxonomy":"category","embeddable":true,"href":"https:\/\/www.fagforbundet468.com\/portal\/wp-json\/wp\/v2\/categories?post=468"},{"taxonomy":"post_tag","embeddable":true,"href":"https:\/\/www.fagforbundet468.com\/portal\/wp-json\/wp\/v2\/tags?post=468"}],"curies":[{"name":"wp","href":"https:\/\/api.w.org\/{rel}","templated":true}]}}