{"id":448,"date":"2017-11-27T21:20:57","date_gmt":"2017-11-27T20:20:57","guid":{"rendered":"http:\/\/www.fagforbundet468.com\/portal\/?p=448"},"modified":"2017-11-27T21:20:57","modified_gmt":"2017-11-27T20:20:57","slug":"gratulerer-med-dagen-2","status":"publish","type":"post","link":"https:\/\/www.fagforbundet468.com\/portal\/2017\/11\/27\/gratulerer-med-dagen-2\/","title":{"rendered":"Gratulerer med dagen!"},"content":{"rendered":"<p>26. november er Den europeiske dagen for helsefagarbeidere.<\/p>\n<blockquote><p>Omtanke er framtidas medisin!<\/p><\/blockquote>\n<p>Fagforbundet gratulerer dere som utgj\u00f8r kjernetoppen i landets helse- og omsorgstjenester. Dere bidra til pleie og omsorg av h\u00f8y kvalitet<\/p>\n","protected":false},"excerpt":{"rendered":"<p>26. november er Den europeiske dagen for helsefagarbeidere. Omtanke er framtidas medisin! Fagforbundet gratulerer dere som utgj\u00f8r kjernetoppen i landets helse- og omsorgstjenester. Dere bidra&#8230;<\/p>\n","protected":false},"author":2,"featured_media":449,"comment_status":"open","ping_status":"open","sticky":false,"template":"","format":"standard","meta":{"jetpack_post_was_ever_published":false,"_jetpack_newsletter_access":"","_jetpack_dont_email_post_to_subs":false,"_jetpack_newsletter_tier_id":0,"_jetpack_memberships_contains_paywalled_content":false,"_jetpack_memberships_contains_paid_content":false,"footnotes":"","jetpack_publicize_message":"","jetpack_publicize_feature_enabled":true,"jetpack_social_post_already_shared":true,"jetpack_social_options":{"image_generator_settings":{"template":"highway","default_image_id":0,"font":"","enabled":false},"version":2}},"categories":[1,2],"tags":[130,147,148,149,30],"class_list":["post-448","post","type-post","status-publish","format-standard","has-post-thumbnail","hentry","category-nyheter","category-shs","tag-gratulerer","tag-helsefagarbeidere","tag-kjernetoppen","tag-omsorg","tag-pleie"],"jetpack_publicize_connections":[],"jetpack_featured_media_url":"https:\/\/i0.wp.com\/www.fagforbundet468.com\/portal\/wp-content\/uploads\/helsefagarbeider.gif?fit=1257%2C890&ssl=1","jetpack_sharing_enabled":false,"jetpack_shortlink":"https:\/\/wp.me\/p173ho-7e","jetpack-related-posts":[{"id":419,"url":"https:\/\/www.fagforbundet468.com\/portal\/2017\/09\/21\/gratulerer-med-dagen\/","url_meta":{"origin":448,"position":0},"title":"Gratulerer med dagen!","author":"Idar \u00c5dnesen","date":"21. september 2017","format":false,"excerpt":"21 September er Ambulansepersonelldagen. Mange av oss har mye og takke de akutt-medisinske tjenestene for. Dere har h\u00f8y kompetanse og er en del av sykehusenes kjernevirksomhet. Takk for at dere er der n\u00e5r vi trenger hjelp","rel":"","context":"i &quot;Nyheter&quot;","block_context":{"text":"Nyheter","link":"https:\/\/www.fagforbundet468.com\/portal\/category\/nyheter\/"},"img":{"alt_text":"","src":"https:\/\/i0.wp.com\/www.fagforbundet468.com\/portal\/wp-content\/uploads\/Ambulanse.png?fit=740%2C516&ssl=1&resize=350%2C200","width":350,"height":200,"srcset":"https:\/\/i0.wp.com\/www.fagforbundet468.com\/portal\/wp-content\/uploads\/Ambulanse.png?fit=740%2C516&ssl=1&resize=350%2C200 1x, https:\/\/i0.wp.com\/www.fagforbundet468.com\/portal\/wp-content\/uploads\/Ambulanse.png?fit=740%2C516&ssl=1&resize=525%2C300 1.5x, https:\/\/i0.wp.com\/www.fagforbundet468.com\/portal\/wp-content\/uploads\/Ambulanse.png?fit=740%2C516&ssl=1&resize=700%2C400 2x"},"classes":[]},{"id":789,"url":"https:\/\/www.fagforbundet468.com\/portal\/2020\/01\/25\/gratulerer-med-dagen-portorer\/","url_meta":{"origin":448,"position":1},"title":"Gratulerer med dagen, Port\u00f8rer","author":"Idar \u00c5dnesen","date":"25. januar 2020","format":false,"excerpt":"Takk for den gode jobben dere gj\u00f8r.G\u00e5 inn p\u00e5 fagforbundet.no og bli medlem","rel":"","context":"i &quot;Nyheter&quot;","block_context":{"text":"Nyheter","link":"https:\/\/www.fagforbundet468.com\/portal\/category\/nyheter\/"},"img":{"alt_text":"","src":"https:\/\/i0.wp.com\/www.fagforbundet468.com\/portal\/wp-content\/uploads\/port%C3%B8r.gif?fit=862%2C850&ssl=1&resize=350%2C200","width":350,"height":200,"srcset":"https:\/\/i0.wp.com\/www.fagforbundet468.com\/portal\/wp-content\/uploads\/port%C3%B8r.gif?fit=862%2C850&ssl=1&resize=350%2C200 1x, https:\/\/i0.wp.com\/www.fagforbundet468.com\/portal\/wp-content\/uploads\/port%C3%B8r.gif?fit=862%2C850&ssl=1&resize=525%2C300 1.5x, https:\/\/i0.wp.com\/www.fagforbundet468.com\/portal\/wp-content\/uploads\/port%C3%B8r.gif?fit=862%2C850&ssl=1&resize=700%2C400 2x"},"classes":[]},{"id":476,"url":"https:\/\/www.fagforbundet468.com\/portal\/2018\/01\/26\/portorer-gratulerer-med-dagen\/","url_meta":{"origin":448,"position":2},"title":"Port\u00f8rer &#8211; gratulerer med dagen!","author":"Idar \u00c5dnesen","date":"26. januar 2018","format":false,"excerpt":"Port\u00f8rene har sin merkedag 26. januar. Takk for at dere skaper flyt p\u00e5 sykehuset og bidra til trygghet for pasientene!","rel":"","context":"i &quot;Nyheter&quot;","block_context":{"text":"Nyheter","link":"https:\/\/www.fagforbundet468.com\/portal\/category\/nyheter\/"},"img":{"alt_text":"","src":"https:\/\/i0.wp.com\/www.fagforbundet468.com\/portal\/wp-content\/uploads\/portor_facebook.jpg?fit=800%2C1200&ssl=1&resize=350%2C200","width":350,"height":200,"srcset":"https:\/\/i0.wp.com\/www.fagforbundet468.com\/portal\/wp-content\/uploads\/portor_facebook.jpg?fit=800%2C1200&ssl=1&resize=350%2C200 1x, https:\/\/i0.wp.com\/www.fagforbundet468.com\/portal\/wp-content\/uploads\/portor_facebook.jpg?fit=800%2C1200&ssl=1&resize=525%2C300 1.5x, https:\/\/i0.wp.com\/www.fagforbundet468.com\/portal\/wp-content\/uploads\/portor_facebook.jpg?fit=800%2C1200&ssl=1&resize=700%2C400 2x"},"classes":[]},{"id":351,"url":"https:\/\/www.fagforbundet468.com\/portal\/2017\/02\/01\/helsesekretaerdagen-1-februar\/","url_meta":{"origin":448,"position":3},"title":"Helsesekret\u00e6rdagen 1 februar","author":"Idar \u00c5dnesen","date":"1. februar 2017","format":false,"excerpt":"Kj\u00e6re helsesekret\u00e6rer 1 Februar er det deres dag, Fagforbundet gratulerer dere med dagen. Dere har en unik kompetanse i helsetjenestene.\u00a0Dere bidrar i det faglige fellesskapet b\u00e5de med helsefaglige og kontorfaglige ferdigheter. Fagforbundet vil bidra til \u00e5 belyse helsesekret\u00e6rens kompetanseomr\u00e5der og vise arbeidsgivere hvorfor det er b\u00e5de smart og l\u00f8nnsomt \u00e5\u2026","rel":"","context":"i &quot;Nyheter&quot;","block_context":{"text":"Nyheter","link":"https:\/\/www.fagforbundet468.com\/portal\/category\/nyheter\/"},"img":{"alt_text":"","src":"https:\/\/i0.wp.com\/www.fagforbundet468.com\/portal\/wp-content\/uploads\/Helsesekrdag-1.jpg?fit=831%2C578&ssl=1&resize=350%2C200","width":350,"height":200,"srcset":"https:\/\/i0.wp.com\/www.fagforbundet468.com\/portal\/wp-content\/uploads\/Helsesekrdag-1.jpg?fit=831%2C578&ssl=1&resize=350%2C200 1x, https:\/\/i0.wp.com\/www.fagforbundet468.com\/portal\/wp-content\/uploads\/Helsesekrdag-1.jpg?fit=831%2C578&ssl=1&resize=525%2C300 1.5x, https:\/\/i0.wp.com\/www.fagforbundet468.com\/portal\/wp-content\/uploads\/Helsesekrdag-1.jpg?fit=831%2C578&ssl=1&resize=700%2C400 2x"},"classes":[]},{"id":163,"url":"https:\/\/www.fagforbundet468.com\/portal\/2015\/11\/06\/arkivenes-dag-2-helg-i-november\/","url_meta":{"origin":448,"position":4},"title":"Arkivenes dag &#8211; 2 helg i november","author":"Idar \u00c5dnesen","date":"6. november 2015","format":false,"excerpt":"Fagforbundet Seksjon kontor og administrasjon gratulerer alle som jobber med dokumentforvaltning. Arkivarbeid\/dokumentforvaltning er ikke bare et fagomr\u00e5de, men ogs\u00e5 et eget yrke. Takk for den nyttige jobben dere gj\u00f8r! >>\u00a0Arkivenes dag 2 helg i november","rel":"","context":"i &quot;SKA&quot;","block_context":{"text":"SKA","link":"https:\/\/www.fagforbundet468.com\/portal\/category\/ska\/"},"img":{"alt_text":"","src":"https:\/\/i0.wp.com\/www.fagforbundet468.com\/portal\/wp-content\/uploads\/journalarkiv.jpg?fit=1181%2C784&ssl=1&resize=350%2C200","width":350,"height":200,"srcset":"https:\/\/i0.wp.com\/www.fagforbundet468.com\/portal\/wp-content\/uploads\/journalarkiv.jpg?fit=1181%2C784&ssl=1&resize=350%2C200 1x, https:\/\/i0.wp.com\/www.fagforbundet468.com\/portal\/wp-content\/uploads\/journalarkiv.jpg?fit=1181%2C784&ssl=1&resize=525%2C300 1.5x, https:\/\/i0.wp.com\/www.fagforbundet468.com\/portal\/wp-content\/uploads\/journalarkiv.jpg?fit=1181%2C784&ssl=1&resize=700%2C400 2x, https:\/\/i0.wp.com\/www.fagforbundet468.com\/portal\/wp-content\/uploads\/journalarkiv.jpg?fit=1181%2C784&ssl=1&resize=1050%2C600 3x"},"classes":[]},{"id":557,"url":"https:\/\/www.fagforbundet468.com\/portal\/2018\/09\/21\/ambulansepersonelldagen-gratulera-med-dagen\/","url_meta":{"origin":448,"position":5},"title":"Ambulansepersonelldagen &#8211; Gratulera med dagen!","author":"Idar \u00c5dnesen","date":"21. september 2018","format":false,"excerpt":"Mange av oss har mye \u00e5 takke de akuttmedisinske tjenestene for. Dere har h\u00f8y kompetanse og er en der av sykehusenes kjernevirksomhet. Takk for at dere er der n\u00e5r vi trenger hjelp!","rel":"","context":"i &quot;Nyheter&quot;","block_context":{"text":"Nyheter","link":"https:\/\/www.fagforbundet468.com\/portal\/category\/nyheter\/"},"img":{"alt_text":"","src":"https:\/\/i0.wp.com\/www.fagforbundet468.com\/portal\/wp-content\/uploads\/Ambulansepersonelldagen_nettside.png?fit=1182%2C676&ssl=1&resize=350%2C200","width":350,"height":200,"srcset":"https:\/\/i0.wp.com\/www.fagforbundet468.com\/portal\/wp-content\/uploads\/Ambulansepersonelldagen_nettside.png?fit=1182%2C676&ssl=1&resize=350%2C200 1x, https:\/\/i0.wp.com\/www.fagforbundet468.com\/portal\/wp-content\/uploads\/Ambulansepersonelldagen_nettside.png?fit=1182%2C676&ssl=1&resize=525%2C300 1.5x, https:\/\/i0.wp.com\/www.fagforbundet468.com\/portal\/wp-content\/uploads\/Ambulansepersonelldagen_nettside.png?fit=1182%2C676&ssl=1&resize=700%2C400 2x, https:\/\/i0.wp.com\/www.fagforbundet468.com\/portal\/wp-content\/uploads\/Ambulansepersonelldagen_nettside.png?fit=1182%2C676&ssl=1&resize=1050%2C600 3x"},"classes":[]}],"_links":{"self":[{"href":"https:\/\/www.fagforbundet468.com\/portal\/wp-json\/wp\/v2\/posts\/448","targetHints":{"allow":["GET"]}}],"collection":[{"href":"https:\/\/www.fagforbundet468.com\/portal\/wp-json\/wp\/v2\/posts"}],"about":[{"href":"https:\/\/www.fagforbundet468.com\/portal\/wp-json\/wp\/v2\/types\/post"}],"author":[{"embeddable":true,"href":"https:\/\/www.fagforbundet468.com\/portal\/wp-json\/wp\/v2\/users\/2"}],"replies":[{"embeddable":true,"href":"https:\/\/www.fagforbundet468.com\/portal\/wp-json\/wp\/v2\/comments?post=448"}],"version-history":[{"count":1,"href":"https:\/\/www.fagforbundet468.com\/portal\/wp-json\/wp\/v2\/posts\/448\/revisions"}],"predecessor-version":[{"id":450,"href":"https:\/\/www.fagforbundet468.com\/portal\/wp-json\/wp\/v2\/posts\/448\/revisions\/450"}],"wp:featuredmedia":[{"embeddable":true,"href":"https:\/\/www.fagforbundet468.com\/portal\/wp-json\/wp\/v2\/media\/449"}],"wp:attachment":[{"href":"https:\/\/www.fagforbundet468.com\/portal\/wp-json\/wp\/v2\/media?parent=448"}],"wp:term":[{"taxonomy":"category","embeddable":true,"href":"https:\/\/www.fagforbundet468.com\/portal\/wp-json\/wp\/v2\/categories?post=448"},{"taxonomy":"post_tag","embeddable":true,"href":"https:\/\/www.fagforbundet468.com\/portal\/wp-json\/wp\/v2\/tags?post=448"}],"curies":[{"name":"wp","href":"https:\/\/api.w.org\/{rel}","templated":true}]}}