{"id":424,"date":"2017-10-03T10:16:12","date_gmt":"2017-10-03T08:16:12","guid":{"rendered":"http:\/\/www.fagforbundet468.com\/portal\/?p=424"},"modified":"2017-10-03T10:16:47","modified_gmt":"2017-10-03T08:16:47","slug":"ulovlig-lading-av-el-biler","status":"publish","type":"post","link":"https:\/\/www.fagforbundet468.com\/portal\/2017\/10\/03\/ulovlig-lading-av-el-biler\/","title":{"rendered":"Ulovlig lading av el-biler"},"content":{"rendered":"<p><strong>Informasjon fra Hyttestyret og Sameie p\u00e5 V\u00e5gslid:<\/strong><\/p>\n<p>P\u00e5peker at det er <strong>FORBUDT<\/strong> \u00e5 lade el-biler i tunnelen (parkeringsplassen til leiligheten). Det b\u00f8r v\u00e6re en selvf\u00f8lge at ogs\u00e5 el-bileiere betaler for drivstoffet selv i stedet for \u00e5 stjele fra fellesskapet. El-biler m\u00e5 lades via egen leilighet eller p\u00e5 egnede ladestasjoner (\u00c5mot og R\u00f8ldal)<\/p>\n","protected":false},"excerpt":{"rendered":"<p>Informasjon fra Hyttestyret og Sameie p\u00e5 V\u00e5gslid: P\u00e5peker at det er FORBUDT \u00e5 lade el-biler i tunnelen (parkeringsplassen til leiligheten). Det b\u00f8r v\u00e6re en selvf\u00f8lge&#8230;<\/p>\n","protected":false},"author":2,"featured_media":105,"comment_status":"closed","ping_status":"closed","sticky":false,"template":"","format":"standard","meta":{"jetpack_post_was_ever_published":false,"_jetpack_newsletter_access":"","_jetpack_dont_email_post_to_subs":false,"_jetpack_newsletter_tier_id":0,"_jetpack_memberships_contains_paywalled_content":false,"_jetpack_memberships_contains_paid_content":false,"footnotes":"","jetpack_publicize_message":"","jetpack_publicize_feature_enabled":true,"jetpack_social_post_already_shared":true,"jetpack_social_options":{"image_generator_settings":{"template":"highway","default_image_id":0,"font":"","enabled":false},"version":2}},"categories":[8,1],"tags":[133,135,131,9,134,132],"class_list":["post-424","post","type-post","status-publish","format-standard","has-post-thumbnail","hentry","category-leilighet","category-nyheter","tag-amot","tag-fellesskapet","tag-lading-forbudt","tag-leilighet","tag-roldal","tag-tunell"],"jetpack_publicize_connections":[],"jetpack_featured_media_url":"https:\/\/i0.wp.com\/www.fagforbundet468.com\/portal\/wp-content\/uploads\/raasali.jpg?fit=900%2C600&ssl=1","jetpack_sharing_enabled":true,"jetpack_shortlink":"https:\/\/wp.me\/p173ho-6Q","jetpack-related-posts":[{"id":1087,"url":"https:\/\/www.fagforbundet468.com\/portal\/2024\/07\/05\/nye-skilt-pa-leilighet\/","url_meta":{"origin":424,"position":0},"title":"Nye skilt p\u00e5 leilighet","author":"Idar \u00c5dnesen","date":"5. juli 2024","format":false,"excerpt":"Det er hengt opp nye skilt p\u00e5 leilighetsbygget vi har lelighet i p\u00e5 V\u00e5gslid. Den nye adressen v\u00e5r er R\u00e5salivegen 9d og er tydelig merket p\u00e5 vegg og ved inngangsd\u00f8r.","rel":"","context":"i &quot;Nyheter&quot;","block_context":{"text":"Nyheter","link":"https:\/\/www.fagforbundet468.com\/portal\/category\/nyheter\/"},"img":{"alt_text":"","src":"","width":0,"height":0},"classes":[]},{"id":346,"url":"https:\/\/www.fagforbundet468.com\/portal\/2017\/01\/30\/nye-vedtekter-og-priser-vedtatt-for-leilighet\/","url_meta":{"origin":424,"position":1},"title":"Nye vedtekter og priser vedtatt for leilighet","author":"Idar \u00c5dnesen","date":"30. januar 2017","format":false,"excerpt":"Under \u00e5rsm\u00f8tet til Fagforbundet avd. 468 ble der vedtatt nye vedtekter og nye priser for leiligheten p\u00e5 fjellet. Hovedpunktene i de nye vedtektene er: Enklere \u00e5 samle opp poeng om du er ny i fagforbundet Kortere oppsamlingstid (6 \u00e5r) Tilbakevirkende kraft (har du v\u00e6rt medlem i 6 \u00e5r eller mer\u2026","rel":"","context":"i &quot;Leilighet&quot;","block_context":{"text":"Leilighet","link":"https:\/\/www.fagforbundet468.com\/portal\/category\/leilighet\/"},"img":{"alt_text":"","src":"https:\/\/i0.wp.com\/www.fagforbundet468.com\/portal\/wp-content\/uploads\/leilighet_7.jpg?fit=800%2C600&ssl=1&resize=350%2C200","width":350,"height":200,"srcset":"https:\/\/i0.wp.com\/www.fagforbundet468.com\/portal\/wp-content\/uploads\/leilighet_7.jpg?fit=800%2C600&ssl=1&resize=350%2C200 1x, https:\/\/i0.wp.com\/www.fagforbundet468.com\/portal\/wp-content\/uploads\/leilighet_7.jpg?fit=800%2C600&ssl=1&resize=525%2C300 1.5x, https:\/\/i0.wp.com\/www.fagforbundet468.com\/portal\/wp-content\/uploads\/leilighet_7.jpg?fit=800%2C600&ssl=1&resize=700%2C400 2x"},"classes":[]},{"id":143,"url":"https:\/\/www.fagforbundet468.com\/portal\/2015\/10\/22\/leie-av-leilghet\/","url_meta":{"origin":424,"position":2},"title":"Leie av leilghet","author":"Idar \u00c5dnesen","date":"22. oktober 2015","format":false,"excerpt":"V\u00e5r leilighet p\u00e5 V\u00e5gslid er tilgjengelig for alle v\u00e5re medlemmer, \u00f8nsker du \u00e5 leie leiligheten en helg, ukedag etc. s\u00e5 m\u00e5 du bruke v\u00e5r \"bookingmodul\" som du finner her. N\u00e5r man legger inn et \u00f8nske om \u00e5 leie leilighet vil man etterhvert bli kontaktet og opplyst om du er tildelt\u2026","rel":"","context":"i &quot;Nyheter&quot;","block_context":{"text":"Nyheter","link":"https:\/\/www.fagforbundet468.com\/portal\/category\/nyheter\/"},"img":{"alt_text":"","src":"https:\/\/i0.wp.com\/www.fagforbundet468.com\/portal\/wp-content\/uploads\/leilighet_7.jpg?fit=800%2C600&ssl=1&resize=350%2C200","width":350,"height":200,"srcset":"https:\/\/i0.wp.com\/www.fagforbundet468.com\/portal\/wp-content\/uploads\/leilighet_7.jpg?fit=800%2C600&ssl=1&resize=350%2C200 1x, https:\/\/i0.wp.com\/www.fagforbundet468.com\/portal\/wp-content\/uploads\/leilighet_7.jpg?fit=800%2C600&ssl=1&resize=525%2C300 1.5x, https:\/\/i0.wp.com\/www.fagforbundet468.com\/portal\/wp-content\/uploads\/leilighet_7.jpg?fit=800%2C600&ssl=1&resize=700%2C400 2x"},"classes":[]},{"id":38,"url":"https:\/\/www.fagforbundet468.com\/portal\/2015\/09\/07\/nye-sider\/","url_meta":{"origin":424,"position":3},"title":"Nye og oppdaterte sider","author":"Idar \u00c5dnesen","date":"7. september 2015","format":false,"excerpt":"Velkommen til v\u00e5re nye nettsider. Grunnet diverse problemer har dessverre ikke v\u00e5r nettsider fungert de siste m\u00e5nedene, vi beklager dette og h\u00e5per n\u00e5 at sidene skal v\u00e6re litt mer stabile. Vi har endret litt p\u00e5 v\u00e5r \"bookingside\" der du sender inn s\u00f8knad for leie av leilighet, men endringene er s\u00e5\u2026","rel":"","context":"i &quot;Nyheter&quot;","block_context":{"text":"Nyheter","link":"https:\/\/www.fagforbundet468.com\/portal\/category\/nyheter\/"},"img":{"alt_text":"","src":"https:\/\/i0.wp.com\/www.fagforbundet468.com\/portal\/wp-content\/uploads\/nye_sider.png?fit=1200%2C702&ssl=1&resize=350%2C200","width":350,"height":200,"srcset":"https:\/\/i0.wp.com\/www.fagforbundet468.com\/portal\/wp-content\/uploads\/nye_sider.png?fit=1200%2C702&ssl=1&resize=350%2C200 1x, https:\/\/i0.wp.com\/www.fagforbundet468.com\/portal\/wp-content\/uploads\/nye_sider.png?fit=1200%2C702&ssl=1&resize=525%2C300 1.5x, https:\/\/i0.wp.com\/www.fagforbundet468.com\/portal\/wp-content\/uploads\/nye_sider.png?fit=1200%2C702&ssl=1&resize=700%2C400 2x, https:\/\/i0.wp.com\/www.fagforbundet468.com\/portal\/wp-content\/uploads\/nye_sider.png?fit=1200%2C702&ssl=1&resize=1050%2C600 3x"},"classes":[]},{"id":796,"url":"https:\/\/www.fagforbundet468.com\/portal\/2020\/02\/06\/oppdaterte-priser-pa-leie-av-leilighet\/","url_meta":{"origin":424,"position":4},"title":"Oppdaterte priser p\u00e5 leie av leilighet","author":"Idar \u00c5dnesen","date":"6. februar 2020","format":false,"excerpt":"Etter \u00e5rsm\u00f8te i Fagforbundet avd. 468 er prisene p\u00e5 leie av leiligheten v\u00e5r p\u00e5 V\u00e5gslid justert. Priser finner dere p\u00e5 link under. https:\/\/www.fagforbundet468.com\/portal\/leilighet\/reglervedtekter\/","rel":"","context":"i &quot;Nyheter&quot;","block_context":{"text":"Nyheter","link":"https:\/\/www.fagforbundet468.com\/portal\/category\/nyheter\/"},"img":{"alt_text":"","src":"https:\/\/i0.wp.com\/www.fagforbundet468.com\/portal\/wp-content\/uploads\/leilighet_7.jpg?fit=800%2C600&ssl=1&resize=350%2C200","width":350,"height":200,"srcset":"https:\/\/i0.wp.com\/www.fagforbundet468.com\/portal\/wp-content\/uploads\/leilighet_7.jpg?fit=800%2C600&ssl=1&resize=350%2C200 1x, https:\/\/i0.wp.com\/www.fagforbundet468.com\/portal\/wp-content\/uploads\/leilighet_7.jpg?fit=800%2C600&ssl=1&resize=525%2C300 1.5x, https:\/\/i0.wp.com\/www.fagforbundet468.com\/portal\/wp-content\/uploads\/leilighet_7.jpg?fit=800%2C600&ssl=1&resize=700%2C400 2x"},"classes":[]},{"id":351,"url":"https:\/\/www.fagforbundet468.com\/portal\/2017\/02\/01\/helsesekretaerdagen-1-februar\/","url_meta":{"origin":424,"position":5},"title":"Helsesekret\u00e6rdagen 1 februar","author":"Idar \u00c5dnesen","date":"1. februar 2017","format":false,"excerpt":"Kj\u00e6re helsesekret\u00e6rer 1 Februar er det deres dag, Fagforbundet gratulerer dere med dagen. Dere har en unik kompetanse i helsetjenestene.\u00a0Dere bidrar i det faglige fellesskapet b\u00e5de med helsefaglige og kontorfaglige ferdigheter. Fagforbundet vil bidra til \u00e5 belyse helsesekret\u00e6rens kompetanseomr\u00e5der og vise arbeidsgivere hvorfor det er b\u00e5de smart og l\u00f8nnsomt \u00e5\u2026","rel":"","context":"i &quot;Nyheter&quot;","block_context":{"text":"Nyheter","link":"https:\/\/www.fagforbundet468.com\/portal\/category\/nyheter\/"},"img":{"alt_text":"","src":"https:\/\/i0.wp.com\/www.fagforbundet468.com\/portal\/wp-content\/uploads\/Helsesekrdag-1.jpg?fit=831%2C578&ssl=1&resize=350%2C200","width":350,"height":200,"srcset":"https:\/\/i0.wp.com\/www.fagforbundet468.com\/portal\/wp-content\/uploads\/Helsesekrdag-1.jpg?fit=831%2C578&ssl=1&resize=350%2C200 1x, https:\/\/i0.wp.com\/www.fagforbundet468.com\/portal\/wp-content\/uploads\/Helsesekrdag-1.jpg?fit=831%2C578&ssl=1&resize=525%2C300 1.5x, https:\/\/i0.wp.com\/www.fagforbundet468.com\/portal\/wp-content\/uploads\/Helsesekrdag-1.jpg?fit=831%2C578&ssl=1&resize=700%2C400 2x"},"classes":[]}],"_links":{"self":[{"href":"https:\/\/www.fagforbundet468.com\/portal\/wp-json\/wp\/v2\/posts\/424","targetHints":{"allow":["GET"]}}],"collection":[{"href":"https:\/\/www.fagforbundet468.com\/portal\/wp-json\/wp\/v2\/posts"}],"about":[{"href":"https:\/\/www.fagforbundet468.com\/portal\/wp-json\/wp\/v2\/types\/post"}],"author":[{"embeddable":true,"href":"https:\/\/www.fagforbundet468.com\/portal\/wp-json\/wp\/v2\/users\/2"}],"replies":[{"embeddable":true,"href":"https:\/\/www.fagforbundet468.com\/portal\/wp-json\/wp\/v2\/comments?post=424"}],"version-history":[{"count":1,"href":"https:\/\/www.fagforbundet468.com\/portal\/wp-json\/wp\/v2\/posts\/424\/revisions"}],"predecessor-version":[{"id":425,"href":"https:\/\/www.fagforbundet468.com\/portal\/wp-json\/wp\/v2\/posts\/424\/revisions\/425"}],"wp:featuredmedia":[{"embeddable":true,"href":"https:\/\/www.fagforbundet468.com\/portal\/wp-json\/wp\/v2\/media\/105"}],"wp:attachment":[{"href":"https:\/\/www.fagforbundet468.com\/portal\/wp-json\/wp\/v2\/media?parent=424"}],"wp:term":[{"taxonomy":"category","embeddable":true,"href":"https:\/\/www.fagforbundet468.com\/portal\/wp-json\/wp\/v2\/categories?post=424"},{"taxonomy":"post_tag","embeddable":true,"href":"https:\/\/www.fagforbundet468.com\/portal\/wp-json\/wp\/v2\/tags?post=424"}],"curies":[{"name":"wp","href":"https:\/\/api.w.org\/{rel}","templated":true}]}}