{"id":393,"date":"2017-07-24T13:40:20","date_gmt":"2017-07-24T11:40:20","guid":{"rendered":"http:\/\/www.fagforbundet468.com\/portal\/?p=393"},"modified":"2017-07-24T13:48:14","modified_gmt":"2017-07-24T11:48:14","slug":"medlemstur-til-rovaer","status":"publish","type":"post","link":"https:\/\/www.fagforbundet468.com\/portal\/2017\/07\/24\/medlemstur-til-rovaer\/","title":{"rendered":"Medlemstur til R\u00f8v\u00e6r"},"content":{"rendered":"<p>Fagforbundet Avd. 468 inviterer til medlemstur for v\u00e5re medlemmer til R\u00f8v\u00e6r. Vi f\u00e5r oppleve R\u00f8v\u00e6r, Haugesund beste vestkant med en lokal guidet tur s\u00e5 ta med gode sko og godt hum\u00f8r. Vi tror ogs\u00e5 finv\u00e6ret er med oss og at vi f\u00e5r en kjekk og uforglemmelig sosial tur sammen.<\/p>\n<p><strong>Tid:<\/strong> Torsdag 31.08 kl. 15.15<br \/>\n<strong>Sted:<\/strong> Oppm\u00f8te p\u00e5 kaien for avgang med R\u00f8v\u00e6rfjord<br \/>\n<strong>Bevertning:<\/strong> Servering av KOMLE<\/p>\n<p><strong><em>NB: Kr. 150.- i egenandel &#8211; P\u00e5meldingsfrist 23.08.17<\/em><\/strong><\/p>\n<p><strong>P\u00e5melding til:<\/strong><br \/>\nHarald Jakobsen | <strong>Tlf:<\/strong> 452 01 300 | <strong>E-post:<\/strong> <a href=\"mailto:haraldja@gmail.com\">haraldja@gmail.com<\/a><br \/>\n\u00c5se Helene Tvedt |<strong> Tlf:<\/strong> 988 94 023 | <strong>E-post:<\/strong> <a href=\"mailto:Ase.Helene.Tvedt@hsr.as\">Ase.Helene.Tvedt@hsr.as<\/a><br \/>\nS\u00f8lvi Irene Haugen | <strong>Tlf:<\/strong> 464 32 777 | <strong>E-post: <\/strong>Soelvi.irene.haugen@hsr.as<\/p>\n<p>Send gjerne en SMS eller e-post da dette er lettere \u00e5 administrere<\/p>\n","protected":false},"excerpt":{"rendered":"<p>Fagforbundet Avd. 468 inviterer til medlemstur for v\u00e5re medlemmer til R\u00f8v\u00e6r. Vi f\u00e5r oppleve R\u00f8v\u00e6r, Haugesund beste vestkant med en lokal guidet tur s\u00e5 ta&#8230;<\/p>\n","protected":false},"author":2,"featured_media":395,"comment_status":"closed","ping_status":"closed","sticky":false,"template":"","format":"standard","meta":{"jetpack_post_was_ever_published":false,"_jetpack_newsletter_access":"","_jetpack_dont_email_post_to_subs":false,"_jetpack_newsletter_tier_id":0,"_jetpack_memberships_contains_paywalled_content":false,"_jetpack_memberships_contains_paid_content":false,"footnotes":"","jetpack_publicize_message":"","jetpack_publicize_feature_enabled":true,"jetpack_social_post_already_shared":true,"jetpack_social_options":{"image_generator_settings":{"template":"highway","default_image_id":0,"font":"","enabled":false},"version":2}},"categories":[1],"tags":[118,60,115,119,77,117,120],"class_list":["post-393","post","type-post","status-publish","format-standard","has-post-thumbnail","hentry","category-nyheter","tag-bat","tag-bevertning","tag-haugesund","tag-komle","tag-medlemstur","tag-rovaer","tag-vestkant"],"jetpack_publicize_connections":[],"jetpack_featured_media_url":"https:\/\/i0.wp.com\/www.fagforbundet468.com\/portal\/wp-content\/uploads\/rover.jpg?fit=900%2C599&ssl=1","jetpack_sharing_enabled":true,"jetpack_shortlink":"https:\/\/wp.me\/p173ho-6l","jetpack-related-posts":[{"id":438,"url":"https:\/\/www.fagforbundet468.com\/portal\/2017\/10\/30\/arets-julemote-2017\/","url_meta":{"origin":393,"position":0},"title":"\u00c5rets Julem\u00f8te 2017","author":"Idar \u00c5dnesen","date":"30. oktober 2017","format":false,"excerpt":"Som medlem av Fagforbundet Avd. 468 er du hjertelig velkommer til en kveld med f\u00f8rjulskos, der vi skal spise god mat og hygge oss sammen. Tid: Torsdag 07.12.17 kl. 1800 Sted: Haugesund M\u00e5l- og Ungdomslag, Kvalatun (Kvalamarka 25, 5514 Haugesund) Mat: Koldtbord fra Br\u00f8drene Lundal AS Det blir underholdning med\u2026","rel":"","context":"i &quot;Nyheter&quot;","block_context":{"text":"Nyheter","link":"https:\/\/www.fagforbundet468.com\/portal\/category\/nyheter\/"},"img":{"alt_text":"","src":"https:\/\/i0.wp.com\/www.fagforbundet468.com\/portal\/wp-content\/uploads\/julem%C3%B8te_4_2015.jpg?fit=900%2C675&ssl=1&resize=350%2C200","width":350,"height":200,"srcset":"https:\/\/i0.wp.com\/www.fagforbundet468.com\/portal\/wp-content\/uploads\/julem%C3%B8te_4_2015.jpg?fit=900%2C675&ssl=1&resize=350%2C200 1x, https:\/\/i0.wp.com\/www.fagforbundet468.com\/portal\/wp-content\/uploads\/julem%C3%B8te_4_2015.jpg?fit=900%2C675&ssl=1&resize=525%2C300 1.5x, https:\/\/i0.wp.com\/www.fagforbundet468.com\/portal\/wp-content\/uploads\/julem%C3%B8te_4_2015.jpg?fit=900%2C675&ssl=1&resize=700%2C400 2x"},"classes":[]},{"id":181,"url":"https:\/\/www.fagforbundet468.com\/portal\/2015\/11\/09\/181\/","url_meta":{"origin":393,"position":1},"title":"Fagforbundet 468 Julem\u00f8te","author":"Admin","date":"9. november 2015","format":false,"excerpt":"Som medlem i Fagforbundet avd. 468 er du hjertelig velkommen til en kveld med f\u00f8rjulskos, der vi skal spise god mat og hygge oss sammen. Tid: \u00a0Torsdag 03.12.15 klokken 1800 Sted:\u00a0Haugesund M\u00e5l-og ungdomslag, Kvalatun, Kvalamarka 25 Mat:\u00a0Koldtbord fra Br.Lundal Underholdning blir ved\u00a0Haugesund Shantykor Markering av 25 og 40 \u00e5rs jubilanter.\u2026","rel":"","context":"i &quot;Nyheter&quot;","block_context":{"text":"Nyheter","link":"https:\/\/www.fagforbundet468.com\/portal\/category\/nyheter\/"},"img":{"alt_text":"","src":"https:\/\/i0.wp.com\/www.fagforbundet468.com\/portal\/wp-content\/uploads\/jul.jpg?fit=1200%2C900&ssl=1&resize=350%2C200","width":350,"height":200,"srcset":"https:\/\/i0.wp.com\/www.fagforbundet468.com\/portal\/wp-content\/uploads\/jul.jpg?fit=1200%2C900&ssl=1&resize=350%2C200 1x, https:\/\/i0.wp.com\/www.fagforbundet468.com\/portal\/wp-content\/uploads\/jul.jpg?fit=1200%2C900&ssl=1&resize=525%2C300 1.5x, https:\/\/i0.wp.com\/www.fagforbundet468.com\/portal\/wp-content\/uploads\/jul.jpg?fit=1200%2C900&ssl=1&resize=700%2C400 2x, https:\/\/i0.wp.com\/www.fagforbundet468.com\/portal\/wp-content\/uploads\/jul.jpg?fit=1200%2C900&ssl=1&resize=1050%2C600 3x"},"classes":[]},{"id":315,"url":"https:\/\/www.fagforbundet468.com\/portal\/2016\/10\/07\/temakveld-med-john-petter-fagerhaug\/","url_meta":{"origin":393,"position":2},"title":"Temakveld med John Petter Fagerhaug","author":"Idar \u00c5dnesen","date":"7. oktober 2016","format":false,"excerpt":"Seksjon helse og sosial i region 4 (foreningene i Tysv\u00e6r, Bokn, Karm\u00f8y, Vindafjord, Haugesund, Utsira, Haugesund Sykehus og HSR) inviterer til temakveld med John Petter Fagerhaug. Fagerhaug er Psykolog, konsulent og foredragsholder som er k\u00e5ret til \u00e5rets motivator i 2007 og \u00e5rets hederspris i 2011 som foredragsholder av Confex Norge.\u2026","rel":"","context":"i &quot;Nyheter&quot;","block_context":{"text":"Nyheter","link":"https:\/\/www.fagforbundet468.com\/portal\/category\/nyheter\/"},"img":{"alt_text":"","src":"https:\/\/i0.wp.com\/www.fagforbundet468.com\/portal\/wp-content\/uploads\/fagerhaug3.png?fit=1139%2C450&ssl=1&resize=350%2C200","width":350,"height":200,"srcset":"https:\/\/i0.wp.com\/www.fagforbundet468.com\/portal\/wp-content\/uploads\/fagerhaug3.png?fit=1139%2C450&ssl=1&resize=350%2C200 1x, https:\/\/i0.wp.com\/www.fagforbundet468.com\/portal\/wp-content\/uploads\/fagerhaug3.png?fit=1139%2C450&ssl=1&resize=525%2C300 1.5x, https:\/\/i0.wp.com\/www.fagforbundet468.com\/portal\/wp-content\/uploads\/fagerhaug3.png?fit=1139%2C450&ssl=1&resize=700%2C400 2x, https:\/\/i0.wp.com\/www.fagforbundet468.com\/portal\/wp-content\/uploads\/fagerhaug3.png?fit=1139%2C450&ssl=1&resize=1050%2C600 3x"},"classes":[]},{"id":577,"url":"https:\/\/www.fagforbundet468.com\/portal\/2018\/11\/09\/arets-julemote\/","url_meta":{"origin":393,"position":3},"title":"\u00c5rets Julem\u00f8te","author":"Idar \u00c5dnesen","date":"9. november 2018","format":false,"excerpt":"Som medlem i Fagforbundet avd. 468 er du hjertelig velkommen til en kveld med f\u00f8rjulskos, der vi skal spise god mat og hygge oss sammen. Tid: Torsdag 06.12.18 kl. 1800 Sted: Haugesund M\u00e5l- og Ungdomslag, Kvalatun Mat: Koldtbord fra Br\u00f8drene Lundal AS Underholdning meg Christina Bjordal Markering av v\u00e5re 25-\u2026","rel":"","context":"i &quot;Nyheter&quot;","block_context":{"text":"Nyheter","link":"https:\/\/www.fagforbundet468.com\/portal\/category\/nyheter\/"},"img":{"alt_text":"","src":"https:\/\/i0.wp.com\/www.fagforbundet468.com\/portal\/wp-content\/uploads\/God-jul.jpg?fit=1020%2C566&ssl=1&resize=350%2C200","width":350,"height":200,"srcset":"https:\/\/i0.wp.com\/www.fagforbundet468.com\/portal\/wp-content\/uploads\/God-jul.jpg?fit=1020%2C566&ssl=1&resize=350%2C200 1x, https:\/\/i0.wp.com\/www.fagforbundet468.com\/portal\/wp-content\/uploads\/God-jul.jpg?fit=1020%2C566&ssl=1&resize=525%2C300 1.5x, https:\/\/i0.wp.com\/www.fagforbundet468.com\/portal\/wp-content\/uploads\/God-jul.jpg?fit=1020%2C566&ssl=1&resize=700%2C400 2x"},"classes":[]},{"id":562,"url":"https:\/\/www.fagforbundet468.com\/portal\/2018\/10\/16\/tradisjonen-tro-arets-medlemstur-til-ikea\/","url_meta":{"origin":393,"position":4},"title":"Tradisjonen tro; \u00e5rets medlemstur til IKEA","author":"Idar \u00c5dnesen","date":"16. oktober 2018","format":false,"excerpt":"Fredag 16. november g\u00e5r bussen for 10. ende \u00e5ret p\u00e5 rad til IKEA kl. 1545. Grunnet byggeaktiviteten rundt Sjukehuset blir oppm\u00f8te i \u00e5r p\u00e5 Flotmyr kl. 1530. Det vil bli snacks og en konkurranse i bussen Bindende p\u00e5melding til: laila.gautesen@hsr.as eller til linda.gjelsten@helse-fonna.no evt. SMS til 916 13 551 innen\u2026","rel":"","context":"i &quot;Nyheter&quot;","block_context":{"text":"Nyheter","link":"https:\/\/www.fagforbundet468.com\/portal\/category\/nyheter\/"},"img":{"alt_text":"","src":"https:\/\/i0.wp.com\/www.fagforbundet468.com\/portal\/wp-content\/uploads\/ikea3.jpg?fit=1200%2C560&ssl=1&resize=350%2C200","width":350,"height":200,"srcset":"https:\/\/i0.wp.com\/www.fagforbundet468.com\/portal\/wp-content\/uploads\/ikea3.jpg?fit=1200%2C560&ssl=1&resize=350%2C200 1x, https:\/\/i0.wp.com\/www.fagforbundet468.com\/portal\/wp-content\/uploads\/ikea3.jpg?fit=1200%2C560&ssl=1&resize=525%2C300 1.5x, https:\/\/i0.wp.com\/www.fagforbundet468.com\/portal\/wp-content\/uploads\/ikea3.jpg?fit=1200%2C560&ssl=1&resize=700%2C400 2x, https:\/\/i0.wp.com\/www.fagforbundet468.com\/portal\/wp-content\/uploads\/ikea3.jpg?fit=1200%2C560&ssl=1&resize=1050%2C600 3x"},"classes":[]},{"id":435,"url":"https:\/\/www.fagforbundet468.com\/portal\/2017\/10\/18\/tradisjonen-tro-arets-medlemstur\/","url_meta":{"origin":393,"position":5},"title":"Tradisjonen tro; \u00c5rets MEDLEMSTUR","author":"Idar \u00c5dnesen","date":"18. oktober 2017","format":false,"excerpt":"Fredag 17. november g\u00e5r bussen til IKEA kl. 1545. Oppm\u00f8te p\u00e5 s\u00f8rsiden av sykehuset kl. 1530 der hvor Helseekspressen g\u00e5r fra - Stavangergaten! Det vil bli litt snacks og en konkurranse i bussen P\u00e5melding til: ase.helene.tvedt@hsr.as\u00a0eller linda.gjelsten@helse-fonna.no\u00a0innen fredag 10. november Egenandel kr. 150,- som betales i bussen.","rel":"","context":"i &quot;Nyheter&quot;","block_context":{"text":"Nyheter","link":"https:\/\/www.fagforbundet468.com\/portal\/category\/nyheter\/"},"img":{"alt_text":"","src":"https:\/\/i0.wp.com\/www.fagforbundet468.com\/portal\/wp-content\/uploads\/ikea3.jpg?fit=1200%2C560&ssl=1&resize=350%2C200","width":350,"height":200,"srcset":"https:\/\/i0.wp.com\/www.fagforbundet468.com\/portal\/wp-content\/uploads\/ikea3.jpg?fit=1200%2C560&ssl=1&resize=350%2C200 1x, https:\/\/i0.wp.com\/www.fagforbundet468.com\/portal\/wp-content\/uploads\/ikea3.jpg?fit=1200%2C560&ssl=1&resize=525%2C300 1.5x, https:\/\/i0.wp.com\/www.fagforbundet468.com\/portal\/wp-content\/uploads\/ikea3.jpg?fit=1200%2C560&ssl=1&resize=700%2C400 2x, https:\/\/i0.wp.com\/www.fagforbundet468.com\/portal\/wp-content\/uploads\/ikea3.jpg?fit=1200%2C560&ssl=1&resize=1050%2C600 3x"},"classes":[]}],"_links":{"self":[{"href":"https:\/\/www.fagforbundet468.com\/portal\/wp-json\/wp\/v2\/posts\/393","targetHints":{"allow":["GET"]}}],"collection":[{"href":"https:\/\/www.fagforbundet468.com\/portal\/wp-json\/wp\/v2\/posts"}],"about":[{"href":"https:\/\/www.fagforbundet468.com\/portal\/wp-json\/wp\/v2\/types\/post"}],"author":[{"embeddable":true,"href":"https:\/\/www.fagforbundet468.com\/portal\/wp-json\/wp\/v2\/users\/2"}],"replies":[{"embeddable":true,"href":"https:\/\/www.fagforbundet468.com\/portal\/wp-json\/wp\/v2\/comments?post=393"}],"version-history":[{"count":4,"href":"https:\/\/www.fagforbundet468.com\/portal\/wp-json\/wp\/v2\/posts\/393\/revisions"}],"predecessor-version":[{"id":398,"href":"https:\/\/www.fagforbundet468.com\/portal\/wp-json\/wp\/v2\/posts\/393\/revisions\/398"}],"wp:featuredmedia":[{"embeddable":true,"href":"https:\/\/www.fagforbundet468.com\/portal\/wp-json\/wp\/v2\/media\/395"}],"wp:attachment":[{"href":"https:\/\/www.fagforbundet468.com\/portal\/wp-json\/wp\/v2\/media?parent=393"}],"wp:term":[{"taxonomy":"category","embeddable":true,"href":"https:\/\/www.fagforbundet468.com\/portal\/wp-json\/wp\/v2\/categories?post=393"},{"taxonomy":"post_tag","embeddable":true,"href":"https:\/\/www.fagforbundet468.com\/portal\/wp-json\/wp\/v2\/tags?post=393"}],"curies":[{"name":"wp","href":"https:\/\/api.w.org\/{rel}","templated":true}]}}