{"id":38,"date":"2015-09-07T13:14:27","date_gmt":"2015-09-07T11:14:27","guid":{"rendered":"http:\/\/www.fagforbundet468.com\/portal\/?p=38"},"modified":"2015-11-10T22:27:47","modified_gmt":"2015-11-10T21:27:47","slug":"nye-sider","status":"publish","type":"post","link":"https:\/\/www.fagforbundet468.com\/portal\/2015\/09\/07\/nye-sider\/","title":{"rendered":"Nye og oppdaterte sider"},"content":{"rendered":"<p>Velkommen til v\u00e5re nye nettsider. Grunnet diverse problemer har dessverre ikke v\u00e5r nettsider fungert de siste m\u00e5nedene, vi beklager dette og h\u00e5per n\u00e5 at sidene skal v\u00e6re litt mer stabile. Vi har endret litt p\u00e5 v\u00e5r <a href=\"http:\/\/www.fagforbundet468.com\/portal\/leilighet\/leie-leilighet\/\">&laquo;bookingside&raquo;<\/a> der du sender inn s\u00f8knad for leie av leilighet, men endringene er s\u00e5 enkle at de fleste vil klare \u00e5 bestille\/legge inn \u00f8nske p\u00e5 bruk av leilighet.<\/p>\n<p>Er det andre ting du \u00f8nsker eller \u00f8nsker at vi endrer er du velkommen til \u00e5 ta <a href=\"http:\/\/www.fagforbundet468.com\/portal\/kontakt\/\">kontakt<\/a> med oss i Fagforbundet Avd. 468<\/p>\n","protected":false},"excerpt":{"rendered":"<p>Velkommen til v\u00e5re nye nettsider. Grunnet diverse problemer har dessverre ikke v\u00e5r nettsider fungert de siste m\u00e5nedene, vi beklager dette og h\u00e5per n\u00e5 at sidene&#8230;<\/p>\n","protected":false},"author":2,"featured_media":139,"comment_status":"closed","ping_status":"closed","sticky":false,"template":"","format":"standard","meta":{"jetpack_post_was_ever_published":false,"_jetpack_newsletter_access":"","_jetpack_dont_email_post_to_subs":false,"_jetpack_newsletter_tier_id":0,"_jetpack_memberships_contains_paywalled_content":false,"_jetpack_memberships_contains_paid_content":false,"footnotes":"","jetpack_publicize_message":"","jetpack_publicize_feature_enabled":true,"jetpack_social_post_already_shared":false,"jetpack_social_options":{"image_generator_settings":{"template":"highway","default_image_id":0,"font":"","enabled":false},"version":2}},"categories":[1],"tags":[15,14,13,12],"class_list":["post-38","post","type-post","status-publish","format-standard","has-post-thumbnail","hentry","category-nyheter","tag-booking","tag-info","tag-nettsider","tag-nye"],"jetpack_publicize_connections":[],"jetpack_featured_media_url":"https:\/\/i0.wp.com\/www.fagforbundet468.com\/portal\/wp-content\/uploads\/nye_sider.png?fit=1202%2C703&ssl=1","jetpack_sharing_enabled":true,"jetpack_shortlink":"https:\/\/wp.me\/p173ho-C","jetpack-related-posts":[{"id":143,"url":"https:\/\/www.fagforbundet468.com\/portal\/2015\/10\/22\/leie-av-leilghet\/","url_meta":{"origin":38,"position":0},"title":"Leie av leilghet","author":"Idar \u00c5dnesen","date":"22. oktober 2015","format":false,"excerpt":"V\u00e5r leilighet p\u00e5 V\u00e5gslid er tilgjengelig for alle v\u00e5re medlemmer, \u00f8nsker du \u00e5 leie leiligheten en helg, ukedag etc. s\u00e5 m\u00e5 du bruke v\u00e5r \"bookingmodul\" som du finner her. N\u00e5r man legger inn et \u00f8nske om \u00e5 leie leilighet vil man etterhvert bli kontaktet og opplyst om du er tildelt\u2026","rel":"","context":"i &quot;Nyheter&quot;","block_context":{"text":"Nyheter","link":"https:\/\/www.fagforbundet468.com\/portal\/category\/nyheter\/"},"img":{"alt_text":"","src":"https:\/\/i0.wp.com\/www.fagforbundet468.com\/portal\/wp-content\/uploads\/leilighet_7.jpg?fit=800%2C600&ssl=1&resize=350%2C200","width":350,"height":200,"srcset":"https:\/\/i0.wp.com\/www.fagforbundet468.com\/portal\/wp-content\/uploads\/leilighet_7.jpg?fit=800%2C600&ssl=1&resize=350%2C200 1x, https:\/\/i0.wp.com\/www.fagforbundet468.com\/portal\/wp-content\/uploads\/leilighet_7.jpg?fit=800%2C600&ssl=1&resize=525%2C300 1.5x, https:\/\/i0.wp.com\/www.fagforbundet468.com\/portal\/wp-content\/uploads\/leilighet_7.jpg?fit=800%2C600&ssl=1&resize=700%2C400 2x"},"classes":[]},{"id":346,"url":"https:\/\/www.fagforbundet468.com\/portal\/2017\/01\/30\/nye-vedtekter-og-priser-vedtatt-for-leilighet\/","url_meta":{"origin":38,"position":1},"title":"Nye vedtekter og priser vedtatt for leilighet","author":"Idar \u00c5dnesen","date":"30. januar 2017","format":false,"excerpt":"Under \u00e5rsm\u00f8tet til Fagforbundet avd. 468 ble der vedtatt nye vedtekter og nye priser for leiligheten p\u00e5 fjellet. Hovedpunktene i de nye vedtektene er: Enklere \u00e5 samle opp poeng om du er ny i fagforbundet Kortere oppsamlingstid (6 \u00e5r) Tilbakevirkende kraft (har du v\u00e6rt medlem i 6 \u00e5r eller mer\u2026","rel":"","context":"i &quot;Leilighet&quot;","block_context":{"text":"Leilighet","link":"https:\/\/www.fagforbundet468.com\/portal\/category\/leilighet\/"},"img":{"alt_text":"","src":"https:\/\/i0.wp.com\/www.fagforbundet468.com\/portal\/wp-content\/uploads\/leilighet_7.jpg?fit=800%2C600&ssl=1&resize=350%2C200","width":350,"height":200,"srcset":"https:\/\/i0.wp.com\/www.fagforbundet468.com\/portal\/wp-content\/uploads\/leilighet_7.jpg?fit=800%2C600&ssl=1&resize=350%2C200 1x, https:\/\/i0.wp.com\/www.fagforbundet468.com\/portal\/wp-content\/uploads\/leilighet_7.jpg?fit=800%2C600&ssl=1&resize=525%2C300 1.5x, https:\/\/i0.wp.com\/www.fagforbundet468.com\/portal\/wp-content\/uploads\/leilighet_7.jpg?fit=800%2C600&ssl=1&resize=700%2C400 2x"},"classes":[]},{"id":1087,"url":"https:\/\/www.fagforbundet468.com\/portal\/2024\/07\/05\/nye-skilt-pa-leilighet\/","url_meta":{"origin":38,"position":2},"title":"Nye skilt p\u00e5 leilighet","author":"Idar \u00c5dnesen","date":"5. juli 2024","format":false,"excerpt":"Det er hengt opp nye skilt p\u00e5 leilighetsbygget vi har lelighet i p\u00e5 V\u00e5gslid. Den nye adressen v\u00e5r er R\u00e5salivegen 9d og er tydelig merket p\u00e5 vegg og ved inngangsd\u00f8r.","rel":"","context":"i &quot;Nyheter&quot;","block_context":{"text":"Nyheter","link":"https:\/\/www.fagforbundet468.com\/portal\/category\/nyheter\/"},"img":{"alt_text":"","src":"","width":0,"height":0},"classes":[]},{"id":1083,"url":"https:\/\/www.fagforbundet468.com\/portal\/2024\/05\/13\/medlemsmote-23-05-24\/","url_meta":{"origin":38,"position":3},"title":"Medlemsm\u00f8te 23.05.24","author":"Admin","date":"13. mai 2024","format":false,"excerpt":"Velkommen til samling med Fagforbundetog AOF Vestlandet - Agder! 6. etasje i kantinen p\u00e5 Revmatismesykehuset Loddtrekning med gevinster Det blir servert enkel mat og drikke I en verden hvor helse stadig vokser i betydning, forst\u00e5r vi iAOF Vestlandet - Agder viktigheten av at du som jobber innenhelse m\u00e5 kontinuerlig videreutvikle\u2026","rel":"","context":"i &quot;Nyheter&quot;","block_context":{"text":"Nyheter","link":"https:\/\/www.fagforbundet468.com\/portal\/category\/nyheter\/"},"img":{"alt_text":"","src":"https:\/\/i0.wp.com\/www.fagforbundet468.com\/portal\/wp-content\/uploads\/port%C3%B8r.gif?fit=862%2C850&ssl=1&resize=350%2C200","width":350,"height":200,"srcset":"https:\/\/i0.wp.com\/www.fagforbundet468.com\/portal\/wp-content\/uploads\/port%C3%B8r.gif?fit=862%2C850&ssl=1&resize=350%2C200 1x, https:\/\/i0.wp.com\/www.fagforbundet468.com\/portal\/wp-content\/uploads\/port%C3%B8r.gif?fit=862%2C850&ssl=1&resize=525%2C300 1.5x, https:\/\/i0.wp.com\/www.fagforbundet468.com\/portal\/wp-content\/uploads\/port%C3%B8r.gif?fit=862%2C850&ssl=1&resize=700%2C400 2x"},"classes":[]},{"id":372,"url":"https:\/\/www.fagforbundet468.com\/portal\/2017\/03\/05\/fagforbundet-onsker-velkommen-til-familieleir\/","url_meta":{"origin":38,"position":4},"title":"Fagforbundet \u00f8nsker velkommen til familieleir","author":"Idar \u00c5dnesen","date":"5. mars 2017","format":false,"excerpt":"Vi f\u00f8lger opp fjor\u00e5rets suksess med to leirer fylt av aktiviteter for barn og voksne. I \u00e5r blir det en leir i s\u00f8r (Arbeiderbevegelsens folkeh\u00f8gskole Ringsaker i Ringsaker kommune) og en leir i nord (Haraldvollen leirskole i M\u00e5lselv kommune). Her f\u00e5r Fagforbundets medlemmer tilbud om et rimelig og variert ferietilbud,\u2026","rel":"","context":"i &quot;Nyheter&quot;","block_context":{"text":"Nyheter","link":"https:\/\/www.fagforbundet468.com\/portal\/category\/nyheter\/"},"img":{"alt_text":"","src":"https:\/\/i0.wp.com\/www.fagforbundet468.com\/portal\/wp-content\/uploads\/sommer.jpg?fit=580%2C350&ssl=1&resize=350%2C200","width":350,"height":200,"srcset":"https:\/\/i0.wp.com\/www.fagforbundet468.com\/portal\/wp-content\/uploads\/sommer.jpg?fit=580%2C350&ssl=1&resize=350%2C200 1x, https:\/\/i0.wp.com\/www.fagforbundet468.com\/portal\/wp-content\/uploads\/sommer.jpg?fit=580%2C350&ssl=1&resize=525%2C300 1.5x"},"classes":[]},{"id":429,"url":"https:\/\/www.fagforbundet468.com\/portal\/2017\/10\/09\/fagforbundet-onsker-velkommen-til-foredrag-med-vibekke-berge\/","url_meta":{"origin":38,"position":5},"title":"Fagforbundet \u00f8nsker velkommen til foredrag med Vibekke Berge","author":"Idar \u00c5dnesen","date":"9. oktober 2017","format":false,"excerpt":"Vibekke Berge fikk hjerneslag i 2012. Da var hun 31 \u00e5r gammel, sm\u00e5barns mamma og vernepleier. Hovedm\u00e5let hennes med foredraget \u00abN\u00e5r ingen ser det\u00bb er \u00e5 skape st\u00f8rre forst\u00e5else og innsikt i hvordan det er \u00e5 leve med usynlige skader etter hjerneslag. Dette er ogs\u00e5 en historie om \u00e5 takle\u2026","rel":"","context":"i &quot;Nyheter&quot;","block_context":{"text":"Nyheter","link":"https:\/\/www.fagforbundet468.com\/portal\/category\/nyheter\/"},"img":{"alt_text":"","src":"https:\/\/i0.wp.com\/www.fagforbundet468.com\/portal\/wp-content\/uploads\/berge.png?fit=750%2C450&ssl=1&resize=350%2C200","width":350,"height":200,"srcset":"https:\/\/i0.wp.com\/www.fagforbundet468.com\/portal\/wp-content\/uploads\/berge.png?fit=750%2C450&ssl=1&resize=350%2C200 1x, https:\/\/i0.wp.com\/www.fagforbundet468.com\/portal\/wp-content\/uploads\/berge.png?fit=750%2C450&ssl=1&resize=525%2C300 1.5x, https:\/\/i0.wp.com\/www.fagforbundet468.com\/portal\/wp-content\/uploads\/berge.png?fit=750%2C450&ssl=1&resize=700%2C400 2x"},"classes":[]}],"_links":{"self":[{"href":"https:\/\/www.fagforbundet468.com\/portal\/wp-json\/wp\/v2\/posts\/38","targetHints":{"allow":["GET"]}}],"collection":[{"href":"https:\/\/www.fagforbundet468.com\/portal\/wp-json\/wp\/v2\/posts"}],"about":[{"href":"https:\/\/www.fagforbundet468.com\/portal\/wp-json\/wp\/v2\/types\/post"}],"author":[{"embeddable":true,"href":"https:\/\/www.fagforbundet468.com\/portal\/wp-json\/wp\/v2\/users\/2"}],"replies":[{"embeddable":true,"href":"https:\/\/www.fagforbundet468.com\/portal\/wp-json\/wp\/v2\/comments?post=38"}],"version-history":[{"count":6,"href":"https:\/\/www.fagforbundet468.com\/portal\/wp-json\/wp\/v2\/posts\/38\/revisions"}],"predecessor-version":[{"id":142,"href":"https:\/\/www.fagforbundet468.com\/portal\/wp-json\/wp\/v2\/posts\/38\/revisions\/142"}],"wp:featuredmedia":[{"embeddable":true,"href":"https:\/\/www.fagforbundet468.com\/portal\/wp-json\/wp\/v2\/media\/139"}],"wp:attachment":[{"href":"https:\/\/www.fagforbundet468.com\/portal\/wp-json\/wp\/v2\/media?parent=38"}],"wp:term":[{"taxonomy":"category","embeddable":true,"href":"https:\/\/www.fagforbundet468.com\/portal\/wp-json\/wp\/v2\/categories?post=38"},{"taxonomy":"post_tag","embeddable":true,"href":"https:\/\/www.fagforbundet468.com\/portal\/wp-json\/wp\/v2\/tags?post=38"}],"curies":[{"name":"wp","href":"https:\/\/api.w.org\/{rel}","templated":true}]}}