{"id":376,"date":"2017-03-22T21:04:48","date_gmt":"2017-03-22T20:04:48","guid":{"rendered":"http:\/\/www.fagforbundet468.com\/portal\/?p=376"},"modified":"2017-05-16T11:33:52","modified_gmt":"2017-05-16T09:33:52","slug":"rigmor-galtung-fullt-lys-og-stummende-morke","status":"publish","type":"post","link":"https:\/\/www.fagforbundet468.com\/portal\/2017\/03\/22\/rigmor-galtung-fullt-lys-og-stummende-morke\/","title":{"rendered":"Rigmor Galtung &#8211; fullt lys og stummende m\u00f8rke"},"content":{"rendered":"<p>Fagforbundet Avd. 468 inviterer medlemmer og ikke medlemmer til foredrag med Rigmor Galtung. Dette er\u00a0et foredrag om et liv &#8211; p\u00e5 godt og vondt. Med sin levende fortellerform har Rigmor en egen evne til \u00e5 engasjere lytterne. I utgangspunktet var Rigmor en framgangsrik komiker med mange baller i luften og et energiniv\u00e5 over gjennomsnittet. Da hun ble skilt i en alder av 32, dukket s\u00e5rbarheten opp p\u00e5 nytt, og hun endte til slutt opp p\u00e5 psykiatrisk avdeling med en alvorlig depresjon.<\/p>\n<p>Foredraget er ogs\u00e5 en beretning om et liv mange kan kjenne seg igjen i, \u00d8nsket om \u00e5 v\u00e6re perfekt, om \u00e5 lykkes og ikke minst, \u2013 \u00e5 v\u00e6re \u201dflink pike\u201d. Rigmor har opplevd b\u00e5de \u00e5 lykkes, men ogs\u00e5 at livet ikke alltid ble slik hun \u00f8nsket eller planla.<\/p>\n<p><strong>Tid:<\/strong> Torsdag 20 April kl. 1900<br \/>\n<strong>Sted:<\/strong> Auditoriet p\u00e5 Karmsund Videreg\u00e5ende Skole<br \/>\n<strong>Pris:<\/strong> Gratis for medlemmer og 200,- for ikke medlemmer<\/p>\n<p><strong>P\u00e5melding:<\/strong> Innen 18. april til: <a href=\"mailto:magnebua@hotmail.com\">magnebua@hotmail.com<\/a> \u00a0eller sms. til 92852951<\/p>\n<p><em>Arrangementet er ett samarbeid fra Fagforbundet i Karm\u00f8y, Tysv\u00e6r og Bokn, Vindafjord, Haugesund &#8211; Utsira og Haugesund sjukehus, HSR<\/em><\/p>\n","protected":false},"excerpt":{"rendered":"<p>Fagforbundet Avd. 468 inviterer medlemmer og ikke medlemmer til foredrag med Rigmor Galtung. Dette er\u00a0et foredrag om et liv &#8211; p\u00e5 godt og vondt. Med&#8230;<\/p>\n","protected":false},"author":2,"featured_media":377,"comment_status":"closed","ping_status":"closed","sticky":false,"template":"","format":"standard","meta":{"jetpack_post_was_ever_published":false,"_jetpack_newsletter_access":"","_jetpack_dont_email_post_to_subs":false,"_jetpack_newsletter_tier_id":0,"_jetpack_memberships_contains_paywalled_content":false,"_jetpack_memberships_contains_paid_content":false,"footnotes":"","jetpack_publicize_message":"","jetpack_publicize_feature_enabled":true,"jetpack_social_post_already_shared":true,"jetpack_social_options":{"image_generator_settings":{"template":"highway","default_image_id":0,"font":"","enabled":false},"version":2}},"categories":[1],"tags":[52,111,110,29,109],"class_list":["post-376","post","type-post","status-publish","format-standard","has-post-thumbnail","hentry","category-nyheter","tag-foredrag","tag-ikke-medlemmer","tag-karmsund-vgs","tag-medlemmer","tag-rigmor-galtung"],"jetpack_publicize_connections":[],"jetpack_featured_media_url":"https:\/\/i0.wp.com\/www.fagforbundet468.com\/portal\/wp-content\/uploads\/rigmorgaltung.jpg?fit=1529%2C1542&ssl=1","jetpack_sharing_enabled":true,"jetpack_shortlink":"https:\/\/wp.me\/p173ho-64","jetpack-related-posts":[{"id":815,"url":"https:\/\/www.fagforbundet468.com\/portal\/2020\/03\/02\/velkommen-til-foredraget-med-fodle-slagsia\/","url_meta":{"origin":376,"position":0},"title":"Velkommen til foredraget &laquo;med fodle slagsia&raquo;","author":"Idar \u00c5dnesen","date":"2. mars 2020","format":false,"excerpt":"Fru Haaland sine foredrag gikk for fulle hus i 2019. N\u00e5 vil hun dele sine egne opplevelser med oss i Faforbundet og gir oss et foredrag om livets oppturer og nedturer b\u00e5de p\u00e5 godt og vondt. Dette er et foredrag fult av humor, men ogs\u00e5 med en noe alvorlig undertone.Tid:\u2026","rel":"","context":"i &quot;Nyheter&quot;","block_context":{"text":"Nyheter","link":"https:\/\/www.fagforbundet468.com\/portal\/category\/nyheter\/"},"img":{"alt_text":"","src":"https:\/\/i0.wp.com\/www.fagforbundet468.com\/portal\/wp-content\/uploads\/fruhaaland.jpg?fit=480%2C301&ssl=1&resize=350%2C200","width":350,"height":200},"classes":[]},{"id":543,"url":"https:\/\/www.fagforbundet468.com\/portal\/2018\/08\/31\/velkommen-til-foredrag-med-helsesista\/","url_meta":{"origin":376,"position":1},"title":"Velkommen til foredrag med &laquo;Helsesista&raquo;","author":"Idar \u00c5dnesen","date":"31. august 2018","format":false,"excerpt":"Helses\u00f8steren Tale Maria Krohn Engvik, bedre kjent som \u00abHelsesista\u00bb, holder foredrag om digital kommunikasjon og psykisk helse. P\u00e5 sosiale medier snakker hun med barn, unge og unge voksne om vanskelige og tabubelagte temaer som seksualitet, identitet, kropp og helse. Hennes m\u00e5l er \u00e5 gj\u00f8re viktig informasjon synlig, og styrke barn\u2026","rel":"","context":"i &quot;Nyheter&quot;","block_context":{"text":"Nyheter","link":"https:\/\/www.fagforbundet468.com\/portal\/category\/nyheter\/"},"img":{"alt_text":"","src":"https:\/\/i0.wp.com\/www.fagforbundet468.com\/portal\/wp-content\/uploads\/helsesista_bilde.png?fit=796%2C725&ssl=1&resize=350%2C200","width":350,"height":200,"srcset":"https:\/\/i0.wp.com\/www.fagforbundet468.com\/portal\/wp-content\/uploads\/helsesista_bilde.png?fit=796%2C725&ssl=1&resize=350%2C200 1x, https:\/\/i0.wp.com\/www.fagforbundet468.com\/portal\/wp-content\/uploads\/helsesista_bilde.png?fit=796%2C725&ssl=1&resize=525%2C300 1.5x, https:\/\/i0.wp.com\/www.fagforbundet468.com\/portal\/wp-content\/uploads\/helsesista_bilde.png?fit=796%2C725&ssl=1&resize=700%2C400 2x"},"classes":[]},{"id":622,"url":"https:\/\/www.fagforbundet468.com\/portal\/2019\/01\/14\/foredrag-om-livstil-og-helse\/","url_meta":{"origin":376,"position":2},"title":"Foredrag om livstil og helse","author":"Idar \u00c5dnesen","date":"14. januar 2019","format":false,"excerpt":"Foredragsholder Ragnhild Lekven Fimreite er utdannet klinisk ern\u00e6ringsfysiolog ved det Medisinske fakultet, Universitet i Oslo i 1999. Hun har i tillegg studert pedagogikk og psykologi. Hva skal vi egentlig tro p\u00e5 n\u00e5r det gjelder kostr\u00e5d? F\u00f8lger vi kostr\u00e5dene? \/Hva spiser vi egentlig? Utsatte grupper som personer med livsstilssykdommer, barn og\u2026","rel":"","context":"i &quot;Nyheter&quot;","block_context":{"text":"Nyheter","link":"https:\/\/www.fagforbundet468.com\/portal\/category\/nyheter\/"},"img":{"alt_text":"","src":"https:\/\/i0.wp.com\/www.fagforbundet468.com\/portal\/wp-content\/uploads\/Ragnhild-Lekven-Fimreite.jpg?fit=480%2C360&ssl=1&resize=350%2C200","width":350,"height":200},"classes":[]},{"id":616,"url":"https:\/\/www.fagforbundet468.com\/portal\/2019\/01\/14\/foredrag-med-arild-knutsen\/","url_meta":{"origin":376,"position":3},"title":"Foredrag med Arild Knutsen","author":"Idar \u00c5dnesen","date":"14. januar 2019","format":false,"excerpt":"Arild Knutsen er leder for nasjonalforeningen for human narkotika politikk, han har drevet et langvarig arbeid for rusavhengiges rettigheter og verdighet for at det blir slutt p\u00e5 skammen, utst\u00f8ting og desperasjon. Knutsen var blant annet med og startet opp = Oslo og han er mye brukt som foredragsholder og innleder\u2026","rel":"","context":"i &quot;Nyheter&quot;","block_context":{"text":"Nyheter","link":"https:\/\/www.fagforbundet468.com\/portal\/category\/nyheter\/"},"img":{"alt_text":"","src":"https:\/\/i0.wp.com\/www.fagforbundet468.com\/portal\/wp-content\/uploads\/arildknutsen.jpg?fit=1200%2C800&ssl=1&resize=350%2C200","width":350,"height":200,"srcset":"https:\/\/i0.wp.com\/www.fagforbundet468.com\/portal\/wp-content\/uploads\/arildknutsen.jpg?fit=1200%2C800&ssl=1&resize=350%2C200 1x, https:\/\/i0.wp.com\/www.fagforbundet468.com\/portal\/wp-content\/uploads\/arildknutsen.jpg?fit=1200%2C800&ssl=1&resize=525%2C300 1.5x, https:\/\/i0.wp.com\/www.fagforbundet468.com\/portal\/wp-content\/uploads\/arildknutsen.jpg?fit=1200%2C800&ssl=1&resize=700%2C400 2x, https:\/\/i0.wp.com\/www.fagforbundet468.com\/portal\/wp-content\/uploads\/arildknutsen.jpg?fit=1200%2C800&ssl=1&resize=1050%2C600 3x"},"classes":[]},{"id":429,"url":"https:\/\/www.fagforbundet468.com\/portal\/2017\/10\/09\/fagforbundet-onsker-velkommen-til-foredrag-med-vibekke-berge\/","url_meta":{"origin":376,"position":4},"title":"Fagforbundet \u00f8nsker velkommen til foredrag med Vibekke Berge","author":"Idar \u00c5dnesen","date":"9. oktober 2017","format":false,"excerpt":"Vibekke Berge fikk hjerneslag i 2012. Da var hun 31 \u00e5r gammel, sm\u00e5barns mamma og vernepleier. Hovedm\u00e5let hennes med foredraget \u00abN\u00e5r ingen ser det\u00bb er \u00e5 skape st\u00f8rre forst\u00e5else og innsikt i hvordan det er \u00e5 leve med usynlige skader etter hjerneslag. Dette er ogs\u00e5 en historie om \u00e5 takle\u2026","rel":"","context":"i &quot;Nyheter&quot;","block_context":{"text":"Nyheter","link":"https:\/\/www.fagforbundet468.com\/portal\/category\/nyheter\/"},"img":{"alt_text":"","src":"https:\/\/i0.wp.com\/www.fagforbundet468.com\/portal\/wp-content\/uploads\/berge.png?fit=750%2C450&ssl=1&resize=350%2C200","width":350,"height":200,"srcset":"https:\/\/i0.wp.com\/www.fagforbundet468.com\/portal\/wp-content\/uploads\/berge.png?fit=750%2C450&ssl=1&resize=350%2C200 1x, https:\/\/i0.wp.com\/www.fagforbundet468.com\/portal\/wp-content\/uploads\/berge.png?fit=750%2C450&ssl=1&resize=525%2C300 1.5x, https:\/\/i0.wp.com\/www.fagforbundet468.com\/portal\/wp-content\/uploads\/berge.png?fit=750%2C450&ssl=1&resize=700%2C400 2x"},"classes":[]},{"id":782,"url":"https:\/\/www.fagforbundet468.com\/portal\/2020\/01\/21\/velkommen-til-foredrag-med-lisbeth-pipping\/","url_meta":{"origin":376,"position":5},"title":"Velkommen til foredrag med Lisbeth Pipping","author":"Idar \u00c5dnesen","date":"21. januar 2020","format":false,"excerpt":"Lisbeth Pipping vil i sitt foredrag fortelle om hvordan det har v\u00e6rt \u00e5 vokse opp med en utviklingshemmet mamma. Dette er en sterk historie om hvordan samfunnet rundt sviktet Lisbeth og hennes to sm\u00e5s\u00f8sken.Tid: Torsdag 13. februar 2020Kl.: 1900 - 2100Sted: Auditoriet A, ved H\u00f8gskolen i HaugesundGratis for Fagforbundets medlemmer,\u2026","rel":"","context":"i &quot;Nyheter&quot;","block_context":{"text":"Nyheter","link":"https:\/\/www.fagforbundet468.com\/portal\/category\/nyheter\/"},"img":{"alt_text":"","src":"https:\/\/i0.wp.com\/www.fagforbundet468.com\/portal\/wp-content\/uploads\/lisbeth-pipping.jpg?fit=360%2C480&ssl=1&resize=350%2C200","width":350,"height":200},"classes":[]}],"_links":{"self":[{"href":"https:\/\/www.fagforbundet468.com\/portal\/wp-json\/wp\/v2\/posts\/376","targetHints":{"allow":["GET"]}}],"collection":[{"href":"https:\/\/www.fagforbundet468.com\/portal\/wp-json\/wp\/v2\/posts"}],"about":[{"href":"https:\/\/www.fagforbundet468.com\/portal\/wp-json\/wp\/v2\/types\/post"}],"author":[{"embeddable":true,"href":"https:\/\/www.fagforbundet468.com\/portal\/wp-json\/wp\/v2\/users\/2"}],"replies":[{"embeddable":true,"href":"https:\/\/www.fagforbundet468.com\/portal\/wp-json\/wp\/v2\/comments?post=376"}],"version-history":[{"count":1,"href":"https:\/\/www.fagforbundet468.com\/portal\/wp-json\/wp\/v2\/posts\/376\/revisions"}],"predecessor-version":[{"id":378,"href":"https:\/\/www.fagforbundet468.com\/portal\/wp-json\/wp\/v2\/posts\/376\/revisions\/378"}],"wp:featuredmedia":[{"embeddable":true,"href":"https:\/\/www.fagforbundet468.com\/portal\/wp-json\/wp\/v2\/media\/377"}],"wp:attachment":[{"href":"https:\/\/www.fagforbundet468.com\/portal\/wp-json\/wp\/v2\/media?parent=376"}],"wp:term":[{"taxonomy":"category","embeddable":true,"href":"https:\/\/www.fagforbundet468.com\/portal\/wp-json\/wp\/v2\/categories?post=376"},{"taxonomy":"post_tag","embeddable":true,"href":"https:\/\/www.fagforbundet468.com\/portal\/wp-json\/wp\/v2\/tags?post=376"}],"curies":[{"name":"wp","href":"https:\/\/api.w.org\/{rel}","templated":true}]}}