{"id":372,"date":"2017-03-05T20:47:56","date_gmt":"2017-03-05T19:47:56","guid":{"rendered":"http:\/\/www.fagforbundet468.com\/portal\/?p=372"},"modified":"2017-05-16T11:33:59","modified_gmt":"2017-05-16T09:33:59","slug":"fagforbundet-onsker-velkommen-til-familieleir","status":"publish","type":"post","link":"https:\/\/www.fagforbundet468.com\/portal\/2017\/03\/05\/fagforbundet-onsker-velkommen-til-familieleir\/","title":{"rendered":"Fagforbundet \u00f8nsker velkommen til familieleir"},"content":{"rendered":"<p>Vi f\u00f8lger opp fjor\u00e5rets suksess med to leirer fylt av aktiviteter for barn og voksne.<\/p>\n<p>I \u00e5r blir det en leir i s\u00f8r (Arbeiderbevegelsens folkeh\u00f8gskole Ringsaker i Ringsaker kommune) og en leir i nord (Haraldvollen leirskole i M\u00e5lselv kommune). Her f\u00e5r Fagforbundets medlemmer tilbud om et rimelig og variert ferietilbud, hvor glede og mestring st\u00e5r i sentrum. P\u00e5 leirene er det lagt opp til mye uteaktiviteter.<\/p>\n<p>Familieleiren er et samarbeid med Framfylkingen og et tilbud til barnefamilier.<\/p>\n<ul>\n<li><strong>26. juni \u2013 30. juni 2017: Arbeiderbevegelsens folkeh\u00f8gskole i Ringsaker<\/strong><\/li>\n<li><strong>7. august \u2013 11. august 2017: Haraldvollen leirskole i M\u00e5lselv<\/strong><\/li>\n<\/ul>\n<p>Deltakeravgiften er kroner 100,- per pers, maks kroner 300,- per familie. Fagforbundet dekker rimeligste transport, kost\/losji og aktiviteter for alle deltakere.<\/p>\n<p>P\u00e5melding og mer informasjon om hvilken leir du kan s\u00f8ke, p\u00e5 <strong><a href=\"http:\/\/www.fagforbundet.no\/familieleir\">www.fagforbundet.no\/familieleir<\/a>, <\/strong><\/p>\n<p><strong>P\u00e5meldingen \u00e5pner 5. april 2017 kl. 10.00. <\/strong><\/p>\n<p>Deltakerne vil f\u00e5 svar senest 5. mai.<\/p>\n<p><strong>Kontakt: <\/strong><a href=\"mailto:familieleir@fagforbundet.no\">familieleir@fagforbundet.no<\/a><\/p>\n<p>&nbsp;<\/p>\n","protected":false},"excerpt":{"rendered":"<p>Vi f\u00f8lger opp fjor\u00e5rets suksess med to leirer fylt av aktiviteter for barn og voksne. I \u00e5r blir det en leir i s\u00f8r (Arbeiderbevegelsens folkeh\u00f8gskole&#8230;<\/p>\n","protected":false},"author":2,"featured_media":373,"comment_status":"closed","ping_status":"closed","sticky":false,"template":"","format":"standard","meta":{"jetpack_post_was_ever_published":false,"_jetpack_newsletter_access":"","_jetpack_dont_email_post_to_subs":false,"_jetpack_newsletter_tier_id":0,"_jetpack_memberships_contains_paywalled_content":false,"_jetpack_memberships_contains_paid_content":false,"footnotes":"","jetpack_publicize_message":"","jetpack_publicize_feature_enabled":true,"jetpack_social_post_already_shared":true,"jetpack_social_options":{"image_generator_settings":{"template":"highway","default_image_id":0,"font":"","enabled":false},"version":2}},"categories":[1],"tags":[106,42,101,104,102,107,105,103,108],"class_list":["post-372","post","type-post","status-publish","format-standard","has-post-thumbnail","hentry","category-nyheter","tag-aktiviteter","tag-fagforbundet","tag-familie","tag-familieleir","tag-leir","tag-nord","tag-samhold","tag-sommer","tag-sor"],"jetpack_publicize_connections":[],"jetpack_featured_media_url":"https:\/\/i0.wp.com\/www.fagforbundet468.com\/portal\/wp-content\/uploads\/sommer.jpg?fit=580%2C350&ssl=1","jetpack_sharing_enabled":true,"jetpack_shortlink":"https:\/\/wp.me\/p173ho-60","jetpack-related-posts":[{"id":705,"url":"https:\/\/www.fagforbundet468.com\/portal\/2019\/09\/03\/familiedag-i-vangen\/","url_meta":{"origin":372,"position":0},"title":"Familiedag i Vangen","author":"Idar \u00c5dnesen","date":"3. september 2019","format":false,"excerpt":"Fagforbundet inviterer til \u00e5pen familiedag ved lekeplassen i Haraldsvang der det blir minikinsert med Marie M. Jakobsen, ponniridning, ansiktsmaling, rebusl\u00f8ype og andre aktiviteter.Vi serverer p\u00f8lse i br\u00f8d og noe \u00e5 drikkeVi deler ut flotte premier fra Haugaland Zoo og Minigolfen familieparkDet blir ogs\u00e5 mulighet for \u00e5 hilse p\u00e5 ekte brannmenn\u2026","rel":"","context":"i &quot;Nyheter&quot;","block_context":{"text":"Nyheter","link":"https:\/\/www.fagforbundet468.com\/portal\/category\/nyheter\/"},"img":{"alt_text":"","src":"https:\/\/i0.wp.com\/www.fagforbundet468.com\/portal\/wp-content\/uploads\/vangen.jpg?fit=1023%2C589&ssl=1&resize=350%2C200","width":350,"height":200,"srcset":"https:\/\/i0.wp.com\/www.fagforbundet468.com\/portal\/wp-content\/uploads\/vangen.jpg?fit=1023%2C589&ssl=1&resize=350%2C200 1x, https:\/\/i0.wp.com\/www.fagforbundet468.com\/portal\/wp-content\/uploads\/vangen.jpg?fit=1023%2C589&ssl=1&resize=525%2C300 1.5x, https:\/\/i0.wp.com\/www.fagforbundet468.com\/portal\/wp-content\/uploads\/vangen.jpg?fit=1023%2C589&ssl=1&resize=700%2C400 2x"},"classes":[]},{"id":527,"url":"https:\/\/www.fagforbundet468.com\/portal\/2018\/06\/14\/fagforbundet-15-ar\/","url_meta":{"origin":372,"position":1},"title":"Fagforbundet 15 \u00e5r!","author":"Idar \u00c5dnesen","date":"14. juni 2018","format":false,"excerpt":"Den 17. juni 2018 er det 15 \u00e5r siden Fagforbundet ble etablert. Da hadde forbundet 287 000 medlemmer. Vi er stolte over at vi vokser, har innflytelse og gjennomslagskraft til \u00e5 vinne fram med v\u00e5r politikk i l\u00f8nnsforhandlinger, i samfunn og politikk og i yrkesfaglige sp\u00f8rsm\u00e5l. M\u00e5lene om en sterk\u2026","rel":"","context":"i &quot;Nyheter&quot;","block_context":{"text":"Nyheter","link":"https:\/\/www.fagforbundet468.com\/portal\/category\/nyheter\/"},"img":{"alt_text":"","src":"https:\/\/i0.wp.com\/www.fagforbundet468.com\/portal\/wp-content\/uploads\/15-%C3%A5r-e1529010330709.png?fit=750%2C261&ssl=1&resize=350%2C200","width":350,"height":200,"srcset":"https:\/\/i0.wp.com\/www.fagforbundet468.com\/portal\/wp-content\/uploads\/15-%C3%A5r-e1529010330709.png?fit=750%2C261&ssl=1&resize=350%2C200 1x, https:\/\/i0.wp.com\/www.fagforbundet468.com\/portal\/wp-content\/uploads\/15-%C3%A5r-e1529010330709.png?fit=750%2C261&ssl=1&resize=525%2C300 1.5x, https:\/\/i0.wp.com\/www.fagforbundet468.com\/portal\/wp-content\/uploads\/15-%C3%A5r-e1529010330709.png?fit=750%2C261&ssl=1&resize=700%2C400 2x"},"classes":[]},{"id":616,"url":"https:\/\/www.fagforbundet468.com\/portal\/2019\/01\/14\/foredrag-med-arild-knutsen\/","url_meta":{"origin":372,"position":2},"title":"Foredrag med Arild Knutsen","author":"Idar \u00c5dnesen","date":"14. januar 2019","format":false,"excerpt":"Arild Knutsen er leder for nasjonalforeningen for human narkotika politikk, han har drevet et langvarig arbeid for rusavhengiges rettigheter og verdighet for at det blir slutt p\u00e5 skammen, utst\u00f8ting og desperasjon. Knutsen var blant annet med og startet opp = Oslo og han er mye brukt som foredragsholder og innleder\u2026","rel":"","context":"i &quot;Nyheter&quot;","block_context":{"text":"Nyheter","link":"https:\/\/www.fagforbundet468.com\/portal\/category\/nyheter\/"},"img":{"alt_text":"","src":"https:\/\/i0.wp.com\/www.fagforbundet468.com\/portal\/wp-content\/uploads\/arildknutsen.jpg?fit=1200%2C800&ssl=1&resize=350%2C200","width":350,"height":200,"srcset":"https:\/\/i0.wp.com\/www.fagforbundet468.com\/portal\/wp-content\/uploads\/arildknutsen.jpg?fit=1200%2C800&ssl=1&resize=350%2C200 1x, https:\/\/i0.wp.com\/www.fagforbundet468.com\/portal\/wp-content\/uploads\/arildknutsen.jpg?fit=1200%2C800&ssl=1&resize=525%2C300 1.5x, https:\/\/i0.wp.com\/www.fagforbundet468.com\/portal\/wp-content\/uploads\/arildknutsen.jpg?fit=1200%2C800&ssl=1&resize=700%2C400 2x, https:\/\/i0.wp.com\/www.fagforbundet468.com\/portal\/wp-content\/uploads\/arildknutsen.jpg?fit=1200%2C800&ssl=1&resize=1050%2C600 3x"},"classes":[]},{"id":376,"url":"https:\/\/www.fagforbundet468.com\/portal\/2017\/03\/22\/rigmor-galtung-fullt-lys-og-stummende-morke\/","url_meta":{"origin":372,"position":3},"title":"Rigmor Galtung &#8211; fullt lys og stummende m\u00f8rke","author":"Idar \u00c5dnesen","date":"22. mars 2017","format":false,"excerpt":"Fagforbundet Avd. 468 inviterer medlemmer og ikke medlemmer til foredrag med Rigmor Galtung. Dette er\u00a0et foredrag om et liv - p\u00e5 godt og vondt. Med sin levende fortellerform har Rigmor en egen evne til \u00e5 engasjere lytterne. I utgangspunktet var Rigmor en framgangsrik komiker med mange baller i luften og\u2026","rel":"","context":"i &quot;Nyheter&quot;","block_context":{"text":"Nyheter","link":"https:\/\/www.fagforbundet468.com\/portal\/category\/nyheter\/"},"img":{"alt_text":"","src":"https:\/\/i0.wp.com\/www.fagforbundet468.com\/portal\/wp-content\/uploads\/rigmorgaltung.jpg?fit=1190%2C1200&ssl=1&resize=350%2C200","width":350,"height":200,"srcset":"https:\/\/i0.wp.com\/www.fagforbundet468.com\/portal\/wp-content\/uploads\/rigmorgaltung.jpg?fit=1190%2C1200&ssl=1&resize=350%2C200 1x, https:\/\/i0.wp.com\/www.fagforbundet468.com\/portal\/wp-content\/uploads\/rigmorgaltung.jpg?fit=1190%2C1200&ssl=1&resize=525%2C300 1.5x, https:\/\/i0.wp.com\/www.fagforbundet468.com\/portal\/wp-content\/uploads\/rigmorgaltung.jpg?fit=1190%2C1200&ssl=1&resize=700%2C400 2x, https:\/\/i0.wp.com\/www.fagforbundet468.com\/portal\/wp-content\/uploads\/rigmorgaltung.jpg?fit=1190%2C1200&ssl=1&resize=1050%2C600 3x"},"classes":[]},{"id":429,"url":"https:\/\/www.fagforbundet468.com\/portal\/2017\/10\/09\/fagforbundet-onsker-velkommen-til-foredrag-med-vibekke-berge\/","url_meta":{"origin":372,"position":4},"title":"Fagforbundet \u00f8nsker velkommen til foredrag med Vibekke Berge","author":"Idar \u00c5dnesen","date":"9. oktober 2017","format":false,"excerpt":"Vibekke Berge fikk hjerneslag i 2012. Da var hun 31 \u00e5r gammel, sm\u00e5barns mamma og vernepleier. Hovedm\u00e5let hennes med foredraget \u00abN\u00e5r ingen ser det\u00bb er \u00e5 skape st\u00f8rre forst\u00e5else og innsikt i hvordan det er \u00e5 leve med usynlige skader etter hjerneslag. Dette er ogs\u00e5 en historie om \u00e5 takle\u2026","rel":"","context":"i &quot;Nyheter&quot;","block_context":{"text":"Nyheter","link":"https:\/\/www.fagforbundet468.com\/portal\/category\/nyheter\/"},"img":{"alt_text":"","src":"https:\/\/i0.wp.com\/www.fagforbundet468.com\/portal\/wp-content\/uploads\/berge.png?fit=750%2C450&ssl=1&resize=350%2C200","width":350,"height":200,"srcset":"https:\/\/i0.wp.com\/www.fagforbundet468.com\/portal\/wp-content\/uploads\/berge.png?fit=750%2C450&ssl=1&resize=350%2C200 1x, https:\/\/i0.wp.com\/www.fagforbundet468.com\/portal\/wp-content\/uploads\/berge.png?fit=750%2C450&ssl=1&resize=525%2C300 1.5x, https:\/\/i0.wp.com\/www.fagforbundet468.com\/portal\/wp-content\/uploads\/berge.png?fit=750%2C450&ssl=1&resize=700%2C400 2x"},"classes":[]},{"id":351,"url":"https:\/\/www.fagforbundet468.com\/portal\/2017\/02\/01\/helsesekretaerdagen-1-februar\/","url_meta":{"origin":372,"position":5},"title":"Helsesekret\u00e6rdagen 1 februar","author":"Idar \u00c5dnesen","date":"1. februar 2017","format":false,"excerpt":"Kj\u00e6re helsesekret\u00e6rer 1 Februar er det deres dag, Fagforbundet gratulerer dere med dagen. Dere har en unik kompetanse i helsetjenestene.\u00a0Dere bidrar i det faglige fellesskapet b\u00e5de med helsefaglige og kontorfaglige ferdigheter. Fagforbundet vil bidra til \u00e5 belyse helsesekret\u00e6rens kompetanseomr\u00e5der og vise arbeidsgivere hvorfor det er b\u00e5de smart og l\u00f8nnsomt \u00e5\u2026","rel":"","context":"i &quot;Nyheter&quot;","block_context":{"text":"Nyheter","link":"https:\/\/www.fagforbundet468.com\/portal\/category\/nyheter\/"},"img":{"alt_text":"","src":"https:\/\/i0.wp.com\/www.fagforbundet468.com\/portal\/wp-content\/uploads\/Helsesekrdag-1.jpg?fit=831%2C578&ssl=1&resize=350%2C200","width":350,"height":200,"srcset":"https:\/\/i0.wp.com\/www.fagforbundet468.com\/portal\/wp-content\/uploads\/Helsesekrdag-1.jpg?fit=831%2C578&ssl=1&resize=350%2C200 1x, https:\/\/i0.wp.com\/www.fagforbundet468.com\/portal\/wp-content\/uploads\/Helsesekrdag-1.jpg?fit=831%2C578&ssl=1&resize=525%2C300 1.5x, https:\/\/i0.wp.com\/www.fagforbundet468.com\/portal\/wp-content\/uploads\/Helsesekrdag-1.jpg?fit=831%2C578&ssl=1&resize=700%2C400 2x"},"classes":[]}],"_links":{"self":[{"href":"https:\/\/www.fagforbundet468.com\/portal\/wp-json\/wp\/v2\/posts\/372","targetHints":{"allow":["GET"]}}],"collection":[{"href":"https:\/\/www.fagforbundet468.com\/portal\/wp-json\/wp\/v2\/posts"}],"about":[{"href":"https:\/\/www.fagforbundet468.com\/portal\/wp-json\/wp\/v2\/types\/post"}],"author":[{"embeddable":true,"href":"https:\/\/www.fagforbundet468.com\/portal\/wp-json\/wp\/v2\/users\/2"}],"replies":[{"embeddable":true,"href":"https:\/\/www.fagforbundet468.com\/portal\/wp-json\/wp\/v2\/comments?post=372"}],"version-history":[{"count":1,"href":"https:\/\/www.fagforbundet468.com\/portal\/wp-json\/wp\/v2\/posts\/372\/revisions"}],"predecessor-version":[{"id":374,"href":"https:\/\/www.fagforbundet468.com\/portal\/wp-json\/wp\/v2\/posts\/372\/revisions\/374"}],"wp:featuredmedia":[{"embeddable":true,"href":"https:\/\/www.fagforbundet468.com\/portal\/wp-json\/wp\/v2\/media\/373"}],"wp:attachment":[{"href":"https:\/\/www.fagforbundet468.com\/portal\/wp-json\/wp\/v2\/media?parent=372"}],"wp:term":[{"taxonomy":"category","embeddable":true,"href":"https:\/\/www.fagforbundet468.com\/portal\/wp-json\/wp\/v2\/categories?post=372"},{"taxonomy":"post_tag","embeddable":true,"href":"https:\/\/www.fagforbundet468.com\/portal\/wp-json\/wp\/v2\/tags?post=372"}],"curies":[{"name":"wp","href":"https:\/\/api.w.org\/{rel}","templated":true}]}}