{"id":362,"date":"2017-02-14T07:36:33","date_gmt":"2017-02-14T06:36:33","guid":{"rendered":"http:\/\/www.fagforbundet468.com\/portal\/?p=362"},"modified":"2017-03-05T20:49:08","modified_gmt":"2017-03-05T19:49:08","slug":"ta-vare-pa-deg-selv-pa-jobben","status":"publish","type":"post","link":"https:\/\/www.fagforbundet468.com\/portal\/2017\/02\/14\/ta-vare-pa-deg-selv-pa-jobben\/","title":{"rendered":"Ta vare p\u00e5 deg selv p\u00e5 jobben?"},"content":{"rendered":"<p><strong>Ta vare p\u00e5 deg selv p\u00e5 jobben? Foreleser Audun Muskja<\/strong><\/p>\n<p><strong>Kursets innhold:<\/strong><\/p>\n<ul>\n<li>AV-P\u00c5-system &#8211; en n\u00f8kkel til \u00e5 mestre stress<\/li>\n<li>Hvilke tre ferdigheter trenger du for \u00e5 takle \u00abdet blir for mye for meg\u00bb-syndromet?<\/li>\n<li>Syv egenskaper som gir deg styrke til \u00e5 mestre hverdagen<\/li>\n<li>Kroppens visdom: Sm\u00e5 tips for \u00e5 balansere deg selv n\u00e5r det koker<\/li>\n<li>Pust &#8211; en n\u00f8kkel<\/li>\n<li>Stilne sinnet &#8211; hvordan?<\/li>\n<li>Kommunikasjonens grunnlover: F\u00e5 fram det beste i hverandre<\/li>\n<li>Hva gj\u00f8r team som lykkes?<\/li>\n<\/ul>\n<p>Musikkbasert milj\u00f8behandling: Erfaringer fra et landsomfattende prosjekt<\/p>\n<ul>\n<li>Kveldens foredragsholder er lege, musikkterapeut og forfatter Audun Myskja som er godt kjent som en spennende og morsom foredragsholder som kan kunsten \u00e5 holde sitt publikum i \u00e5nde!<\/li>\n<\/ul>\n<p><strong>Sted:<\/strong> Karmsund Videreg\u00e5ende Skole Haugesund<br \/>\n<strong>Tid:<\/strong> 08.03.17 kl. 1600 &#8211; 2000<br \/>\nStarter med mat kl. 1530<\/p>\n<p>Kurset er gratis for Fagforbundets medlemmer, andre 500,-<\/p>\n<p>P\u00e5meldingsfrist 01.03.17 via <a href=\"http:\/\/rogaland.fagforbundet.no\">http:\/\/rogaland.fagforbundet.no<\/a><\/p>\n<p>&nbsp;<\/p>\n","protected":false},"excerpt":{"rendered":"<p>Ta vare p\u00e5 deg selv p\u00e5 jobben? Foreleser Audun Muskja Kursets innhold: AV-P\u00c5-system &#8211; en n\u00f8kkel til \u00e5 mestre stress Hvilke tre ferdigheter trenger du&#8230;<\/p>\n","protected":false},"author":2,"featured_media":363,"comment_status":"closed","ping_status":"closed","sticky":false,"template":"","format":"standard","meta":{"jetpack_post_was_ever_published":false,"_jetpack_newsletter_access":"","_jetpack_dont_email_post_to_subs":true,"_jetpack_newsletter_tier_id":0,"_jetpack_memberships_contains_paywalled_content":false,"_jetpack_memberships_contains_paid_content":false,"footnotes":"","jetpack_publicize_message":"","jetpack_publicize_feature_enabled":true,"jetpack_social_post_already_shared":true,"jetpack_social_options":{"image_generator_settings":{"template":"highway","default_image_id":0,"font":"","enabled":false},"version":2}},"categories":[1],"tags":[97,52,98,51],"class_list":["post-362","post","type-post","status-publish","format-standard","has-post-thumbnail","hentry","category-nyheter","tag-audun-myskja","tag-foredrag","tag-karmsund","tag-mat"],"jetpack_publicize_connections":[],"jetpack_featured_media_url":"https:\/\/i0.wp.com\/www.fagforbundet468.com\/portal\/wp-content\/uploads\/Audun-Myskja-portrett-p%C3%A5-omslag.jpg?fit=1181%2C1772&ssl=1","jetpack_sharing_enabled":true,"jetpack_shortlink":"https:\/\/wp.me\/p173ho-5Q","jetpack-related-posts":[{"id":315,"url":"https:\/\/www.fagforbundet468.com\/portal\/2016\/10\/07\/temakveld-med-john-petter-fagerhaug\/","url_meta":{"origin":362,"position":0},"title":"Temakveld med John Petter Fagerhaug","author":"Idar \u00c5dnesen","date":"7. oktober 2016","format":false,"excerpt":"Seksjon helse og sosial i region 4 (foreningene i Tysv\u00e6r, Bokn, Karm\u00f8y, Vindafjord, Haugesund, Utsira, Haugesund Sykehus og HSR) inviterer til temakveld med John Petter Fagerhaug. Fagerhaug er Psykolog, konsulent og foredragsholder som er k\u00e5ret til \u00e5rets motivator i 2007 og \u00e5rets hederspris i 2011 som foredragsholder av Confex Norge.\u2026","rel":"","context":"i &quot;Nyheter&quot;","block_context":{"text":"Nyheter","link":"https:\/\/www.fagforbundet468.com\/portal\/category\/nyheter\/"},"img":{"alt_text":"","src":"https:\/\/i0.wp.com\/www.fagforbundet468.com\/portal\/wp-content\/uploads\/fagerhaug3.png?fit=1139%2C450&ssl=1&resize=350%2C200","width":350,"height":200,"srcset":"https:\/\/i0.wp.com\/www.fagforbundet468.com\/portal\/wp-content\/uploads\/fagerhaug3.png?fit=1139%2C450&ssl=1&resize=350%2C200 1x, https:\/\/i0.wp.com\/www.fagforbundet468.com\/portal\/wp-content\/uploads\/fagerhaug3.png?fit=1139%2C450&ssl=1&resize=525%2C300 1.5x, https:\/\/i0.wp.com\/www.fagforbundet468.com\/portal\/wp-content\/uploads\/fagerhaug3.png?fit=1139%2C450&ssl=1&resize=700%2C400 2x, https:\/\/i0.wp.com\/www.fagforbundet468.com\/portal\/wp-content\/uploads\/fagerhaug3.png?fit=1139%2C450&ssl=1&resize=1050%2C600 3x"},"classes":[]},{"id":675,"url":"https:\/\/www.fagforbundet468.com\/portal\/2019\/05\/15\/samuel-massie-og-bestefar-arne-ulvolden\/","url_meta":{"origin":362,"position":1},"title":"Samuel Massie og bestefar Arne Ulvolden","author":"Idar \u00c5dnesen","date":"15. mai 2019","format":false,"excerpt":"Vi har gleden av \u00e5 invitere deg til en spektakul\u00e6r aften I storsalen p\u00e5 Tysv\u00e6rtunet 24. september kl. 19.00-20.30 med disse to fabelaktige eventyrerne som sammen, og hver for seg, har tatt rev i egne seil! Dette b\u00f8r du ikke g\u00e5 glipp av!Tid: 24. september kl. 1900 - 2030Sted: Tysv\u00e6rtunetTema:\u2026","rel":"","context":"i &quot;Nyheter&quot;","block_context":{"text":"Nyheter","link":"https:\/\/www.fagforbundet468.com\/portal\/category\/nyheter\/"},"img":{"alt_text":"","src":"https:\/\/i0.wp.com\/www.fagforbundet468.com\/portal\/wp-content\/uploads\/samuelbestefar.jpg?fit=1200%2C675&ssl=1&resize=350%2C200","width":350,"height":200,"srcset":"https:\/\/i0.wp.com\/www.fagforbundet468.com\/portal\/wp-content\/uploads\/samuelbestefar.jpg?fit=1200%2C675&ssl=1&resize=350%2C200 1x, https:\/\/i0.wp.com\/www.fagforbundet468.com\/portal\/wp-content\/uploads\/samuelbestefar.jpg?fit=1200%2C675&ssl=1&resize=525%2C300 1.5x, https:\/\/i0.wp.com\/www.fagforbundet468.com\/portal\/wp-content\/uploads\/samuelbestefar.jpg?fit=1200%2C675&ssl=1&resize=700%2C400 2x, https:\/\/i0.wp.com\/www.fagforbundet468.com\/portal\/wp-content\/uploads\/samuelbestefar.jpg?fit=1200%2C675&ssl=1&resize=1050%2C600 3x"},"classes":[]},{"id":1083,"url":"https:\/\/www.fagforbundet468.com\/portal\/2024\/05\/13\/medlemsmote-23-05-24\/","url_meta":{"origin":362,"position":2},"title":"Medlemsm\u00f8te 23.05.24","author":"Admin","date":"13. mai 2024","format":false,"excerpt":"Velkommen til samling med Fagforbundetog AOF Vestlandet - Agder! 6. etasje i kantinen p\u00e5 Revmatismesykehuset Loddtrekning med gevinster Det blir servert enkel mat og drikke I en verden hvor helse stadig vokser i betydning, forst\u00e5r vi iAOF Vestlandet - Agder viktigheten av at du som jobber innenhelse m\u00e5 kontinuerlig videreutvikle\u2026","rel":"","context":"i &quot;Nyheter&quot;","block_context":{"text":"Nyheter","link":"https:\/\/www.fagforbundet468.com\/portal\/category\/nyheter\/"},"img":{"alt_text":"","src":"https:\/\/i0.wp.com\/www.fagforbundet468.com\/portal\/wp-content\/uploads\/port%C3%B8r.gif?fit=862%2C850&ssl=1&resize=350%2C200","width":350,"height":200,"srcset":"https:\/\/i0.wp.com\/www.fagforbundet468.com\/portal\/wp-content\/uploads\/port%C3%B8r.gif?fit=862%2C850&ssl=1&resize=350%2C200 1x, https:\/\/i0.wp.com\/www.fagforbundet468.com\/portal\/wp-content\/uploads\/port%C3%B8r.gif?fit=862%2C850&ssl=1&resize=525%2C300 1.5x, https:\/\/i0.wp.com\/www.fagforbundet468.com\/portal\/wp-content\/uploads\/port%C3%B8r.gif?fit=862%2C850&ssl=1&resize=700%2C400 2x"},"classes":[]},{"id":616,"url":"https:\/\/www.fagforbundet468.com\/portal\/2019\/01\/14\/foredrag-med-arild-knutsen\/","url_meta":{"origin":362,"position":3},"title":"Foredrag med Arild Knutsen","author":"Idar \u00c5dnesen","date":"14. januar 2019","format":false,"excerpt":"Arild Knutsen er leder for nasjonalforeningen for human narkotika politikk, han har drevet et langvarig arbeid for rusavhengiges rettigheter og verdighet for at det blir slutt p\u00e5 skammen, utst\u00f8ting og desperasjon. Knutsen var blant annet med og startet opp = Oslo og han er mye brukt som foredragsholder og innleder\u2026","rel":"","context":"i &quot;Nyheter&quot;","block_context":{"text":"Nyheter","link":"https:\/\/www.fagforbundet468.com\/portal\/category\/nyheter\/"},"img":{"alt_text":"","src":"https:\/\/i0.wp.com\/www.fagforbundet468.com\/portal\/wp-content\/uploads\/arildknutsen.jpg?fit=1200%2C800&ssl=1&resize=350%2C200","width":350,"height":200,"srcset":"https:\/\/i0.wp.com\/www.fagforbundet468.com\/portal\/wp-content\/uploads\/arildknutsen.jpg?fit=1200%2C800&ssl=1&resize=350%2C200 1x, https:\/\/i0.wp.com\/www.fagforbundet468.com\/portal\/wp-content\/uploads\/arildknutsen.jpg?fit=1200%2C800&ssl=1&resize=525%2C300 1.5x, https:\/\/i0.wp.com\/www.fagforbundet468.com\/portal\/wp-content\/uploads\/arildknutsen.jpg?fit=1200%2C800&ssl=1&resize=700%2C400 2x, https:\/\/i0.wp.com\/www.fagforbundet468.com\/portal\/wp-content\/uploads\/arildknutsen.jpg?fit=1200%2C800&ssl=1&resize=1050%2C600 3x"},"classes":[]},{"id":622,"url":"https:\/\/www.fagforbundet468.com\/portal\/2019\/01\/14\/foredrag-om-livstil-og-helse\/","url_meta":{"origin":362,"position":4},"title":"Foredrag om livstil og helse","author":"Idar \u00c5dnesen","date":"14. januar 2019","format":false,"excerpt":"Foredragsholder Ragnhild Lekven Fimreite er utdannet klinisk ern\u00e6ringsfysiolog ved det Medisinske fakultet, Universitet i Oslo i 1999. Hun har i tillegg studert pedagogikk og psykologi. Hva skal vi egentlig tro p\u00e5 n\u00e5r det gjelder kostr\u00e5d? F\u00f8lger vi kostr\u00e5dene? \/Hva spiser vi egentlig? Utsatte grupper som personer med livsstilssykdommer, barn og\u2026","rel":"","context":"i &quot;Nyheter&quot;","block_context":{"text":"Nyheter","link":"https:\/\/www.fagforbundet468.com\/portal\/category\/nyheter\/"},"img":{"alt_text":"","src":"https:\/\/i0.wp.com\/www.fagforbundet468.com\/portal\/wp-content\/uploads\/Ragnhild-Lekven-Fimreite.jpg?fit=480%2C360&ssl=1&resize=350%2C200","width":350,"height":200},"classes":[]},{"id":376,"url":"https:\/\/www.fagforbundet468.com\/portal\/2017\/03\/22\/rigmor-galtung-fullt-lys-og-stummende-morke\/","url_meta":{"origin":362,"position":5},"title":"Rigmor Galtung &#8211; fullt lys og stummende m\u00f8rke","author":"Idar \u00c5dnesen","date":"22. mars 2017","format":false,"excerpt":"Fagforbundet Avd. 468 inviterer medlemmer og ikke medlemmer til foredrag med Rigmor Galtung. Dette er\u00a0et foredrag om et liv - p\u00e5 godt og vondt. Med sin levende fortellerform har Rigmor en egen evne til \u00e5 engasjere lytterne. I utgangspunktet var Rigmor en framgangsrik komiker med mange baller i luften og\u2026","rel":"","context":"i &quot;Nyheter&quot;","block_context":{"text":"Nyheter","link":"https:\/\/www.fagforbundet468.com\/portal\/category\/nyheter\/"},"img":{"alt_text":"","src":"https:\/\/i0.wp.com\/www.fagforbundet468.com\/portal\/wp-content\/uploads\/rigmorgaltung.jpg?fit=1190%2C1200&ssl=1&resize=350%2C200","width":350,"height":200,"srcset":"https:\/\/i0.wp.com\/www.fagforbundet468.com\/portal\/wp-content\/uploads\/rigmorgaltung.jpg?fit=1190%2C1200&ssl=1&resize=350%2C200 1x, https:\/\/i0.wp.com\/www.fagforbundet468.com\/portal\/wp-content\/uploads\/rigmorgaltung.jpg?fit=1190%2C1200&ssl=1&resize=525%2C300 1.5x, https:\/\/i0.wp.com\/www.fagforbundet468.com\/portal\/wp-content\/uploads\/rigmorgaltung.jpg?fit=1190%2C1200&ssl=1&resize=700%2C400 2x, https:\/\/i0.wp.com\/www.fagforbundet468.com\/portal\/wp-content\/uploads\/rigmorgaltung.jpg?fit=1190%2C1200&ssl=1&resize=1050%2C600 3x"},"classes":[]}],"_links":{"self":[{"href":"https:\/\/www.fagforbundet468.com\/portal\/wp-json\/wp\/v2\/posts\/362","targetHints":{"allow":["GET"]}}],"collection":[{"href":"https:\/\/www.fagforbundet468.com\/portal\/wp-json\/wp\/v2\/posts"}],"about":[{"href":"https:\/\/www.fagforbundet468.com\/portal\/wp-json\/wp\/v2\/types\/post"}],"author":[{"embeddable":true,"href":"https:\/\/www.fagforbundet468.com\/portal\/wp-json\/wp\/v2\/users\/2"}],"replies":[{"embeddable":true,"href":"https:\/\/www.fagforbundet468.com\/portal\/wp-json\/wp\/v2\/comments?post=362"}],"version-history":[{"count":3,"href":"https:\/\/www.fagforbundet468.com\/portal\/wp-json\/wp\/v2\/posts\/362\/revisions"}],"predecessor-version":[{"id":366,"href":"https:\/\/www.fagforbundet468.com\/portal\/wp-json\/wp\/v2\/posts\/362\/revisions\/366"}],"wp:featuredmedia":[{"embeddable":true,"href":"https:\/\/www.fagforbundet468.com\/portal\/wp-json\/wp\/v2\/media\/363"}],"wp:attachment":[{"href":"https:\/\/www.fagforbundet468.com\/portal\/wp-json\/wp\/v2\/media?parent=362"}],"wp:term":[{"taxonomy":"category","embeddable":true,"href":"https:\/\/www.fagforbundet468.com\/portal\/wp-json\/wp\/v2\/categories?post=362"},{"taxonomy":"post_tag","embeddable":true,"href":"https:\/\/www.fagforbundet468.com\/portal\/wp-json\/wp\/v2\/tags?post=362"}],"curies":[{"name":"wp","href":"https:\/\/api.w.org\/{rel}","templated":true}]}}