{"id":346,"date":"2017-01-30T08:13:17","date_gmt":"2017-01-30T07:13:17","guid":{"rendered":"http:\/\/www.fagforbundet468.com\/portal\/?p=346"},"modified":"2017-01-30T08:14:53","modified_gmt":"2017-01-30T07:14:53","slug":"nye-vedtekter-og-priser-vedtatt-for-leilighet","status":"publish","type":"post","link":"https:\/\/www.fagforbundet468.com\/portal\/2017\/01\/30\/nye-vedtekter-og-priser-vedtatt-for-leilighet\/","title":{"rendered":"Nye vedtekter og priser vedtatt for leilighet"},"content":{"rendered":"<p>Under \u00e5rsm\u00f8tet til Fagforbundet avd. 468 ble der vedtatt nye vedtekter og nye priser for leiligheten p\u00e5 fjellet. Hovedpunktene i de nye vedtektene er:<\/p>\n<ul>\n<li>Enklere \u00e5 samle opp poeng om du er ny i fagforbundet<\/li>\n<li>Kortere oppsamlingstid (6 \u00e5r)<\/li>\n<li>Tilbakevirkende kraft (har du v\u00e6rt medlem i 6 \u00e5r eller mer har du 30 poeng)<\/li>\n<\/ul>\n<p>N\u00e5r det gjelder priser s\u00e5 er f\u00f8lgende endret:<\/p>\n<ul>\n<li>2000,- pr. del i vinterferie (1800,- f\u00f8r)<\/li>\n<li>Billigere ukeleie 300,- pr d\u00f8gn men 1000,- for 4 d\u00f8gn<\/li>\n<li>Fastpris for jul og nytt\u00e5rshelg<\/li>\n<\/ul>\n","protected":false},"excerpt":{"rendered":"<p>Under \u00e5rsm\u00f8tet til Fagforbundet avd. 468 ble der vedtatt nye vedtekter og nye priser for leiligheten p\u00e5 fjellet. Hovedpunktene i de nye vedtektene er: Enklere&#8230;<\/p>\n","protected":false},"author":2,"featured_media":123,"comment_status":"closed","ping_status":"closed","sticky":false,"template":"","format":"standard","meta":{"jetpack_post_was_ever_published":false,"_jetpack_newsletter_access":"","_jetpack_dont_email_post_to_subs":true,"_jetpack_newsletter_tier_id":0,"_jetpack_memberships_contains_paywalled_content":false,"_jetpack_memberships_contains_paid_content":false,"footnotes":"","jetpack_publicize_message":"","jetpack_publicize_feature_enabled":true,"jetpack_social_post_already_shared":true,"jetpack_social_options":{"image_generator_settings":{"template":"highway","default_image_id":0,"font":"","enabled":false},"version":2}},"categories":[8,1],"tags":[90,10,9,92,91,11,89],"class_list":["post-346","post","type-post","status-publish","format-standard","has-post-thumbnail","hentry","category-leilighet","category-nyheter","tag-fjell","tag-leie","tag-leilighet","tag-rasali","tag-sno","tag-vagslid","tag-vedtekter"],"jetpack_publicize_connections":[],"jetpack_featured_media_url":"https:\/\/i0.wp.com\/www.fagforbundet468.com\/portal\/wp-content\/uploads\/leilighet_7.jpg?fit=800%2C600&ssl=1","jetpack_sharing_enabled":true,"jetpack_shortlink":"https:\/\/wp.me\/p173ho-5A","jetpack-related-posts":[{"id":143,"url":"https:\/\/www.fagforbundet468.com\/portal\/2015\/10\/22\/leie-av-leilghet\/","url_meta":{"origin":346,"position":0},"title":"Leie av leilghet","author":"Idar \u00c5dnesen","date":"22. oktober 2015","format":false,"excerpt":"V\u00e5r leilighet p\u00e5 V\u00e5gslid er tilgjengelig for alle v\u00e5re medlemmer, \u00f8nsker du \u00e5 leie leiligheten en helg, ukedag etc. s\u00e5 m\u00e5 du bruke v\u00e5r \"bookingmodul\" som du finner her. N\u00e5r man legger inn et \u00f8nske om \u00e5 leie leilighet vil man etterhvert bli kontaktet og opplyst om du er tildelt\u2026","rel":"","context":"i &quot;Nyheter&quot;","block_context":{"text":"Nyheter","link":"https:\/\/www.fagforbundet468.com\/portal\/category\/nyheter\/"},"img":{"alt_text":"","src":"https:\/\/i0.wp.com\/www.fagforbundet468.com\/portal\/wp-content\/uploads\/leilighet_7.jpg?fit=800%2C600&ssl=1&resize=350%2C200","width":350,"height":200,"srcset":"https:\/\/i0.wp.com\/www.fagforbundet468.com\/portal\/wp-content\/uploads\/leilighet_7.jpg?fit=800%2C600&ssl=1&resize=350%2C200 1x, https:\/\/i0.wp.com\/www.fagforbundet468.com\/portal\/wp-content\/uploads\/leilighet_7.jpg?fit=800%2C600&ssl=1&resize=525%2C300 1.5x, https:\/\/i0.wp.com\/www.fagforbundet468.com\/portal\/wp-content\/uploads\/leilighet_7.jpg?fit=800%2C600&ssl=1&resize=700%2C400 2x"},"classes":[]},{"id":38,"url":"https:\/\/www.fagforbundet468.com\/portal\/2015\/09\/07\/nye-sider\/","url_meta":{"origin":346,"position":1},"title":"Nye og oppdaterte sider","author":"Idar \u00c5dnesen","date":"7. september 2015","format":false,"excerpt":"Velkommen til v\u00e5re nye nettsider. Grunnet diverse problemer har dessverre ikke v\u00e5r nettsider fungert de siste m\u00e5nedene, vi beklager dette og h\u00e5per n\u00e5 at sidene skal v\u00e6re litt mer stabile. Vi har endret litt p\u00e5 v\u00e5r \"bookingside\" der du sender inn s\u00f8knad for leie av leilighet, men endringene er s\u00e5\u2026","rel":"","context":"i &quot;Nyheter&quot;","block_context":{"text":"Nyheter","link":"https:\/\/www.fagforbundet468.com\/portal\/category\/nyheter\/"},"img":{"alt_text":"","src":"https:\/\/i0.wp.com\/www.fagforbundet468.com\/portal\/wp-content\/uploads\/nye_sider.png?fit=1200%2C702&ssl=1&resize=350%2C200","width":350,"height":200,"srcset":"https:\/\/i0.wp.com\/www.fagforbundet468.com\/portal\/wp-content\/uploads\/nye_sider.png?fit=1200%2C702&ssl=1&resize=350%2C200 1x, https:\/\/i0.wp.com\/www.fagforbundet468.com\/portal\/wp-content\/uploads\/nye_sider.png?fit=1200%2C702&ssl=1&resize=525%2C300 1.5x, https:\/\/i0.wp.com\/www.fagforbundet468.com\/portal\/wp-content\/uploads\/nye_sider.png?fit=1200%2C702&ssl=1&resize=700%2C400 2x, https:\/\/i0.wp.com\/www.fagforbundet468.com\/portal\/wp-content\/uploads\/nye_sider.png?fit=1200%2C702&ssl=1&resize=1050%2C600 3x"},"classes":[]},{"id":796,"url":"https:\/\/www.fagforbundet468.com\/portal\/2020\/02\/06\/oppdaterte-priser-pa-leie-av-leilighet\/","url_meta":{"origin":346,"position":2},"title":"Oppdaterte priser p\u00e5 leie av leilighet","author":"Idar \u00c5dnesen","date":"6. februar 2020","format":false,"excerpt":"Etter \u00e5rsm\u00f8te i Fagforbundet avd. 468 er prisene p\u00e5 leie av leiligheten v\u00e5r p\u00e5 V\u00e5gslid justert. Priser finner dere p\u00e5 link under. https:\/\/www.fagforbundet468.com\/portal\/leilighet\/reglervedtekter\/","rel":"","context":"i &quot;Nyheter&quot;","block_context":{"text":"Nyheter","link":"https:\/\/www.fagforbundet468.com\/portal\/category\/nyheter\/"},"img":{"alt_text":"","src":"https:\/\/i0.wp.com\/www.fagforbundet468.com\/portal\/wp-content\/uploads\/leilighet_7.jpg?fit=800%2C600&ssl=1&resize=350%2C200","width":350,"height":200,"srcset":"https:\/\/i0.wp.com\/www.fagforbundet468.com\/portal\/wp-content\/uploads\/leilighet_7.jpg?fit=800%2C600&ssl=1&resize=350%2C200 1x, https:\/\/i0.wp.com\/www.fagforbundet468.com\/portal\/wp-content\/uploads\/leilighet_7.jpg?fit=800%2C600&ssl=1&resize=525%2C300 1.5x, https:\/\/i0.wp.com\/www.fagforbundet468.com\/portal\/wp-content\/uploads\/leilighet_7.jpg?fit=800%2C600&ssl=1&resize=700%2C400 2x"},"classes":[]},{"id":1087,"url":"https:\/\/www.fagforbundet468.com\/portal\/2024\/07\/05\/nye-skilt-pa-leilighet\/","url_meta":{"origin":346,"position":3},"title":"Nye skilt p\u00e5 leilighet","author":"Idar \u00c5dnesen","date":"5. juli 2024","format":false,"excerpt":"Det er hengt opp nye skilt p\u00e5 leilighetsbygget vi har lelighet i p\u00e5 V\u00e5gslid. Den nye adressen v\u00e5r er R\u00e5salivegen 9d og er tydelig merket p\u00e5 vegg og ved inngangsd\u00f8r.","rel":"","context":"i &quot;Nyheter&quot;","block_context":{"text":"Nyheter","link":"https:\/\/www.fagforbundet468.com\/portal\/category\/nyheter\/"},"img":{"alt_text":"","src":"","width":0,"height":0},"classes":[]},{"id":527,"url":"https:\/\/www.fagforbundet468.com\/portal\/2018\/06\/14\/fagforbundet-15-ar\/","url_meta":{"origin":346,"position":4},"title":"Fagforbundet 15 \u00e5r!","author":"Idar \u00c5dnesen","date":"14. juni 2018","format":false,"excerpt":"Den 17. juni 2018 er det 15 \u00e5r siden Fagforbundet ble etablert. Da hadde forbundet 287 000 medlemmer. Vi er stolte over at vi vokser, har innflytelse og gjennomslagskraft til \u00e5 vinne fram med v\u00e5r politikk i l\u00f8nnsforhandlinger, i samfunn og politikk og i yrkesfaglige sp\u00f8rsm\u00e5l. M\u00e5lene om en sterk\u2026","rel":"","context":"i &quot;Nyheter&quot;","block_context":{"text":"Nyheter","link":"https:\/\/www.fagforbundet468.com\/portal\/category\/nyheter\/"},"img":{"alt_text":"","src":"https:\/\/i0.wp.com\/www.fagforbundet468.com\/portal\/wp-content\/uploads\/15-%C3%A5r-e1529010330709.png?fit=750%2C261&ssl=1&resize=350%2C200","width":350,"height":200,"srcset":"https:\/\/i0.wp.com\/www.fagforbundet468.com\/portal\/wp-content\/uploads\/15-%C3%A5r-e1529010330709.png?fit=750%2C261&ssl=1&resize=350%2C200 1x, https:\/\/i0.wp.com\/www.fagforbundet468.com\/portal\/wp-content\/uploads\/15-%C3%A5r-e1529010330709.png?fit=750%2C261&ssl=1&resize=525%2C300 1.5x, https:\/\/i0.wp.com\/www.fagforbundet468.com\/portal\/wp-content\/uploads\/15-%C3%A5r-e1529010330709.png?fit=750%2C261&ssl=1&resize=700%2C400 2x"},"classes":[]},{"id":372,"url":"https:\/\/www.fagforbundet468.com\/portal\/2017\/03\/05\/fagforbundet-onsker-velkommen-til-familieleir\/","url_meta":{"origin":346,"position":5},"title":"Fagforbundet \u00f8nsker velkommen til familieleir","author":"Idar \u00c5dnesen","date":"5. mars 2017","format":false,"excerpt":"Vi f\u00f8lger opp fjor\u00e5rets suksess med to leirer fylt av aktiviteter for barn og voksne. I \u00e5r blir det en leir i s\u00f8r (Arbeiderbevegelsens folkeh\u00f8gskole Ringsaker i Ringsaker kommune) og en leir i nord (Haraldvollen leirskole i M\u00e5lselv kommune). Her f\u00e5r Fagforbundets medlemmer tilbud om et rimelig og variert ferietilbud,\u2026","rel":"","context":"i &quot;Nyheter&quot;","block_context":{"text":"Nyheter","link":"https:\/\/www.fagforbundet468.com\/portal\/category\/nyheter\/"},"img":{"alt_text":"","src":"https:\/\/i0.wp.com\/www.fagforbundet468.com\/portal\/wp-content\/uploads\/sommer.jpg?fit=580%2C350&ssl=1&resize=350%2C200","width":350,"height":200,"srcset":"https:\/\/i0.wp.com\/www.fagforbundet468.com\/portal\/wp-content\/uploads\/sommer.jpg?fit=580%2C350&ssl=1&resize=350%2C200 1x, https:\/\/i0.wp.com\/www.fagforbundet468.com\/portal\/wp-content\/uploads\/sommer.jpg?fit=580%2C350&ssl=1&resize=525%2C300 1.5x"},"classes":[]}],"_links":{"self":[{"href":"https:\/\/www.fagforbundet468.com\/portal\/wp-json\/wp\/v2\/posts\/346","targetHints":{"allow":["GET"]}}],"collection":[{"href":"https:\/\/www.fagforbundet468.com\/portal\/wp-json\/wp\/v2\/posts"}],"about":[{"href":"https:\/\/www.fagforbundet468.com\/portal\/wp-json\/wp\/v2\/types\/post"}],"author":[{"embeddable":true,"href":"https:\/\/www.fagforbundet468.com\/portal\/wp-json\/wp\/v2\/users\/2"}],"replies":[{"embeddable":true,"href":"https:\/\/www.fagforbundet468.com\/portal\/wp-json\/wp\/v2\/comments?post=346"}],"version-history":[{"count":2,"href":"https:\/\/www.fagforbundet468.com\/portal\/wp-json\/wp\/v2\/posts\/346\/revisions"}],"predecessor-version":[{"id":348,"href":"https:\/\/www.fagforbundet468.com\/portal\/wp-json\/wp\/v2\/posts\/346\/revisions\/348"}],"wp:featuredmedia":[{"embeddable":true,"href":"https:\/\/www.fagforbundet468.com\/portal\/wp-json\/wp\/v2\/media\/123"}],"wp:attachment":[{"href":"https:\/\/www.fagforbundet468.com\/portal\/wp-json\/wp\/v2\/media?parent=346"}],"wp:term":[{"taxonomy":"category","embeddable":true,"href":"https:\/\/www.fagforbundet468.com\/portal\/wp-json\/wp\/v2\/categories?post=346"},{"taxonomy":"post_tag","embeddable":true,"href":"https:\/\/www.fagforbundet468.com\/portal\/wp-json\/wp\/v2\/tags?post=346"}],"curies":[{"name":"wp","href":"https:\/\/api.w.org\/{rel}","templated":true}]}}