{"id":315,"date":"2016-10-07T08:05:45","date_gmt":"2016-10-07T06:05:45","guid":{"rendered":"http:\/\/www.fagforbundet468.com\/portal\/?p=315"},"modified":"2016-10-07T08:13:00","modified_gmt":"2016-10-07T06:13:00","slug":"temakveld-med-john-petter-fagerhaug","status":"publish","type":"post","link":"https:\/\/www.fagforbundet468.com\/portal\/2016\/10\/07\/temakveld-med-john-petter-fagerhaug\/","title":{"rendered":"Temakveld med John Petter Fagerhaug"},"content":{"rendered":"<p>Seksjon helse og sosial i region 4 <em>(foreningene i Tysv\u00e6r, Bokn, Karm\u00f8y, Vindafjord, Haugesund, Utsira, Haugesund Sykehus og HSR)<\/em> inviterer til temakveld med John Petter Fagerhaug. Fagerhaug er Psykolog, konsulent og foredragsholder som er k\u00e5ret til \u00e5rets motivator i 2007 og \u00e5rets hederspris i 2011 som foredragsholder av Confex Norge.<\/p>\n<p><strong>Sted:<\/strong> Auditoriet Karmsund vgs.<br \/>\n<strong>Dato:<\/strong> Torsdag 3 november<br \/>\n<strong>Kl:<\/strong> 1900 &#8211; 2100<\/p>\n<blockquote><p>Medlemmer gratis \/ ikke medlemmer kr. 100,-<\/p><\/blockquote>\n<p><strong>P\u00e5melding innen mandag 31.10.2016 til:<\/strong><\/p>\n<p>Magne Bua | <strong>Tlf:<\/strong> 92852951 | <strong>E-post: <\/strong><a href=\"mailto:magnebua@hotmail.com\">magnebua@hotmail.com<\/a><br \/>\nAse Helene Tvedt |<strong> Tlf:<\/strong> 98894024 | <strong>E-post:<\/strong> <a href=\"mailto:ase.helene.tvedt@hsr.as\">ase.helene.tvedt@hsr.as<\/a><\/p>\n<ul>\n<li><a href=\"http:\/\/www.athenas.no\/flx\/foredragsholdere\/john-petter-fagerhaug-foredragsholder\">Du kan lese mer om John Petter Fagerhaug her<\/a><\/li>\n<\/ul>\n","protected":false},"excerpt":{"rendered":"<p>Seksjon helse og sosial i region 4 (foreningene i Tysv\u00e6r, Bokn, Karm\u00f8y, Vindafjord, Haugesund, Utsira, Haugesund Sykehus og HSR) inviterer til temakveld med John Petter&#8230;<\/p>\n","protected":false},"author":2,"featured_media":319,"comment_status":"closed","ping_status":"closed","sticky":false,"template":"","format":"standard","meta":{"jetpack_post_was_ever_published":false,"_jetpack_newsletter_access":"","_jetpack_dont_email_post_to_subs":true,"_jetpack_newsletter_tier_id":0,"_jetpack_memberships_contains_paywalled_content":false,"_jetpack_memberships_contains_paid_content":false,"footnotes":"","jetpack_publicize_message":"","jetpack_publicize_feature_enabled":true,"jetpack_social_post_already_shared":true,"jetpack_social_options":{"image_generator_settings":{"template":"highway","default_image_id":0,"font":"","enabled":false},"version":2}},"categories":[1,2],"tags":[52,80,29,79,20],"class_list":["post-315","post","type-post","status-publish","format-standard","has-post-thumbnail","hentry","category-nyheter","category-shs","tag-foredrag","tag-john-petter-fagerhaug","tag-medlemmer","tag-region-4","tag-shs"],"jetpack_publicize_connections":[],"jetpack_featured_media_url":"https:\/\/i0.wp.com\/www.fagforbundet468.com\/portal\/wp-content\/uploads\/fagerhaug3.png?fit=1139%2C450&ssl=1","jetpack_sharing_enabled":true,"jetpack_shortlink":"https:\/\/wp.me\/p173ho-55","jetpack-related-posts":[{"id":321,"url":"https:\/\/www.fagforbundet468.com\/portal\/2016\/11\/02\/velkommen-til-arets-julemote\/","url_meta":{"origin":315,"position":0},"title":"Velkommen til \u00e5rets Julem\u00f8te","author":"Idar \u00c5dnesen","date":"2. november 2016","format":false,"excerpt":"Som medlem i Fagforbundet er du hjertelig velkommen til en kveld med f\u00f8rjulskos der vi skal spise god mat og hygge oss sammen. Tid: Torsdag 01.12.16 kl. 1800 Sted: Haugesund M\u00e5l- og Ungdomslag, Kvalatun Mat: Koldtbord fra Br\u00f8drene Lundal AS Underholdning med Embla jentene Der blir markering av v\u00e5re 25\u2026","rel":"","context":"i &quot;Nyheter&quot;","block_context":{"text":"Nyheter","link":"https:\/\/www.fagforbundet468.com\/portal\/category\/nyheter\/"},"img":{"alt_text":"","src":"https:\/\/i0.wp.com\/www.fagforbundet468.com\/portal\/wp-content\/uploads\/julem%C3%B8te_4_2015.jpg?fit=900%2C675&ssl=1&resize=350%2C200","width":350,"height":200,"srcset":"https:\/\/i0.wp.com\/www.fagforbundet468.com\/portal\/wp-content\/uploads\/julem%C3%B8te_4_2015.jpg?fit=900%2C675&ssl=1&resize=350%2C200 1x, https:\/\/i0.wp.com\/www.fagforbundet468.com\/portal\/wp-content\/uploads\/julem%C3%B8te_4_2015.jpg?fit=900%2C675&ssl=1&resize=525%2C300 1.5x, https:\/\/i0.wp.com\/www.fagforbundet468.com\/portal\/wp-content\/uploads\/julem%C3%B8te_4_2015.jpg?fit=900%2C675&ssl=1&resize=700%2C400 2x"},"classes":[]},{"id":253,"url":"https:\/\/www.fagforbundet468.com\/portal\/2016\/02\/25\/petter-uteligger\/","url_meta":{"origin":315,"position":1},"title":"&laquo;Petter Uteligger&raquo;","author":"Idar \u00c5dnesen","date":"25. februar 2016","format":false,"excerpt":"Fagforbundet Avd. 468 inviterer til et spennende foredrag med Petter Nyquist som vil fortelle om bakgrunnen for prosjektet og hva han l\u00e6rte av \u00e5 bo p\u00e5 gata i TV-serien \"Petter Uteligger\" Tid: Tirsdag 15. mars kl. 19.00 - 21.00 Sted: H\u00f8yskolen i Haugesund P\u00e5melding: Send SMS til 928 52 951\u2026","rel":"","context":"i &quot;Nyheter&quot;","block_context":{"text":"Nyheter","link":"https:\/\/www.fagforbundet468.com\/portal\/category\/nyheter\/"},"img":{"alt_text":"","src":"https:\/\/i0.wp.com\/www.fagforbundet468.com\/portal\/wp-content\/uploads\/petter-uteligger2.jpg?fit=960%2C428&ssl=1&resize=350%2C200","width":350,"height":200,"srcset":"https:\/\/i0.wp.com\/www.fagforbundet468.com\/portal\/wp-content\/uploads\/petter-uteligger2.jpg?fit=960%2C428&ssl=1&resize=350%2C200 1x, https:\/\/i0.wp.com\/www.fagforbundet468.com\/portal\/wp-content\/uploads\/petter-uteligger2.jpg?fit=960%2C428&ssl=1&resize=525%2C300 1.5x, https:\/\/i0.wp.com\/www.fagforbundet468.com\/portal\/wp-content\/uploads\/petter-uteligger2.jpg?fit=960%2C428&ssl=1&resize=700%2C400 2x"},"classes":[]},{"id":616,"url":"https:\/\/www.fagforbundet468.com\/portal\/2019\/01\/14\/foredrag-med-arild-knutsen\/","url_meta":{"origin":315,"position":2},"title":"Foredrag med Arild Knutsen","author":"Idar \u00c5dnesen","date":"14. januar 2019","format":false,"excerpt":"Arild Knutsen er leder for nasjonalforeningen for human narkotika politikk, han har drevet et langvarig arbeid for rusavhengiges rettigheter og verdighet for at det blir slutt p\u00e5 skammen, utst\u00f8ting og desperasjon. Knutsen var blant annet med og startet opp = Oslo og han er mye brukt som foredragsholder og innleder\u2026","rel":"","context":"i &quot;Nyheter&quot;","block_context":{"text":"Nyheter","link":"https:\/\/www.fagforbundet468.com\/portal\/category\/nyheter\/"},"img":{"alt_text":"","src":"https:\/\/i0.wp.com\/www.fagforbundet468.com\/portal\/wp-content\/uploads\/arildknutsen.jpg?fit=1200%2C800&ssl=1&resize=350%2C200","width":350,"height":200,"srcset":"https:\/\/i0.wp.com\/www.fagforbundet468.com\/portal\/wp-content\/uploads\/arildknutsen.jpg?fit=1200%2C800&ssl=1&resize=350%2C200 1x, https:\/\/i0.wp.com\/www.fagforbundet468.com\/portal\/wp-content\/uploads\/arildknutsen.jpg?fit=1200%2C800&ssl=1&resize=525%2C300 1.5x, https:\/\/i0.wp.com\/www.fagforbundet468.com\/portal\/wp-content\/uploads\/arildknutsen.jpg?fit=1200%2C800&ssl=1&resize=700%2C400 2x, https:\/\/i0.wp.com\/www.fagforbundet468.com\/portal\/wp-content\/uploads\/arildknutsen.jpg?fit=1200%2C800&ssl=1&resize=1050%2C600 3x"},"classes":[]},{"id":622,"url":"https:\/\/www.fagforbundet468.com\/portal\/2019\/01\/14\/foredrag-om-livstil-og-helse\/","url_meta":{"origin":315,"position":3},"title":"Foredrag om livstil og helse","author":"Idar \u00c5dnesen","date":"14. januar 2019","format":false,"excerpt":"Foredragsholder Ragnhild Lekven Fimreite er utdannet klinisk ern\u00e6ringsfysiolog ved det Medisinske fakultet, Universitet i Oslo i 1999. Hun har i tillegg studert pedagogikk og psykologi. Hva skal vi egentlig tro p\u00e5 n\u00e5r det gjelder kostr\u00e5d? F\u00f8lger vi kostr\u00e5dene? \/Hva spiser vi egentlig? Utsatte grupper som personer med livsstilssykdommer, barn og\u2026","rel":"","context":"i &quot;Nyheter&quot;","block_context":{"text":"Nyheter","link":"https:\/\/www.fagforbundet468.com\/portal\/category\/nyheter\/"},"img":{"alt_text":"","src":"https:\/\/i0.wp.com\/www.fagforbundet468.com\/portal\/wp-content\/uploads\/Ragnhild-Lekven-Fimreite.jpg?fit=480%2C360&ssl=1&resize=350%2C200","width":350,"height":200},"classes":[]},{"id":429,"url":"https:\/\/www.fagforbundet468.com\/portal\/2017\/10\/09\/fagforbundet-onsker-velkommen-til-foredrag-med-vibekke-berge\/","url_meta":{"origin":315,"position":4},"title":"Fagforbundet \u00f8nsker velkommen til foredrag med Vibekke Berge","author":"Idar \u00c5dnesen","date":"9. oktober 2017","format":false,"excerpt":"Vibekke Berge fikk hjerneslag i 2012. Da var hun 31 \u00e5r gammel, sm\u00e5barns mamma og vernepleier. Hovedm\u00e5let hennes med foredraget \u00abN\u00e5r ingen ser det\u00bb er \u00e5 skape st\u00f8rre forst\u00e5else og innsikt i hvordan det er \u00e5 leve med usynlige skader etter hjerneslag. Dette er ogs\u00e5 en historie om \u00e5 takle\u2026","rel":"","context":"i &quot;Nyheter&quot;","block_context":{"text":"Nyheter","link":"https:\/\/www.fagforbundet468.com\/portal\/category\/nyheter\/"},"img":{"alt_text":"","src":"https:\/\/i0.wp.com\/www.fagforbundet468.com\/portal\/wp-content\/uploads\/berge.png?fit=750%2C450&ssl=1&resize=350%2C200","width":350,"height":200,"srcset":"https:\/\/i0.wp.com\/www.fagforbundet468.com\/portal\/wp-content\/uploads\/berge.png?fit=750%2C450&ssl=1&resize=350%2C200 1x, https:\/\/i0.wp.com\/www.fagforbundet468.com\/portal\/wp-content\/uploads\/berge.png?fit=750%2C450&ssl=1&resize=525%2C300 1.5x, https:\/\/i0.wp.com\/www.fagforbundet468.com\/portal\/wp-content\/uploads\/berge.png?fit=750%2C450&ssl=1&resize=700%2C400 2x"},"classes":[]},{"id":393,"url":"https:\/\/www.fagforbundet468.com\/portal\/2017\/07\/24\/medlemstur-til-rovaer\/","url_meta":{"origin":315,"position":5},"title":"Medlemstur til R\u00f8v\u00e6r","author":"Idar \u00c5dnesen","date":"24. juli 2017","format":false,"excerpt":"Fagforbundet Avd. 468 inviterer til medlemstur for v\u00e5re medlemmer til R\u00f8v\u00e6r. Vi f\u00e5r oppleve R\u00f8v\u00e6r, Haugesund beste vestkant med en lokal guidet tur s\u00e5 ta med gode sko og godt hum\u00f8r. Vi tror ogs\u00e5 finv\u00e6ret er med oss og at vi f\u00e5r en kjekk og uforglemmelig sosial tur sammen. Tid:\u2026","rel":"","context":"i &quot;Nyheter&quot;","block_context":{"text":"Nyheter","link":"https:\/\/www.fagforbundet468.com\/portal\/category\/nyheter\/"},"img":{"alt_text":"","src":"https:\/\/i0.wp.com\/www.fagforbundet468.com\/portal\/wp-content\/uploads\/rover.jpg?fit=900%2C599&ssl=1&resize=350%2C200","width":350,"height":200,"srcset":"https:\/\/i0.wp.com\/www.fagforbundet468.com\/portal\/wp-content\/uploads\/rover.jpg?fit=900%2C599&ssl=1&resize=350%2C200 1x, https:\/\/i0.wp.com\/www.fagforbundet468.com\/portal\/wp-content\/uploads\/rover.jpg?fit=900%2C599&ssl=1&resize=525%2C300 1.5x, https:\/\/i0.wp.com\/www.fagforbundet468.com\/portal\/wp-content\/uploads\/rover.jpg?fit=900%2C599&ssl=1&resize=700%2C400 2x"},"classes":[]}],"_links":{"self":[{"href":"https:\/\/www.fagforbundet468.com\/portal\/wp-json\/wp\/v2\/posts\/315","targetHints":{"allow":["GET"]}}],"collection":[{"href":"https:\/\/www.fagforbundet468.com\/portal\/wp-json\/wp\/v2\/posts"}],"about":[{"href":"https:\/\/www.fagforbundet468.com\/portal\/wp-json\/wp\/v2\/types\/post"}],"author":[{"embeddable":true,"href":"https:\/\/www.fagforbundet468.com\/portal\/wp-json\/wp\/v2\/users\/2"}],"replies":[{"embeddable":true,"href":"https:\/\/www.fagforbundet468.com\/portal\/wp-json\/wp\/v2\/comments?post=315"}],"version-history":[{"count":1,"href":"https:\/\/www.fagforbundet468.com\/portal\/wp-json\/wp\/v2\/posts\/315\/revisions"}],"predecessor-version":[{"id":317,"href":"https:\/\/www.fagforbundet468.com\/portal\/wp-json\/wp\/v2\/posts\/315\/revisions\/317"}],"wp:featuredmedia":[{"embeddable":true,"href":"https:\/\/www.fagforbundet468.com\/portal\/wp-json\/wp\/v2\/media\/319"}],"wp:attachment":[{"href":"https:\/\/www.fagforbundet468.com\/portal\/wp-json\/wp\/v2\/media?parent=315"}],"wp:term":[{"taxonomy":"category","embeddable":true,"href":"https:\/\/www.fagforbundet468.com\/portal\/wp-json\/wp\/v2\/categories?post=315"},{"taxonomy":"post_tag","embeddable":true,"href":"https:\/\/www.fagforbundet468.com\/portal\/wp-json\/wp\/v2\/tags?post=315"}],"curies":[{"name":"wp","href":"https:\/\/api.w.org\/{rel}","templated":true}]}}