{"id":305,"date":"2016-09-19T10:31:20","date_gmt":"2016-09-19T08:31:20","guid":{"rendered":"http:\/\/www.fagforbundet468.com\/portal\/?p=305"},"modified":"2016-09-19T11:22:38","modified_gmt":"2016-09-19T09:22:38","slug":"er-du-dobbeltforsikret","status":"publish","type":"post","link":"https:\/\/www.fagforbundet468.com\/portal\/2016\/09\/19\/er-du-dobbeltforsikret\/","title":{"rendered":"Er du dobbeltforsikret?"},"content":{"rendered":"<p>Visste du at innboforsikring er en del av LO Fav\u00f8r, og at den ogs\u00e5 dekker id-tyveri?<\/p>\n<p>Mange har mye h\u00f8yere forsikringspremier enn det som er n\u00f8dvendig. Det er nok med en innboforsikring. 20 % av LO-medlemmene vet ikke at forsikringen LOfav\u00f8r Kollektiv hjem ogs\u00e5 er en innboforsikring. Dette betyr at mange trolig er dobbelt forsikret, som igjen betyr at mange har langt h\u00f8yere forsikringspremier enn det som er n\u00f8dvendig, if\u00f8lge informasjon fra LO .<\/p>\n<p>If\u00f8lge en fersk unders\u00f8kelse blant LO-medlemmene kjenner bare 64 prosent til forikringsordningen. 20 prosent er usikre p\u00e5 om Kollektiv hjem er en innboforsikring. Innboforsikringen Kollektiv hjemforsikring er forbundenes egen forsikring. Den har en lang historie som strekker seg tilbake til 60-tallet. I 1967 bestemte forbundene seg for \u00e5 tilby medlemmene sine en innboforsikring slik at de kunne sikre verdiene sine i hjemmet, og slik ble innboforsikringen Kollektiv hjem til.<\/p>\n<blockquote><p><span style=\"color: #ff0000;\">Det skal l\u00f8nne seg \u00e5 v\u00e6re medlem i et LO-forbund<\/span><\/p><\/blockquote>\n<p>\u2013 Denne innboforsikringen er den beste innboforsikringen i Norge, noe forbundene alltid har v\u00e6rt opptatt av, ettersom nesten alle har denne gjennom sitt medlemskap. I 2015 ble ID-tyveri inkludert i innboforsikringen, heter det i et presseskriv fagbladet.no har mottatt i forbindelse med kampanjen.<\/p>\n<p>I v\u00e5r gjorde forbundene vedtak i Fellesutvalget, \u00e5 gj\u00f8re innboforsikringen enda bedre ved \u00e5 utvide dekninger gjeldene fra og med 1. juni. Dette inneb\u00e6rer at det ved store skader, ikke blir fratrekk for alder p\u00e5 innboet. Forsikringen dekker de faktiske kostnadene ved \u00e5 kj\u00f8pe nytt.<\/p>\n<p>Dette er noe ingen andre innboforsikringer tilbyr, if\u00f8lge pressekskrivet.<\/p>\n<ul>\n<li><a href=\"http:\/\/www.fagforbundet468.com\/portal\/wp-content\/uploads\/Forsikring-LO-Fav\u00f8r.pdf\">Forsikring-lo-favor<\/a><\/li>\n<\/ul>\n","protected":false},"excerpt":{"rendered":"<p>Visste du at innboforsikring er en del av LO Fav\u00f8r, og at den ogs\u00e5 dekker id-tyveri? Mange har mye h\u00f8yere forsikringspremier enn det som er&#8230;<\/p>\n","protected":false},"author":2,"featured_media":306,"comment_status":"open","ping_status":"open","sticky":false,"template":"","format":"standard","meta":{"jetpack_post_was_ever_published":false,"_jetpack_newsletter_access":"","_jetpack_dont_email_post_to_subs":true,"_jetpack_newsletter_tier_id":0,"_jetpack_memberships_contains_paywalled_content":false,"_jetpack_memberships_contains_paid_content":false,"footnotes":"","jetpack_publicize_message":"","jetpack_publicize_feature_enabled":true,"jetpack_social_post_already_shared":true,"jetpack_social_options":{"image_generator_settings":{"template":"highway","default_image_id":0,"font":"","enabled":false},"version":2}},"categories":[1],"tags":[73,74,75,72,76],"class_list":["post-305","post","type-post","status-publish","format-standard","has-post-thumbnail","hentry","category-nyheter","tag-dobbel-forsikring","tag-id-tyveri","tag-innboforsikring","tag-lo","tag-lo-favor"],"jetpack_publicize_connections":[],"jetpack_featured_media_url":"https:\/\/i0.wp.com\/www.fagforbundet468.com\/portal\/wp-content\/uploads\/forsikring.jpg?fit=1024%2C683&ssl=1","jetpack_sharing_enabled":true,"jetpack_shortlink":"https:\/\/wp.me\/p173ho-4V","jetpack-related-posts":[{"id":158,"url":"https:\/\/www.fagforbundet468.com\/portal\/2015\/10\/22\/fagbrev-portor\/","url_meta":{"origin":305,"position":0},"title":"Fagbrev Port\u00f8r","author":"Idar \u00c5dnesen","date":"22. oktober 2015","format":false,"excerpt":"I dag byrjar ti port\u00f8rar p\u00e5 Vg3 i Rogaland. Like mange byrja p\u00e5 teoridelen av port\u00f8rfaget tidlegare i september i Telemark. D\u00e5 l\u00e6replanen for Vg3 Port\u00f8rfaget var klar tidlegare i \u00e5r, var det bare for AOF \u00e5 hive seg rundt. Det gjorde dei b\u00e5de i Telemark og i Rogaland. I\u2026","rel":"","context":"i &quot;Nyheter&quot;","block_context":{"text":"Nyheter","link":"https:\/\/www.fagforbundet468.com\/portal\/category\/nyheter\/"},"img":{"alt_text":"","src":"https:\/\/i0.wp.com\/www.fagforbundet468.com\/portal\/wp-content\/uploads\/259192_1024.jpg?fit=1024%2C575&ssl=1&resize=350%2C200","width":350,"height":200,"srcset":"https:\/\/i0.wp.com\/www.fagforbundet468.com\/portal\/wp-content\/uploads\/259192_1024.jpg?fit=1024%2C575&ssl=1&resize=350%2C200 1x, https:\/\/i0.wp.com\/www.fagforbundet468.com\/portal\/wp-content\/uploads\/259192_1024.jpg?fit=1024%2C575&ssl=1&resize=525%2C300 1.5x, https:\/\/i0.wp.com\/www.fagforbundet468.com\/portal\/wp-content\/uploads\/259192_1024.jpg?fit=1024%2C575&ssl=1&resize=700%2C400 2x"},"classes":[]},{"id":978,"url":"https:\/\/www.fagforbundet468.com\/portal\/2022\/03\/09\/arets-pensjonist-ufore-tur-for-medlemmer\/","url_meta":{"origin":305,"position":1},"title":"\u00c5rets pensjonist\/uf\u00f8re tur for medlemmer","author":"Idar \u00c5dnesen","date":"9. mars 2022","format":false,"excerpt":"Dette \u00e5ret g\u00e5r turen til \u00c5krafjorden, Eikemo og Eljarvik gard som for noen er kjent fra tv serien \"der en skulle tru at ingen kunne bu\". Tid: Onsdag 08.06.22 med avreise kl. 0900 fra Haugesund P\u00e5melding: Bindende p\u00e5melding innen 12.05.22 til Marie R\u00f8kke, mobil 932 10\u00a0768 eller Gunvor Saltvedt, mobil\u2026","rel":"","context":"i &quot;Nyheter&quot;","block_context":{"text":"Nyheter","link":"https:\/\/www.fagforbundet468.com\/portal\/category\/nyheter\/"},"img":{"alt_text":"Bilde hentet fra \u00c5krafjorden Oppleving","src":"https:\/\/i0.wp.com\/www.fagforbundet468.com\/portal\/wp-content\/uploads\/pensjonisttur_2022.jpg?fit=959%2C640&ssl=1&resize=350%2C200","width":350,"height":200,"srcset":"https:\/\/i0.wp.com\/www.fagforbundet468.com\/portal\/wp-content\/uploads\/pensjonisttur_2022.jpg?fit=959%2C640&ssl=1&resize=350%2C200 1x, https:\/\/i0.wp.com\/www.fagforbundet468.com\/portal\/wp-content\/uploads\/pensjonisttur_2022.jpg?fit=959%2C640&ssl=1&resize=525%2C300 1.5x, https:\/\/i0.wp.com\/www.fagforbundet468.com\/portal\/wp-content\/uploads\/pensjonisttur_2022.jpg?fit=959%2C640&ssl=1&resize=700%2C400 2x"},"classes":[]},{"id":233,"url":"https:\/\/www.fagforbundet468.com\/portal\/2016\/01\/30\/vellykket-arsmote\/","url_meta":{"origin":305,"position":2},"title":"Vellykket \u00c5rsm\u00f8te","author":"Idar \u00c5dnesen","date":"30. januar 2016","format":false,"excerpt":"28.01.16 var det duket for \u00e5rsm\u00f8te i Fagforbundet Avd. 468, m\u00f8tet ble avholdt i Haugesund Sjukehus sin kantine i 6 etg. Etter fullf\u00f8rt \u00e5rsm\u00f8te hadde leder i Fagforbundet Rogaland Trond Helland et innlegg for medlemmene som var m\u00f8tt frem og lederen skr\u00f8t av v\u00e5r lokalforening. M\u00f8tet ble avsluttet med mat,\u2026","rel":"","context":"i &quot;Nyheter&quot;","block_context":{"text":"Nyheter","link":"https:\/\/www.fagforbundet468.com\/portal\/category\/nyheter\/"},"img":{"alt_text":"","src":"https:\/\/i0.wp.com\/www.fagforbundet468.com\/portal\/wp-content\/uploads\/styret.jpg?fit=700%2C525&ssl=1&resize=350%2C200","width":350,"height":200,"srcset":"https:\/\/i0.wp.com\/www.fagforbundet468.com\/portal\/wp-content\/uploads\/styret.jpg?fit=700%2C525&ssl=1&resize=350%2C200 1x, https:\/\/i0.wp.com\/www.fagforbundet468.com\/portal\/wp-content\/uploads\/styret.jpg?fit=700%2C525&ssl=1&resize=525%2C300 1.5x, https:\/\/i0.wp.com\/www.fagforbundet468.com\/portal\/wp-content\/uploads\/styret.jpg?fit=700%2C525&ssl=1&resize=700%2C400 2x"},"classes":[]},{"id":376,"url":"https:\/\/www.fagforbundet468.com\/portal\/2017\/03\/22\/rigmor-galtung-fullt-lys-og-stummende-morke\/","url_meta":{"origin":305,"position":3},"title":"Rigmor Galtung &#8211; fullt lys og stummende m\u00f8rke","author":"Idar \u00c5dnesen","date":"22. mars 2017","format":false,"excerpt":"Fagforbundet Avd. 468 inviterer medlemmer og ikke medlemmer til foredrag med Rigmor Galtung. Dette er\u00a0et foredrag om et liv - p\u00e5 godt og vondt. Med sin levende fortellerform har Rigmor en egen evne til \u00e5 engasjere lytterne. I utgangspunktet var Rigmor en framgangsrik komiker med mange baller i luften og\u2026","rel":"","context":"i &quot;Nyheter&quot;","block_context":{"text":"Nyheter","link":"https:\/\/www.fagforbundet468.com\/portal\/category\/nyheter\/"},"img":{"alt_text":"","src":"https:\/\/i0.wp.com\/www.fagforbundet468.com\/portal\/wp-content\/uploads\/rigmorgaltung.jpg?fit=1190%2C1200&ssl=1&resize=350%2C200","width":350,"height":200,"srcset":"https:\/\/i0.wp.com\/www.fagforbundet468.com\/portal\/wp-content\/uploads\/rigmorgaltung.jpg?fit=1190%2C1200&ssl=1&resize=350%2C200 1x, https:\/\/i0.wp.com\/www.fagforbundet468.com\/portal\/wp-content\/uploads\/rigmorgaltung.jpg?fit=1190%2C1200&ssl=1&resize=525%2C300 1.5x, https:\/\/i0.wp.com\/www.fagforbundet468.com\/portal\/wp-content\/uploads\/rigmorgaltung.jpg?fit=1190%2C1200&ssl=1&resize=700%2C400 2x, https:\/\/i0.wp.com\/www.fagforbundet468.com\/portal\/wp-content\/uploads\/rigmorgaltung.jpg?fit=1190%2C1200&ssl=1&resize=1050%2C600 3x"},"classes":[]},{"id":553,"url":"https:\/\/www.fagforbundet468.com\/portal\/2018\/09\/14\/kurs-i-omsorgsteknologi\/","url_meta":{"origin":305,"position":4},"title":"Kurs i Omsorgsteknologi","author":"Idar \u00c5dnesen","date":"14. september 2018","format":false,"excerpt":"Det \u00e5 bruke teknologi inn i omsorgstjenestene er ikke nytt (tenk p\u00e5 trygghetsalarmer), men det er likevel en stadig st\u00f8rre del av samtalen rundt omsorgstjenestene. For mange ansatte i omsorgstjenestene blir bruk av teknologi en stadig st\u00f8rre del av hverdagen. Men hvordan er det med de juridiske rammene og samhandling\u2026","rel":"","context":"i &quot;Nyheter&quot;","block_context":{"text":"Nyheter","link":"https:\/\/www.fagforbundet468.com\/portal\/category\/nyheter\/"},"img":{"alt_text":"","src":"https:\/\/i0.wp.com\/www.fagforbundet468.com\/portal\/wp-content\/uploads\/leilighet_7.jpg?fit=800%2C600&ssl=1&resize=350%2C200","width":350,"height":200,"srcset":"https:\/\/i0.wp.com\/www.fagforbundet468.com\/portal\/wp-content\/uploads\/leilighet_7.jpg?fit=800%2C600&ssl=1&resize=350%2C200 1x, https:\/\/i0.wp.com\/www.fagforbundet468.com\/portal\/wp-content\/uploads\/leilighet_7.jpg?fit=800%2C600&ssl=1&resize=525%2C300 1.5x, https:\/\/i0.wp.com\/www.fagforbundet468.com\/portal\/wp-content\/uploads\/leilighet_7.jpg?fit=800%2C600&ssl=1&resize=700%2C400 2x"},"classes":[]},{"id":143,"url":"https:\/\/www.fagforbundet468.com\/portal\/2015\/10\/22\/leie-av-leilghet\/","url_meta":{"origin":305,"position":5},"title":"Leie av leilghet","author":"Idar \u00c5dnesen","date":"22. oktober 2015","format":false,"excerpt":"V\u00e5r leilighet p\u00e5 V\u00e5gslid er tilgjengelig for alle v\u00e5re medlemmer, \u00f8nsker du \u00e5 leie leiligheten en helg, ukedag etc. s\u00e5 m\u00e5 du bruke v\u00e5r \"bookingmodul\" som du finner her. N\u00e5r man legger inn et \u00f8nske om \u00e5 leie leilighet vil man etterhvert bli kontaktet og opplyst om du er tildelt\u2026","rel":"","context":"i &quot;Nyheter&quot;","block_context":{"text":"Nyheter","link":"https:\/\/www.fagforbundet468.com\/portal\/category\/nyheter\/"},"img":{"alt_text":"","src":"https:\/\/i0.wp.com\/www.fagforbundet468.com\/portal\/wp-content\/uploads\/leilighet_7.jpg?fit=800%2C600&ssl=1&resize=350%2C200","width":350,"height":200,"srcset":"https:\/\/i0.wp.com\/www.fagforbundet468.com\/portal\/wp-content\/uploads\/leilighet_7.jpg?fit=800%2C600&ssl=1&resize=350%2C200 1x, https:\/\/i0.wp.com\/www.fagforbundet468.com\/portal\/wp-content\/uploads\/leilighet_7.jpg?fit=800%2C600&ssl=1&resize=525%2C300 1.5x, https:\/\/i0.wp.com\/www.fagforbundet468.com\/portal\/wp-content\/uploads\/leilighet_7.jpg?fit=800%2C600&ssl=1&resize=700%2C400 2x"},"classes":[]}],"_links":{"self":[{"href":"https:\/\/www.fagforbundet468.com\/portal\/wp-json\/wp\/v2\/posts\/305","targetHints":{"allow":["GET"]}}],"collection":[{"href":"https:\/\/www.fagforbundet468.com\/portal\/wp-json\/wp\/v2\/posts"}],"about":[{"href":"https:\/\/www.fagforbundet468.com\/portal\/wp-json\/wp\/v2\/types\/post"}],"author":[{"embeddable":true,"href":"https:\/\/www.fagforbundet468.com\/portal\/wp-json\/wp\/v2\/users\/2"}],"replies":[{"embeddable":true,"href":"https:\/\/www.fagforbundet468.com\/portal\/wp-json\/wp\/v2\/comments?post=305"}],"version-history":[{"count":4,"href":"https:\/\/www.fagforbundet468.com\/portal\/wp-json\/wp\/v2\/posts\/305\/revisions"}],"predecessor-version":[{"id":311,"href":"https:\/\/www.fagforbundet468.com\/portal\/wp-json\/wp\/v2\/posts\/305\/revisions\/311"}],"wp:featuredmedia":[{"embeddable":true,"href":"https:\/\/www.fagforbundet468.com\/portal\/wp-json\/wp\/v2\/media\/306"}],"wp:attachment":[{"href":"https:\/\/www.fagforbundet468.com\/portal\/wp-json\/wp\/v2\/media?parent=305"}],"wp:term":[{"taxonomy":"category","embeddable":true,"href":"https:\/\/www.fagforbundet468.com\/portal\/wp-json\/wp\/v2\/categories?post=305"},{"taxonomy":"post_tag","embeddable":true,"href":"https:\/\/www.fagforbundet468.com\/portal\/wp-json\/wp\/v2\/tags?post=305"}],"curies":[{"name":"wp","href":"https:\/\/api.w.org\/{rel}","templated":true}]}}