{"id":288,"date":"2016-06-09T07:41:16","date_gmt":"2016-06-09T05:41:16","guid":{"rendered":"http:\/\/www.fagforbundet468.com\/portal\/?p=288"},"modified":"2016-06-09T07:44:22","modified_gmt":"2016-06-09T05:44:22","slug":"1-ars-abonnoment-pa-ambulanseforum","status":"publish","type":"post","link":"https:\/\/www.fagforbundet468.com\/portal\/2016\/06\/09\/1-ars-abonnoment-pa-ambulanseforum\/","title":{"rendered":"1 \u00e5rs abonnoment p\u00e5 Ambulanseforum"},"content":{"rendered":"<p>Fagforbundet gir deg ett \u00e5rs abonnoment p\u00e5 ambulanseforum. Tilbudet gjelder alle medlemmer i prehospital seltor samt l\u00e6rlinger og bachelorstudenter som har forsikringsordninger gjennom Fagforbundet.<\/p>\n<blockquote><p><span style=\"color: #ff0000;\">F\u00f8rste nummer av det popul\u00e6re bladet kommer i september<\/span><\/p><\/blockquote>\n<p>Har du sp\u00f8rsm\u00e5l eller evt. ikke skulle f\u00e5 bladet, kontakt <a href=\"http:\/\/hermann.albert@fagforbundet.n0\">hermann.albert@fagforbundet.n0<\/a><\/p>\n","protected":false},"excerpt":{"rendered":"<p>Fagforbundet gir deg ett \u00e5rs abonnoment p\u00e5 ambulanseforum. Tilbudet gjelder alle medlemmer i prehospital seltor samt l\u00e6rlinger og bachelorstudenter som har forsikringsordninger gjennom Fagforbundet. F\u00f8rste&#8230;<\/p>\n","protected":false},"author":2,"featured_media":289,"comment_status":"closed","ping_status":"open","sticky":false,"template":"","format":"standard","meta":{"jetpack_post_was_ever_published":false,"_jetpack_newsletter_access":"","_jetpack_dont_email_post_to_subs":false,"_jetpack_newsletter_tier_id":0,"_jetpack_memberships_contains_paywalled_content":false,"_jetpack_memberships_contains_paid_content":false,"footnotes":"","jetpack_publicize_message":"","jetpack_publicize_feature_enabled":true,"jetpack_social_post_already_shared":true,"jetpack_social_options":{"image_generator_settings":{"template":"highway","default_image_id":0,"font":"","enabled":false},"version":2}},"categories":[1,2],"tags":[65,64,42,67,32,66],"class_list":["post-288","post","type-post","status-publish","format-standard","has-post-thumbnail","hentry","category-nyheter","category-shs","tag-abonnomet","tag-ambulanse","tag-fagforbundet","tag-forsikring","tag-medlem","tag-prehospital"],"jetpack_publicize_connections":[],"jetpack_featured_media_url":"https:\/\/i0.wp.com\/www.fagforbundet468.com\/portal\/wp-content\/uploads\/Abonnoment-Ambulanseforum.png?fit=756%2C1084&ssl=1","jetpack_sharing_enabled":true,"jetpack_shortlink":"https:\/\/wp.me\/p173ho-4E","jetpack-related-posts":[{"id":705,"url":"https:\/\/www.fagforbundet468.com\/portal\/2019\/09\/03\/familiedag-i-vangen\/","url_meta":{"origin":288,"position":0},"title":"Familiedag i Vangen","author":"Idar \u00c5dnesen","date":"3. september 2019","format":false,"excerpt":"Fagforbundet inviterer til \u00e5pen familiedag ved lekeplassen i Haraldsvang der det blir minikinsert med Marie M. Jakobsen, ponniridning, ansiktsmaling, rebusl\u00f8ype og andre aktiviteter.Vi serverer p\u00f8lse i br\u00f8d og noe \u00e5 drikkeVi deler ut flotte premier fra Haugaland Zoo og Minigolfen familieparkDet blir ogs\u00e5 mulighet for \u00e5 hilse p\u00e5 ekte brannmenn\u2026","rel":"","context":"i &quot;Nyheter&quot;","block_context":{"text":"Nyheter","link":"https:\/\/www.fagforbundet468.com\/portal\/category\/nyheter\/"},"img":{"alt_text":"","src":"https:\/\/i0.wp.com\/www.fagforbundet468.com\/portal\/wp-content\/uploads\/vangen.jpg?fit=1023%2C589&ssl=1&resize=350%2C200","width":350,"height":200,"srcset":"https:\/\/i0.wp.com\/www.fagforbundet468.com\/portal\/wp-content\/uploads\/vangen.jpg?fit=1023%2C589&ssl=1&resize=350%2C200 1x, https:\/\/i0.wp.com\/www.fagforbundet468.com\/portal\/wp-content\/uploads\/vangen.jpg?fit=1023%2C589&ssl=1&resize=525%2C300 1.5x, https:\/\/i0.wp.com\/www.fagforbundet468.com\/portal\/wp-content\/uploads\/vangen.jpg?fit=1023%2C589&ssl=1&resize=700%2C400 2x"},"classes":[]},{"id":527,"url":"https:\/\/www.fagforbundet468.com\/portal\/2018\/06\/14\/fagforbundet-15-ar\/","url_meta":{"origin":288,"position":1},"title":"Fagforbundet 15 \u00e5r!","author":"Idar \u00c5dnesen","date":"14. juni 2018","format":false,"excerpt":"Den 17. juni 2018 er det 15 \u00e5r siden Fagforbundet ble etablert. Da hadde forbundet 287 000 medlemmer. Vi er stolte over at vi vokser, har innflytelse og gjennomslagskraft til \u00e5 vinne fram med v\u00e5r politikk i l\u00f8nnsforhandlinger, i samfunn og politikk og i yrkesfaglige sp\u00f8rsm\u00e5l. M\u00e5lene om en sterk\u2026","rel":"","context":"i &quot;Nyheter&quot;","block_context":{"text":"Nyheter","link":"https:\/\/www.fagforbundet468.com\/portal\/category\/nyheter\/"},"img":{"alt_text":"","src":"https:\/\/i0.wp.com\/www.fagforbundet468.com\/portal\/wp-content\/uploads\/15-%C3%A5r-e1529010330709.png?fit=750%2C261&ssl=1&resize=350%2C200","width":350,"height":200,"srcset":"https:\/\/i0.wp.com\/www.fagforbundet468.com\/portal\/wp-content\/uploads\/15-%C3%A5r-e1529010330709.png?fit=750%2C261&ssl=1&resize=350%2C200 1x, https:\/\/i0.wp.com\/www.fagforbundet468.com\/portal\/wp-content\/uploads\/15-%C3%A5r-e1529010330709.png?fit=750%2C261&ssl=1&resize=525%2C300 1.5x, https:\/\/i0.wp.com\/www.fagforbundet468.com\/portal\/wp-content\/uploads\/15-%C3%A5r-e1529010330709.png?fit=750%2C261&ssl=1&resize=700%2C400 2x"},"classes":[]},{"id":181,"url":"https:\/\/www.fagforbundet468.com\/portal\/2015\/11\/09\/181\/","url_meta":{"origin":288,"position":2},"title":"Fagforbundet 468 Julem\u00f8te","author":"Admin","date":"9. november 2015","format":false,"excerpt":"Som medlem i Fagforbundet avd. 468 er du hjertelig velkommen til en kveld med f\u00f8rjulskos, der vi skal spise god mat og hygge oss sammen. Tid: \u00a0Torsdag 03.12.15 klokken 1800 Sted:\u00a0Haugesund M\u00e5l-og ungdomslag, Kvalatun, Kvalamarka 25 Mat:\u00a0Koldtbord fra Br.Lundal Underholdning blir ved\u00a0Haugesund Shantykor Markering av 25 og 40 \u00e5rs jubilanter.\u2026","rel":"","context":"i &quot;Nyheter&quot;","block_context":{"text":"Nyheter","link":"https:\/\/www.fagforbundet468.com\/portal\/category\/nyheter\/"},"img":{"alt_text":"","src":"https:\/\/i0.wp.com\/www.fagforbundet468.com\/portal\/wp-content\/uploads\/jul.jpg?fit=1200%2C900&ssl=1&resize=350%2C200","width":350,"height":200,"srcset":"https:\/\/i0.wp.com\/www.fagforbundet468.com\/portal\/wp-content\/uploads\/jul.jpg?fit=1200%2C900&ssl=1&resize=350%2C200 1x, https:\/\/i0.wp.com\/www.fagforbundet468.com\/portal\/wp-content\/uploads\/jul.jpg?fit=1200%2C900&ssl=1&resize=525%2C300 1.5x, https:\/\/i0.wp.com\/www.fagforbundet468.com\/portal\/wp-content\/uploads\/jul.jpg?fit=1200%2C900&ssl=1&resize=700%2C400 2x, https:\/\/i0.wp.com\/www.fagforbundet468.com\/portal\/wp-content\/uploads\/jul.jpg?fit=1200%2C900&ssl=1&resize=1050%2C600 3x"},"classes":[]},{"id":321,"url":"https:\/\/www.fagforbundet468.com\/portal\/2016\/11\/02\/velkommen-til-arets-julemote\/","url_meta":{"origin":288,"position":3},"title":"Velkommen til \u00e5rets Julem\u00f8te","author":"Idar \u00c5dnesen","date":"2. november 2016","format":false,"excerpt":"Som medlem i Fagforbundet er du hjertelig velkommen til en kveld med f\u00f8rjulskos der vi skal spise god mat og hygge oss sammen. Tid: Torsdag 01.12.16 kl. 1800 Sted: Haugesund M\u00e5l- og Ungdomslag, Kvalatun Mat: Koldtbord fra Br\u00f8drene Lundal AS Underholdning med Embla jentene Der blir markering av v\u00e5re 25\u2026","rel":"","context":"i &quot;Nyheter&quot;","block_context":{"text":"Nyheter","link":"https:\/\/www.fagforbundet468.com\/portal\/category\/nyheter\/"},"img":{"alt_text":"","src":"https:\/\/i0.wp.com\/www.fagforbundet468.com\/portal\/wp-content\/uploads\/julem%C3%B8te_4_2015.jpg?fit=900%2C675&ssl=1&resize=350%2C200","width":350,"height":200,"srcset":"https:\/\/i0.wp.com\/www.fagforbundet468.com\/portal\/wp-content\/uploads\/julem%C3%B8te_4_2015.jpg?fit=900%2C675&ssl=1&resize=350%2C200 1x, https:\/\/i0.wp.com\/www.fagforbundet468.com\/portal\/wp-content\/uploads\/julem%C3%B8te_4_2015.jpg?fit=900%2C675&ssl=1&resize=525%2C300 1.5x, https:\/\/i0.wp.com\/www.fagforbundet468.com\/portal\/wp-content\/uploads\/julem%C3%B8te_4_2015.jpg?fit=900%2C675&ssl=1&resize=700%2C400 2x"},"classes":[]},{"id":675,"url":"https:\/\/www.fagforbundet468.com\/portal\/2019\/05\/15\/samuel-massie-og-bestefar-arne-ulvolden\/","url_meta":{"origin":288,"position":4},"title":"Samuel Massie og bestefar Arne Ulvolden","author":"Idar \u00c5dnesen","date":"15. mai 2019","format":false,"excerpt":"Vi har gleden av \u00e5 invitere deg til en spektakul\u00e6r aften I storsalen p\u00e5 Tysv\u00e6rtunet 24. september kl. 19.00-20.30 med disse to fabelaktige eventyrerne som sammen, og hver for seg, har tatt rev i egne seil! Dette b\u00f8r du ikke g\u00e5 glipp av!Tid: 24. september kl. 1900 - 2030Sted: Tysv\u00e6rtunetTema:\u2026","rel":"","context":"i &quot;Nyheter&quot;","block_context":{"text":"Nyheter","link":"https:\/\/www.fagforbundet468.com\/portal\/category\/nyheter\/"},"img":{"alt_text":"","src":"https:\/\/i0.wp.com\/www.fagforbundet468.com\/portal\/wp-content\/uploads\/samuelbestefar.jpg?fit=1200%2C675&ssl=1&resize=350%2C200","width":350,"height":200,"srcset":"https:\/\/i0.wp.com\/www.fagforbundet468.com\/portal\/wp-content\/uploads\/samuelbestefar.jpg?fit=1200%2C675&ssl=1&resize=350%2C200 1x, https:\/\/i0.wp.com\/www.fagforbundet468.com\/portal\/wp-content\/uploads\/samuelbestefar.jpg?fit=1200%2C675&ssl=1&resize=525%2C300 1.5x, https:\/\/i0.wp.com\/www.fagforbundet468.com\/portal\/wp-content\/uploads\/samuelbestefar.jpg?fit=1200%2C675&ssl=1&resize=700%2C400 2x, https:\/\/i0.wp.com\/www.fagforbundet468.com\/portal\/wp-content\/uploads\/samuelbestefar.jpg?fit=1200%2C675&ssl=1&resize=1050%2C600 3x"},"classes":[]},{"id":461,"url":"https:\/\/www.fagforbundet468.com\/portal\/2017\/12\/22\/arsmote-fagforbundet-avd-468\/","url_meta":{"origin":288,"position":5},"title":"\u00c5rsm\u00f8te Fagforbundet Avd. 468","author":"Idar \u00c5dnesen","date":"22. desember 2017","format":false,"excerpt":"Det blir avholdt \u00e5rsm\u00f8te 25. januar 2018 kl. 1800 i kantinen p\u00e5 Haugesund Revmatismesjukehus. Saker til \u00c5rsm\u00f8te m\u00e5 v\u00e6re styret i hende 07.01.18. Innkalling til \u00e5rsm\u00f8te blir lagt ut p\u00e5 v\u00e5r hjemmeside.","rel":"","context":"i &quot;Nyheter&quot;","block_context":{"text":"Nyheter","link":"https:\/\/www.fagforbundet468.com\/portal\/category\/nyheter\/"},"img":{"alt_text":"","src":"https:\/\/i0.wp.com\/www.fagforbundet468.com\/portal\/wp-content\/uploads\/styret.jpg?fit=700%2C525&ssl=1&resize=350%2C200","width":350,"height":200,"srcset":"https:\/\/i0.wp.com\/www.fagforbundet468.com\/portal\/wp-content\/uploads\/styret.jpg?fit=700%2C525&ssl=1&resize=350%2C200 1x, https:\/\/i0.wp.com\/www.fagforbundet468.com\/portal\/wp-content\/uploads\/styret.jpg?fit=700%2C525&ssl=1&resize=525%2C300 1.5x, https:\/\/i0.wp.com\/www.fagforbundet468.com\/portal\/wp-content\/uploads\/styret.jpg?fit=700%2C525&ssl=1&resize=700%2C400 2x"},"classes":[]}],"_links":{"self":[{"href":"https:\/\/www.fagforbundet468.com\/portal\/wp-json\/wp\/v2\/posts\/288","targetHints":{"allow":["GET"]}}],"collection":[{"href":"https:\/\/www.fagforbundet468.com\/portal\/wp-json\/wp\/v2\/posts"}],"about":[{"href":"https:\/\/www.fagforbundet468.com\/portal\/wp-json\/wp\/v2\/types\/post"}],"author":[{"embeddable":true,"href":"https:\/\/www.fagforbundet468.com\/portal\/wp-json\/wp\/v2\/users\/2"}],"replies":[{"embeddable":true,"href":"https:\/\/www.fagforbundet468.com\/portal\/wp-json\/wp\/v2\/comments?post=288"}],"version-history":[{"count":2,"href":"https:\/\/www.fagforbundet468.com\/portal\/wp-json\/wp\/v2\/posts\/288\/revisions"}],"predecessor-version":[{"id":291,"href":"https:\/\/www.fagforbundet468.com\/portal\/wp-json\/wp\/v2\/posts\/288\/revisions\/291"}],"wp:featuredmedia":[{"embeddable":true,"href":"https:\/\/www.fagforbundet468.com\/portal\/wp-json\/wp\/v2\/media\/289"}],"wp:attachment":[{"href":"https:\/\/www.fagforbundet468.com\/portal\/wp-json\/wp\/v2\/media?parent=288"}],"wp:term":[{"taxonomy":"category","embeddable":true,"href":"https:\/\/www.fagforbundet468.com\/portal\/wp-json\/wp\/v2\/categories?post=288"},{"taxonomy":"post_tag","embeddable":true,"href":"https:\/\/www.fagforbundet468.com\/portal\/wp-json\/wp\/v2\/tags?post=288"}],"curies":[{"name":"wp","href":"https:\/\/api.w.org\/{rel}","templated":true}]}}