{"id":273,"date":"2016-05-12T00:01:53","date_gmt":"2016-05-11T22:01:53","guid":{"rendered":"http:\/\/www.fagforbundet468.com\/portal\/?p=273"},"modified":"2016-05-09T10:24:21","modified_gmt":"2016-05-09T08:24:21","slug":"den-internasjonale-sykepleierdagen-12-mai","status":"publish","type":"post","link":"https:\/\/www.fagforbundet468.com\/portal\/2016\/05\/12\/den-internasjonale-sykepleierdagen-12-mai\/","title":{"rendered":"Den internasjonale sykepleierdagen 12. mai"},"content":{"rendered":"<p>Vi \u00f8nsker og gratulere alle sykepleiere med dagen den 12. mai da dette er den internasjonale sykepleierdagen.<\/p>\n","protected":false},"excerpt":{"rendered":"<p>Vi \u00f8nsker og gratulere alle sykepleiere med dagen den 12. mai da dette er den internasjonale sykepleierdagen.<\/p>\n","protected":false},"author":2,"featured_media":274,"comment_status":"open","ping_status":"open","sticky":false,"template":"","format":"standard","meta":{"jetpack_post_was_ever_published":false,"_jetpack_newsletter_access":"","_jetpack_dont_email_post_to_subs":false,"_jetpack_newsletter_tier_id":0,"_jetpack_memberships_contains_paywalled_content":false,"_jetpack_memberships_contains_paid_content":false,"footnotes":"","jetpack_publicize_message":"","jetpack_publicize_feature_enabled":true,"jetpack_social_post_already_shared":true,"jetpack_social_options":{"image_generator_settings":{"template":"highway","default_image_id":0,"font":"","enabled":false},"version":2}},"categories":[2],"tags":[],"class_list":["post-273","post","type-post","status-publish","format-standard","has-post-thumbnail","hentry","category-shs"],"jetpack_publicize_connections":[],"jetpack_featured_media_url":"https:\/\/i0.wp.com\/www.fagforbundet468.com\/portal\/wp-content\/uploads\/sykepleierbilde.jpg?fit=1176%2C882&ssl=1","jetpack_sharing_enabled":true,"jetpack_shortlink":"https:\/\/wp.me\/p173ho-4p","jetpack-related-posts":[{"id":833,"url":"https:\/\/www.fagforbundet468.com\/portal\/2020\/04\/29\/digital-1-mai\/","url_meta":{"origin":273,"position":0},"title":"Digital 1. mai","author":"Idar \u00c5dnesen","date":"29. april 2020","format":false,"excerpt":"For f\u00f8rste gang siden andre verdenskrig kan ikke 1. Mai markeres.Der vil bli satt opp en digital markering, mer info om dette finner du i vedlagt program. 1. Mai-programLast ned","rel":"","context":"i &quot;Nyheter&quot;","block_context":{"text":"Nyheter","link":"https:\/\/www.fagforbundet468.com\/portal\/category\/nyheter\/"},"img":{"alt_text":"","src":"https:\/\/i0.wp.com\/www.fagforbundet468.com\/portal\/wp-content\/uploads\/1-mai.jpg?fit=930%2C658&ssl=1&resize=350%2C200","width":350,"height":200,"srcset":"https:\/\/i0.wp.com\/www.fagforbundet468.com\/portal\/wp-content\/uploads\/1-mai.jpg?fit=930%2C658&ssl=1&resize=350%2C200 1x, https:\/\/i0.wp.com\/www.fagforbundet468.com\/portal\/wp-content\/uploads\/1-mai.jpg?fit=930%2C658&ssl=1&resize=525%2C300 1.5x, https:\/\/i0.wp.com\/www.fagforbundet468.com\/portal\/wp-content\/uploads\/1-mai.jpg?fit=930%2C658&ssl=1&resize=700%2C400 2x"},"classes":[]},{"id":351,"url":"https:\/\/www.fagforbundet468.com\/portal\/2017\/02\/01\/helsesekretaerdagen-1-februar\/","url_meta":{"origin":273,"position":1},"title":"Helsesekret\u00e6rdagen 1 februar","author":"Idar \u00c5dnesen","date":"1. februar 2017","format":false,"excerpt":"Kj\u00e6re helsesekret\u00e6rer 1 Februar er det deres dag, Fagforbundet gratulerer dere med dagen. Dere har en unik kompetanse i helsetjenestene.\u00a0Dere bidrar i det faglige fellesskapet b\u00e5de med helsefaglige og kontorfaglige ferdigheter. Fagforbundet vil bidra til \u00e5 belyse helsesekret\u00e6rens kompetanseomr\u00e5der og vise arbeidsgivere hvorfor det er b\u00e5de smart og l\u00f8nnsomt \u00e5\u2026","rel":"","context":"i &quot;Nyheter&quot;","block_context":{"text":"Nyheter","link":"https:\/\/www.fagforbundet468.com\/portal\/category\/nyheter\/"},"img":{"alt_text":"","src":"https:\/\/i0.wp.com\/www.fagforbundet468.com\/portal\/wp-content\/uploads\/Helsesekrdag-1.jpg?fit=831%2C578&ssl=1&resize=350%2C200","width":350,"height":200,"srcset":"https:\/\/i0.wp.com\/www.fagforbundet468.com\/portal\/wp-content\/uploads\/Helsesekrdag-1.jpg?fit=831%2C578&ssl=1&resize=350%2C200 1x, https:\/\/i0.wp.com\/www.fagforbundet468.com\/portal\/wp-content\/uploads\/Helsesekrdag-1.jpg?fit=831%2C578&ssl=1&resize=525%2C300 1.5x, https:\/\/i0.wp.com\/www.fagforbundet468.com\/portal\/wp-content\/uploads\/Helsesekrdag-1.jpg?fit=831%2C578&ssl=1&resize=700%2C400 2x"},"classes":[]},{"id":276,"url":"https:\/\/www.fagforbundet468.com\/portal\/2016\/05\/13\/arets-sommer-arrangement\/","url_meta":{"origin":273,"position":2},"title":"\u00c5rets sommer-arrangement &#8211; meld deg p\u00e5 her","author":"Idar \u00c5dnesen","date":"13. mai 2016","format":false,"excerpt":"Velkommen til konsert med det popul\u00e6re Shantykoret Slogm\u00e5kane. Slogm\u00e5kane vant 3.plass i tv-serien Norske talenter p\u00e5 TV2 i h\u00f8st. Shantykoret har ogs\u00e5 deltatt i Europas st\u00f8rste shanty-festival i Krakow, Polen. Tid: Torsdag 26. mai, klokken 19:00 Sted: H\u00f8vleriet Arrangementet er gratis for v\u00e5re medlemmer! Tilbudet er i samarbeid med Fagforbundet\u2026","rel":"","context":"i &quot;Nyheter&quot;","block_context":{"text":"Nyheter","link":"https:\/\/www.fagforbundet468.com\/portal\/category\/nyheter\/"},"img":{"alt_text":"","src":"https:\/\/i0.wp.com\/www.fagforbundet468.com\/portal\/wp-content\/uploads\/slogmaakene.jpg?fit=980%2C500&ssl=1&resize=350%2C200","width":350,"height":200,"srcset":"https:\/\/i0.wp.com\/www.fagforbundet468.com\/portal\/wp-content\/uploads\/slogmaakene.jpg?fit=980%2C500&ssl=1&resize=350%2C200 1x, https:\/\/i0.wp.com\/www.fagforbundet468.com\/portal\/wp-content\/uploads\/slogmaakene.jpg?fit=980%2C500&ssl=1&resize=525%2C300 1.5x, https:\/\/i0.wp.com\/www.fagforbundet468.com\/portal\/wp-content\/uploads\/slogmaakene.jpg?fit=980%2C500&ssl=1&resize=700%2C400 2x"},"classes":[]},{"id":767,"url":"https:\/\/www.fagforbundet468.com\/portal\/2019\/12\/20\/juridisk-radgiving-for-lo-medlemmer\/","url_meta":{"origin":273,"position":3},"title":"Juridisk r\u00e5dgiving for LO medlemmer","author":"Idar \u00c5dnesen","date":"20. desember 2019","format":false,"excerpt":"LO i Nord Rogaland har inng\u00e5tt en avtale med Borgen Advokatar. Denne fordelen gir deg som medlem gratis rettshjelp inntil 60 minutter p\u00e5 m\u00f8te over telefon eller epost uten vederlag. For den neste timen f\u00e5r du en timepris lik den offentlige sal\u00e6rsats i henhold til lov om fri rettshjelp.Borgen Advokatar\u2026","rel":"","context":"i &quot;Nyheter&quot;","block_context":{"text":"Nyheter","link":"https:\/\/www.fagforbundet468.com\/portal\/category\/nyheter\/"},"img":{"alt_text":"","src":"","width":0,"height":0},"classes":[]},{"id":305,"url":"https:\/\/www.fagforbundet468.com\/portal\/2016\/09\/19\/er-du-dobbeltforsikret\/","url_meta":{"origin":273,"position":4},"title":"Er du dobbeltforsikret?","author":"Idar \u00c5dnesen","date":"19. september 2016","format":false,"excerpt":"Visste du at innboforsikring er en del av LO Fav\u00f8r, og at den ogs\u00e5 dekker id-tyveri? Mange har mye h\u00f8yere forsikringspremier enn det som er n\u00f8dvendig. Det er nok med en innboforsikring. 20 % av LO-medlemmene vet ikke at forsikringen LOfav\u00f8r Kollektiv hjem ogs\u00e5 er en innboforsikring. Dette betyr at\u2026","rel":"","context":"i &quot;Nyheter&quot;","block_context":{"text":"Nyheter","link":"https:\/\/www.fagforbundet468.com\/portal\/category\/nyheter\/"},"img":{"alt_text":"","src":"https:\/\/i0.wp.com\/www.fagforbundet468.com\/portal\/wp-content\/uploads\/forsikring.jpg?fit=1024%2C683&ssl=1&resize=350%2C200","width":350,"height":200,"srcset":"https:\/\/i0.wp.com\/www.fagforbundet468.com\/portal\/wp-content\/uploads\/forsikring.jpg?fit=1024%2C683&ssl=1&resize=350%2C200 1x, https:\/\/i0.wp.com\/www.fagforbundet468.com\/portal\/wp-content\/uploads\/forsikring.jpg?fit=1024%2C683&ssl=1&resize=525%2C300 1.5x, https:\/\/i0.wp.com\/www.fagforbundet468.com\/portal\/wp-content\/uploads\/forsikring.jpg?fit=1024%2C683&ssl=1&resize=700%2C400 2x"},"classes":[]},{"id":789,"url":"https:\/\/www.fagforbundet468.com\/portal\/2020\/01\/25\/gratulerer-med-dagen-portorer\/","url_meta":{"origin":273,"position":5},"title":"Gratulerer med dagen, Port\u00f8rer","author":"Idar \u00c5dnesen","date":"25. januar 2020","format":false,"excerpt":"Takk for den gode jobben dere gj\u00f8r.G\u00e5 inn p\u00e5 fagforbundet.no og bli medlem","rel":"","context":"i &quot;Nyheter&quot;","block_context":{"text":"Nyheter","link":"https:\/\/www.fagforbundet468.com\/portal\/category\/nyheter\/"},"img":{"alt_text":"","src":"https:\/\/i0.wp.com\/www.fagforbundet468.com\/portal\/wp-content\/uploads\/port%C3%B8r.gif?fit=862%2C850&ssl=1&resize=350%2C200","width":350,"height":200,"srcset":"https:\/\/i0.wp.com\/www.fagforbundet468.com\/portal\/wp-content\/uploads\/port%C3%B8r.gif?fit=862%2C850&ssl=1&resize=350%2C200 1x, https:\/\/i0.wp.com\/www.fagforbundet468.com\/portal\/wp-content\/uploads\/port%C3%B8r.gif?fit=862%2C850&ssl=1&resize=525%2C300 1.5x, https:\/\/i0.wp.com\/www.fagforbundet468.com\/portal\/wp-content\/uploads\/port%C3%B8r.gif?fit=862%2C850&ssl=1&resize=700%2C400 2x"},"classes":[]}],"_links":{"self":[{"href":"https:\/\/www.fagforbundet468.com\/portal\/wp-json\/wp\/v2\/posts\/273","targetHints":{"allow":["GET"]}}],"collection":[{"href":"https:\/\/www.fagforbundet468.com\/portal\/wp-json\/wp\/v2\/posts"}],"about":[{"href":"https:\/\/www.fagforbundet468.com\/portal\/wp-json\/wp\/v2\/types\/post"}],"author":[{"embeddable":true,"href":"https:\/\/www.fagforbundet468.com\/portal\/wp-json\/wp\/v2\/users\/2"}],"replies":[{"embeddable":true,"href":"https:\/\/www.fagforbundet468.com\/portal\/wp-json\/wp\/v2\/comments?post=273"}],"version-history":[{"count":1,"href":"https:\/\/www.fagforbundet468.com\/portal\/wp-json\/wp\/v2\/posts\/273\/revisions"}],"predecessor-version":[{"id":275,"href":"https:\/\/www.fagforbundet468.com\/portal\/wp-json\/wp\/v2\/posts\/273\/revisions\/275"}],"wp:featuredmedia":[{"embeddable":true,"href":"https:\/\/www.fagforbundet468.com\/portal\/wp-json\/wp\/v2\/media\/274"}],"wp:attachment":[{"href":"https:\/\/www.fagforbundet468.com\/portal\/wp-json\/wp\/v2\/media?parent=273"}],"wp:term":[{"taxonomy":"category","embeddable":true,"href":"https:\/\/www.fagforbundet468.com\/portal\/wp-json\/wp\/v2\/categories?post=273"},{"taxonomy":"post_tag","embeddable":true,"href":"https:\/\/www.fagforbundet468.com\/portal\/wp-json\/wp\/v2\/tags?post=273"}],"curies":[{"name":"wp","href":"https:\/\/api.w.org\/{rel}","templated":true}]}}