{"id":253,"date":"2016-02-25T08:00:01","date_gmt":"2016-02-25T07:00:01","guid":{"rendered":"http:\/\/www.fagforbundet468.com\/portal\/?p=253"},"modified":"2016-02-25T08:01:37","modified_gmt":"2016-02-25T07:01:37","slug":"petter-uteligger","status":"publish","type":"post","link":"https:\/\/www.fagforbundet468.com\/portal\/2016\/02\/25\/petter-uteligger\/","title":{"rendered":"&laquo;Petter Uteligger&raquo;"},"content":{"rendered":"<p>Fagforbundet Avd. 468 inviterer til et spennende foredrag med Petter Nyquist som vil fortelle om bakgrunnen for prosjektet og hva han l\u00e6rte av \u00e5 bo p\u00e5 gata i TV-serien &laquo;Petter Uteligger&raquo;<\/p>\n<p><strong>Tid:<\/strong> Tirsdag 15. mars kl. 19.00 &#8211; 21.00<br \/>\n<strong>Sted:<\/strong> H\u00f8yskolen i Haugesund<\/p>\n<p><strong>P\u00e5melding:<\/strong> Send SMS til 928 52 951 eller e-post til <a href=\"mailto:magnebua@hotmail.com\">magnebua@hotmail.com<\/a><\/p>\n<blockquote>\n<h4><em>Medlemmer gratis, andre interesserte 200,-<\/em><\/h4>\n<\/blockquote>\n","protected":false},"excerpt":{"rendered":"<p>Fagforbundet Avd. 468 inviterer til et spennende foredrag med Petter Nyquist som vil fortelle om bakgrunnen for prosjektet og hva han l\u00e6rte av \u00e5 bo&#8230;<\/p>\n","protected":false},"author":2,"featured_media":254,"comment_status":"closed","ping_status":"closed","sticky":false,"template":"","format":"standard","meta":{"jetpack_post_was_ever_published":false,"_jetpack_newsletter_access":"","_jetpack_dont_email_post_to_subs":false,"_jetpack_newsletter_tier_id":0,"_jetpack_memberships_contains_paywalled_content":false,"_jetpack_memberships_contains_paid_content":false,"footnotes":"","jetpack_publicize_message":"","jetpack_publicize_feature_enabled":true,"jetpack_social_post_already_shared":true,"jetpack_social_options":{"image_generator_settings":{"template":"highway","default_image_id":0,"font":"","enabled":false},"version":2}},"categories":[1],"tags":[52,29,53],"class_list":["post-253","post","type-post","status-publish","format-standard","has-post-thumbnail","hentry","category-nyheter","tag-foredrag","tag-medlemmer","tag-petter-uteligger"],"jetpack_publicize_connections":[],"jetpack_featured_media_url":"https:\/\/i0.wp.com\/www.fagforbundet468.com\/portal\/wp-content\/uploads\/petter-uteligger2.jpg?fit=960%2C428&ssl=1","jetpack_sharing_enabled":true,"jetpack_shortlink":"https:\/\/wp.me\/p173ho-45","jetpack-related-posts":[{"id":315,"url":"https:\/\/www.fagforbundet468.com\/portal\/2016\/10\/07\/temakveld-med-john-petter-fagerhaug\/","url_meta":{"origin":253,"position":0},"title":"Temakveld med John Petter Fagerhaug","author":"Idar \u00c5dnesen","date":"7. oktober 2016","format":false,"excerpt":"Seksjon helse og sosial i region 4 (foreningene i Tysv\u00e6r, Bokn, Karm\u00f8y, Vindafjord, Haugesund, Utsira, Haugesund Sykehus og HSR) inviterer til temakveld med John Petter Fagerhaug. Fagerhaug er Psykolog, konsulent og foredragsholder som er k\u00e5ret til \u00e5rets motivator i 2007 og \u00e5rets hederspris i 2011 som foredragsholder av Confex Norge.\u2026","rel":"","context":"i &quot;Nyheter&quot;","block_context":{"text":"Nyheter","link":"https:\/\/www.fagforbundet468.com\/portal\/category\/nyheter\/"},"img":{"alt_text":"","src":"https:\/\/i0.wp.com\/www.fagforbundet468.com\/portal\/wp-content\/uploads\/fagerhaug3.png?fit=1139%2C450&ssl=1&resize=350%2C200","width":350,"height":200,"srcset":"https:\/\/i0.wp.com\/www.fagforbundet468.com\/portal\/wp-content\/uploads\/fagerhaug3.png?fit=1139%2C450&ssl=1&resize=350%2C200 1x, https:\/\/i0.wp.com\/www.fagforbundet468.com\/portal\/wp-content\/uploads\/fagerhaug3.png?fit=1139%2C450&ssl=1&resize=525%2C300 1.5x, https:\/\/i0.wp.com\/www.fagforbundet468.com\/portal\/wp-content\/uploads\/fagerhaug3.png?fit=1139%2C450&ssl=1&resize=700%2C400 2x, https:\/\/i0.wp.com\/www.fagforbundet468.com\/portal\/wp-content\/uploads\/fagerhaug3.png?fit=1139%2C450&ssl=1&resize=1050%2C600 3x"},"classes":[]},{"id":686,"url":"https:\/\/www.fagforbundet468.com\/portal\/2019\/06\/19\/velkommen-til-foredrag-med-anja-hammersen-edin\/","url_meta":{"origin":253,"position":1},"title":"Velkommen til foredrag med Anja Hammersen-Edin","author":"Idar \u00c5dnesen","date":"19. juni 2019","format":false,"excerpt":"Anja Hammerseng - Edin, bedre kjent som en av Norges beste h\u00e5ndballspillere. Anja Edin er ei utrolig t\u00f8ff dame, som leverer et levende, \u00e6rlig og s\u00e5rbart foredrag, men samtidig veldig motiverende p\u00e5 en t\u00f8ff m\u00e5te! Vi trenger \u00e5 bli minnet p\u00e5 at vi skal se etter muligheter i stedet for\u2026","rel":"","context":"i &quot;Nyheter&quot;","block_context":{"text":"Nyheter","link":"https:\/\/www.fagforbundet468.com\/portal\/category\/nyheter\/"},"img":{"alt_text":"","src":"https:\/\/i0.wp.com\/www.fagforbundet468.com\/portal\/wp-content\/uploads\/edin.jpg?fit=980%2C588&ssl=1&resize=350%2C200","width":350,"height":200,"srcset":"https:\/\/i0.wp.com\/www.fagforbundet468.com\/portal\/wp-content\/uploads\/edin.jpg?fit=980%2C588&ssl=1&resize=350%2C200 1x, https:\/\/i0.wp.com\/www.fagforbundet468.com\/portal\/wp-content\/uploads\/edin.jpg?fit=980%2C588&ssl=1&resize=525%2C300 1.5x, https:\/\/i0.wp.com\/www.fagforbundet468.com\/portal\/wp-content\/uploads\/edin.jpg?fit=980%2C588&ssl=1&resize=700%2C400 2x"},"classes":[]},{"id":412,"url":"https:\/\/www.fagforbundet468.com\/portal\/2017\/09\/06\/foredrag-med-hanne-kristin-rohde\/","url_meta":{"origin":253,"position":2},"title":"Foredrag med Hanne Kristin Rohde","author":"Idar \u00c5dnesen","date":"6. september 2017","format":false,"excerpt":"Velkommen til et spennende foredrag med en av landets fremste foredragsholdere Hanne Kristin Rohde. Enhver medarbeider skal f\u00f8le seg sett og verdsett. En leders etiske ansvar er blant annet \u00e5 leve etter \u00abhvem vil jeg at du skal v\u00e6re og utvikle deg til i m\u00f8te med meg\u00bb Balanse og likeverd\u2026","rel":"","context":"i &quot;Nyheter&quot;","block_context":{"text":"Nyheter","link":"https:\/\/www.fagforbundet468.com\/portal\/category\/nyheter\/"},"img":{"alt_text":"","src":"https:\/\/i0.wp.com\/www.fagforbundet468.com\/portal\/wp-content\/uploads\/Rohde.jpg?fit=900%2C900&ssl=1&resize=350%2C200","width":350,"height":200,"srcset":"https:\/\/i0.wp.com\/www.fagforbundet468.com\/portal\/wp-content\/uploads\/Rohde.jpg?fit=900%2C900&ssl=1&resize=350%2C200 1x, https:\/\/i0.wp.com\/www.fagforbundet468.com\/portal\/wp-content\/uploads\/Rohde.jpg?fit=900%2C900&ssl=1&resize=525%2C300 1.5x, https:\/\/i0.wp.com\/www.fagforbundet468.com\/portal\/wp-content\/uploads\/Rohde.jpg?fit=900%2C900&ssl=1&resize=700%2C400 2x"},"classes":[]},{"id":782,"url":"https:\/\/www.fagforbundet468.com\/portal\/2020\/01\/21\/velkommen-til-foredrag-med-lisbeth-pipping\/","url_meta":{"origin":253,"position":3},"title":"Velkommen til foredrag med Lisbeth Pipping","author":"Idar \u00c5dnesen","date":"21. januar 2020","format":false,"excerpt":"Lisbeth Pipping vil i sitt foredrag fortelle om hvordan det har v\u00e6rt \u00e5 vokse opp med en utviklingshemmet mamma. Dette er en sterk historie om hvordan samfunnet rundt sviktet Lisbeth og hennes to sm\u00e5s\u00f8sken.Tid: Torsdag 13. februar 2020Kl.: 1900 - 2100Sted: Auditoriet A, ved H\u00f8gskolen i HaugesundGratis for Fagforbundets medlemmer,\u2026","rel":"","context":"i &quot;Nyheter&quot;","block_context":{"text":"Nyheter","link":"https:\/\/www.fagforbundet468.com\/portal\/category\/nyheter\/"},"img":{"alt_text":"","src":"https:\/\/i0.wp.com\/www.fagforbundet468.com\/portal\/wp-content\/uploads\/lisbeth-pipping.jpg?fit=360%2C480&ssl=1&resize=350%2C200","width":350,"height":200},"classes":[]},{"id":543,"url":"https:\/\/www.fagforbundet468.com\/portal\/2018\/08\/31\/velkommen-til-foredrag-med-helsesista\/","url_meta":{"origin":253,"position":4},"title":"Velkommen til foredrag med &laquo;Helsesista&raquo;","author":"Idar \u00c5dnesen","date":"31. august 2018","format":false,"excerpt":"Helses\u00f8steren Tale Maria Krohn Engvik, bedre kjent som \u00abHelsesista\u00bb, holder foredrag om digital kommunikasjon og psykisk helse. P\u00e5 sosiale medier snakker hun med barn, unge og unge voksne om vanskelige og tabubelagte temaer som seksualitet, identitet, kropp og helse. Hennes m\u00e5l er \u00e5 gj\u00f8re viktig informasjon synlig, og styrke barn\u2026","rel":"","context":"i &quot;Nyheter&quot;","block_context":{"text":"Nyheter","link":"https:\/\/www.fagforbundet468.com\/portal\/category\/nyheter\/"},"img":{"alt_text":"","src":"https:\/\/i0.wp.com\/www.fagforbundet468.com\/portal\/wp-content\/uploads\/helsesista_bilde.png?fit=796%2C725&ssl=1&resize=350%2C200","width":350,"height":200,"srcset":"https:\/\/i0.wp.com\/www.fagforbundet468.com\/portal\/wp-content\/uploads\/helsesista_bilde.png?fit=796%2C725&ssl=1&resize=350%2C200 1x, https:\/\/i0.wp.com\/www.fagforbundet468.com\/portal\/wp-content\/uploads\/helsesista_bilde.png?fit=796%2C725&ssl=1&resize=525%2C300 1.5x, https:\/\/i0.wp.com\/www.fagforbundet468.com\/portal\/wp-content\/uploads\/helsesista_bilde.png?fit=796%2C725&ssl=1&resize=700%2C400 2x"},"classes":[]},{"id":376,"url":"https:\/\/www.fagforbundet468.com\/portal\/2017\/03\/22\/rigmor-galtung-fullt-lys-og-stummende-morke\/","url_meta":{"origin":253,"position":5},"title":"Rigmor Galtung &#8211; fullt lys og stummende m\u00f8rke","author":"Idar \u00c5dnesen","date":"22. mars 2017","format":false,"excerpt":"Fagforbundet Avd. 468 inviterer medlemmer og ikke medlemmer til foredrag med Rigmor Galtung. Dette er\u00a0et foredrag om et liv - p\u00e5 godt og vondt. Med sin levende fortellerform har Rigmor en egen evne til \u00e5 engasjere lytterne. I utgangspunktet var Rigmor en framgangsrik komiker med mange baller i luften og\u2026","rel":"","context":"i &quot;Nyheter&quot;","block_context":{"text":"Nyheter","link":"https:\/\/www.fagforbundet468.com\/portal\/category\/nyheter\/"},"img":{"alt_text":"","src":"https:\/\/i0.wp.com\/www.fagforbundet468.com\/portal\/wp-content\/uploads\/rigmorgaltung.jpg?fit=1190%2C1200&ssl=1&resize=350%2C200","width":350,"height":200,"srcset":"https:\/\/i0.wp.com\/www.fagforbundet468.com\/portal\/wp-content\/uploads\/rigmorgaltung.jpg?fit=1190%2C1200&ssl=1&resize=350%2C200 1x, https:\/\/i0.wp.com\/www.fagforbundet468.com\/portal\/wp-content\/uploads\/rigmorgaltung.jpg?fit=1190%2C1200&ssl=1&resize=525%2C300 1.5x, https:\/\/i0.wp.com\/www.fagforbundet468.com\/portal\/wp-content\/uploads\/rigmorgaltung.jpg?fit=1190%2C1200&ssl=1&resize=700%2C400 2x, https:\/\/i0.wp.com\/www.fagforbundet468.com\/portal\/wp-content\/uploads\/rigmorgaltung.jpg?fit=1190%2C1200&ssl=1&resize=1050%2C600 3x"},"classes":[]}],"_links":{"self":[{"href":"https:\/\/www.fagforbundet468.com\/portal\/wp-json\/wp\/v2\/posts\/253","targetHints":{"allow":["GET"]}}],"collection":[{"href":"https:\/\/www.fagforbundet468.com\/portal\/wp-json\/wp\/v2\/posts"}],"about":[{"href":"https:\/\/www.fagforbundet468.com\/portal\/wp-json\/wp\/v2\/types\/post"}],"author":[{"embeddable":true,"href":"https:\/\/www.fagforbundet468.com\/portal\/wp-json\/wp\/v2\/users\/2"}],"replies":[{"embeddable":true,"href":"https:\/\/www.fagforbundet468.com\/portal\/wp-json\/wp\/v2\/comments?post=253"}],"version-history":[{"count":2,"href":"https:\/\/www.fagforbundet468.com\/portal\/wp-json\/wp\/v2\/posts\/253\/revisions"}],"predecessor-version":[{"id":256,"href":"https:\/\/www.fagforbundet468.com\/portal\/wp-json\/wp\/v2\/posts\/253\/revisions\/256"}],"wp:featuredmedia":[{"embeddable":true,"href":"https:\/\/www.fagforbundet468.com\/portal\/wp-json\/wp\/v2\/media\/254"}],"wp:attachment":[{"href":"https:\/\/www.fagforbundet468.com\/portal\/wp-json\/wp\/v2\/media?parent=253"}],"wp:term":[{"taxonomy":"category","embeddable":true,"href":"https:\/\/www.fagforbundet468.com\/portal\/wp-json\/wp\/v2\/categories?post=253"},{"taxonomy":"post_tag","embeddable":true,"href":"https:\/\/www.fagforbundet468.com\/portal\/wp-json\/wp\/v2\/tags?post=253"}],"curies":[{"name":"wp","href":"https:\/\/api.w.org\/{rel}","templated":true}]}}