{"id":233,"date":"2016-01-30T12:29:33","date_gmt":"2016-01-30T11:29:33","guid":{"rendered":"http:\/\/www.fagforbundet468.com\/portal\/?p=233"},"modified":"2016-01-30T12:29:33","modified_gmt":"2016-01-30T11:29:33","slug":"vellykket-arsmote","status":"publish","type":"post","link":"https:\/\/www.fagforbundet468.com\/portal\/2016\/01\/30\/vellykket-arsmote\/","title":{"rendered":"Vellykket \u00c5rsm\u00f8te"},"content":{"rendered":"<p>28.01.16 var det duket for \u00e5rsm\u00f8te i Fagforbundet Avd. 468, m\u00f8tet ble avholdt i Haugesund Sjukehus sin kantine i 6 etg. Etter fullf\u00f8rt \u00e5rsm\u00f8te hadde leder i Fagforbundet Rogaland Trond Helland et innlegg for medlemmene som var m\u00f8tt frem og lederen skr\u00f8t av v\u00e5r lokalforening.<\/p>\n<div id=\"attachment_234\" style=\"width: 160px\" class=\"wp-caption alignright\"><a href=\"https:\/\/i0.wp.com\/www.fagforbundet468.com\/portal\/wp-content\/uploads\/helland.jpg\" rel=\"attachment wp-att-234\"><img data-recalc-dims=\"1\" loading=\"lazy\" decoding=\"async\" aria-describedby=\"caption-attachment-234\" data-attachment-id=\"234\" data-permalink=\"https:\/\/www.fagforbundet468.com\/portal\/2016\/01\/30\/vellykket-arsmote\/helland\/\" data-orig-file=\"https:\/\/i0.wp.com\/www.fagforbundet468.com\/portal\/wp-content\/uploads\/helland.jpg?fit=540%2C720&amp;ssl=1\" data-orig-size=\"540,720\" data-comments-opened=\"1\" data-image-meta=\"{&quot;aperture&quot;:&quot;0&quot;,&quot;credit&quot;:&quot;&quot;,&quot;camera&quot;:&quot;&quot;,&quot;caption&quot;:&quot;&quot;,&quot;created_timestamp&quot;:&quot;0&quot;,&quot;copyright&quot;:&quot;&quot;,&quot;focal_length&quot;:&quot;0&quot;,&quot;iso&quot;:&quot;0&quot;,&quot;shutter_speed&quot;:&quot;0&quot;,&quot;title&quot;:&quot;&quot;,&quot;orientation&quot;:&quot;0&quot;}\" data-image-title=\"helland\" data-image-description=\"&lt;p&gt;Leder Fagforbundet Rogaland Trond Helland&lt;\/p&gt;\n\" data-image-caption=\"&lt;p&gt;Leder Fagforbundet Rogaland Trond Helland&lt;\/p&gt;\n\" data-medium-file=\"https:\/\/i0.wp.com\/www.fagforbundet468.com\/portal\/wp-content\/uploads\/helland.jpg?fit=225%2C300&amp;ssl=1\" data-large-file=\"https:\/\/i0.wp.com\/www.fagforbundet468.com\/portal\/wp-content\/uploads\/helland.jpg?fit=540%2C720&amp;ssl=1\" class=\"size-thumbnail wp-image-234\" src=\"https:\/\/i0.wp.com\/www.fagforbundet468.com\/portal\/wp-content\/uploads\/helland.jpg?resize=150%2C150\" alt=\"Leder Fagforbundet Rogaland Trond Helland\" width=\"150\" height=\"150\" srcset=\"https:\/\/i0.wp.com\/www.fagforbundet468.com\/portal\/wp-content\/uploads\/helland.jpg?resize=150%2C150&amp;ssl=1 150w, https:\/\/i0.wp.com\/www.fagforbundet468.com\/portal\/wp-content\/uploads\/helland.jpg?zoom=2&amp;resize=150%2C150 300w, https:\/\/i0.wp.com\/www.fagforbundet468.com\/portal\/wp-content\/uploads\/helland.jpg?zoom=3&amp;resize=150%2C150 450w\" sizes=\"auto, (max-width: 150px) 100vw, 150px\" \/><\/a><p id=\"caption-attachment-234\" class=\"wp-caption-text\">Leder Fagforbundet Rogaland Trond Helland<\/p><\/div>\n<p>M\u00f8tet ble avsluttet med mat, kafe og mineralvann for de som \u00f8nsket det.<\/p>\n<p>Referat vil bli publisert s\u00e5 snart det er ferdig.<\/p>\n","protected":false},"excerpt":{"rendered":"<p>28.01.16 var det duket for \u00e5rsm\u00f8te i Fagforbundet Avd. 468, m\u00f8tet ble avholdt i Haugesund Sjukehus sin kantine i 6 etg. Etter fullf\u00f8rt \u00e5rsm\u00f8te hadde&#8230;<\/p>\n","protected":false},"author":2,"featured_media":112,"comment_status":"open","ping_status":"open","sticky":false,"template":"","format":"standard","meta":{"jetpack_post_was_ever_published":false,"_jetpack_newsletter_access":"","_jetpack_dont_email_post_to_subs":false,"_jetpack_newsletter_tier_id":0,"_jetpack_memberships_contains_paywalled_content":false,"_jetpack_memberships_contains_paid_content":false,"footnotes":"","jetpack_publicize_message":"","jetpack_publicize_feature_enabled":true,"jetpack_social_post_already_shared":true,"jetpack_social_options":{"image_generator_settings":{"template":"highway","default_image_id":0,"font":"","enabled":false},"version":2}},"categories":[1,7,2,4,5,3,6],"tags":[47,48,51,32,29,49,50],"class_list":["post-233","post","type-post","status-publish","format-standard","has-post-thumbnail","hentry","category-nyheter","category-pensjonist","category-shs","category-ska","category-skko","category-sst","category-ungdom","tag-arsmote","tag-leder","tag-mat","tag-medlem","tag-medlemmer","tag-trond-helland","tag-valg"],"jetpack_publicize_connections":[],"jetpack_featured_media_url":"https:\/\/i0.wp.com\/www.fagforbundet468.com\/portal\/wp-content\/uploads\/styret.jpg?fit=700%2C525&ssl=1","jetpack_sharing_enabled":true,"jetpack_shortlink":"https:\/\/wp.me\/p173ho-3L","jetpack-related-posts":[{"id":461,"url":"https:\/\/www.fagforbundet468.com\/portal\/2017\/12\/22\/arsmote-fagforbundet-avd-468\/","url_meta":{"origin":233,"position":0},"title":"\u00c5rsm\u00f8te Fagforbundet Avd. 468","author":"Idar \u00c5dnesen","date":"22. desember 2017","format":false,"excerpt":"Det blir avholdt \u00e5rsm\u00f8te 25. januar 2018 kl. 1800 i kantinen p\u00e5 Haugesund Revmatismesjukehus. Saker til \u00c5rsm\u00f8te m\u00e5 v\u00e6re styret i hende 07.01.18. Innkalling til \u00e5rsm\u00f8te blir lagt ut p\u00e5 v\u00e5r hjemmeside.","rel":"","context":"i &quot;Nyheter&quot;","block_context":{"text":"Nyheter","link":"https:\/\/www.fagforbundet468.com\/portal\/category\/nyheter\/"},"img":{"alt_text":"","src":"https:\/\/i0.wp.com\/www.fagforbundet468.com\/portal\/wp-content\/uploads\/styret.jpg?fit=700%2C525&ssl=1&resize=350%2C200","width":350,"height":200,"srcset":"https:\/\/i0.wp.com\/www.fagforbundet468.com\/portal\/wp-content\/uploads\/styret.jpg?fit=700%2C525&ssl=1&resize=350%2C200 1x, https:\/\/i0.wp.com\/www.fagforbundet468.com\/portal\/wp-content\/uploads\/styret.jpg?fit=700%2C525&ssl=1&resize=525%2C300 1.5x, https:\/\/i0.wp.com\/www.fagforbundet468.com\/portal\/wp-content\/uploads\/styret.jpg?fit=700%2C525&ssl=1&resize=700%2C400 2x"},"classes":[]},{"id":1022,"url":"https:\/\/www.fagforbundet468.com\/portal\/2022\/12\/06\/arsmote-2023\/","url_meta":{"origin":233,"position":1},"title":"\u00c5rsm\u00f8te 2023","author":"Idar \u00c5dnesen","date":"6. desember 2022","format":false,"excerpt":"Fagforbundet Helse Syd Vest inviterer til \u00e5rsm\u00f8te 26. januar p\u00e5 Haugesund Sanitetsforenings Revmatismesykehus AS kl. 1800Saker til \u00e5rsm\u00f8te m\u00e5 v\u00e6re styret i hende 10.01.2023Velkommen","rel":"","context":"i &quot;Nyheter&quot;","block_context":{"text":"Nyheter","link":"https:\/\/www.fagforbundet468.com\/portal\/category\/nyheter\/"},"img":{"alt_text":"","src":"","width":0,"height":0},"classes":[]},{"id":1027,"url":"https:\/\/www.fagforbundet468.com\/portal\/2023\/01\/12\/arsmote-2023-2\/","url_meta":{"origin":233,"position":2},"title":"\u00c5rsm\u00f8te 2023","author":"Idar \u00c5dnesen","date":"12. januar 2023","format":false,"excerpt":"Fagforbundet Helse Sydvest avd. 468 avholder \u00e5rsm\u00f8teTid: 26.01.2023Sted: Haugesund Revmatismesykehus AS (Kantine 6 etg.)Agenda:- \u00c5rsm\u00f8tesaker- Valg- Markering av jubilanterBevertning","rel":"","context":"i &quot;Nyheter&quot;","block_context":{"text":"Nyheter","link":"https:\/\/www.fagforbundet468.com\/portal\/category\/nyheter\/"},"img":{"alt_text":"","src":"","width":0,"height":0},"classes":[]},{"id":335,"url":"https:\/\/www.fagforbundet468.com\/portal\/2016\/12\/20\/arsmote\/","url_meta":{"origin":233,"position":3},"title":"\u00c5rsm\u00f8te","author":"Idar \u00c5dnesen","date":"20. desember 2016","format":false,"excerpt":"Fagforbundet Avd. 468 \u00f8nsker \u00e5 kalle inn til \u00e5rsm\u00f8te. Tid: 26. januar 2017 kl. 1800 Sted: Kantinen Haugesund Revmatismesjukehus Saksliste: \u00c5pning \u00c5rsberetning Regnskap Handlingsplan Budsjett Innkomne forslag Bevilgninger Valg \u00a0","rel":"","context":"i &quot;Nyheter&quot;","block_context":{"text":"Nyheter","link":"https:\/\/www.fagforbundet468.com\/portal\/category\/nyheter\/"},"img":{"alt_text":"","src":"https:\/\/i0.wp.com\/www.fagforbundet468.com\/portal\/wp-content\/uploads\/styret.jpg?fit=700%2C525&ssl=1&resize=350%2C200","width":350,"height":200,"srcset":"https:\/\/i0.wp.com\/www.fagforbundet468.com\/portal\/wp-content\/uploads\/styret.jpg?fit=700%2C525&ssl=1&resize=350%2C200 1x, https:\/\/i0.wp.com\/www.fagforbundet468.com\/portal\/wp-content\/uploads\/styret.jpg?fit=700%2C525&ssl=1&resize=525%2C300 1.5x, https:\/\/i0.wp.com\/www.fagforbundet468.com\/portal\/wp-content\/uploads\/styret.jpg?fit=700%2C525&ssl=1&resize=700%2C400 2x"},"classes":[]},{"id":776,"url":"https:\/\/www.fagforbundet468.com\/portal\/2020\/01\/10\/arsmote-2\/","url_meta":{"origin":233,"position":4},"title":"\u00c5rsm\u00f8te","author":"Idar \u00c5dnesen","date":"10. januar 2020","format":false,"excerpt":"Fagforbundet avd. 468 kaller inn til \u00e5rsm\u00f8te 30.01.2020, kl. 1800 i Resturant Utsikten p\u00e5 Haugesund Revmatismesykehus (7 etg.)Saksliste:- \u00c5pning- \u00c5rsberetninger- Regnskap- Budsjett- Innkomne forslag- Bevilgninger- Handlingsplaner- ValgBevertning","rel":"","context":"i &quot;Nyheter&quot;","block_context":{"text":"Nyheter","link":"https:\/\/www.fagforbundet468.com\/portal\/category\/nyheter\/"},"img":{"alt_text":"","src":"https:\/\/i0.wp.com\/www.fagforbundet468.com\/portal\/wp-content\/uploads\/styret.jpg?fit=700%2C525&ssl=1&resize=350%2C200","width":350,"height":200,"srcset":"https:\/\/i0.wp.com\/www.fagforbundet468.com\/portal\/wp-content\/uploads\/styret.jpg?fit=700%2C525&ssl=1&resize=350%2C200 1x, https:\/\/i0.wp.com\/www.fagforbundet468.com\/portal\/wp-content\/uploads\/styret.jpg?fit=700%2C525&ssl=1&resize=525%2C300 1.5x, https:\/\/i0.wp.com\/www.fagforbundet468.com\/portal\/wp-content\/uploads\/styret.jpg?fit=700%2C525&ssl=1&resize=700%2C400 2x"},"classes":[]},{"id":955,"url":"https:\/\/www.fagforbundet468.com\/portal\/2021\/12\/24\/god-jul-2\/","url_meta":{"origin":233,"position":5},"title":"God Jul","author":"Idar \u00c5dnesen","date":"24. desember 2021","format":false,"excerpt":"Styret i Fagforbundet Helse Vest avd. 468 \u00f8nsker alle v\u00e5re medlemmer en God Jul og et riktig Godt Nytt\u00e5r \u00c5rsm\u00f8tet som vi skulle holdt i januar 22 blir dessverre utsatt grunnet p\u00e5g\u00e5ende pandemi, ny dato vil komme s\u00e5 snart vi har mulighet til \u00e5 gjennomf\u00f8re \u00e5rsm\u00f8te","rel":"","context":"i &quot;Nyheter&quot;","block_context":{"text":"Nyheter","link":"https:\/\/www.fagforbundet468.com\/portal\/category\/nyheter\/"},"img":{"alt_text":"","src":"https:\/\/i0.wp.com\/www.fagforbundet468.com\/portal\/wp-content\/uploads\/God-jul.jpg?fit=1020%2C566&ssl=1&resize=350%2C200","width":350,"height":200,"srcset":"https:\/\/i0.wp.com\/www.fagforbundet468.com\/portal\/wp-content\/uploads\/God-jul.jpg?fit=1020%2C566&ssl=1&resize=350%2C200 1x, https:\/\/i0.wp.com\/www.fagforbundet468.com\/portal\/wp-content\/uploads\/God-jul.jpg?fit=1020%2C566&ssl=1&resize=525%2C300 1.5x, https:\/\/i0.wp.com\/www.fagforbundet468.com\/portal\/wp-content\/uploads\/God-jul.jpg?fit=1020%2C566&ssl=1&resize=700%2C400 2x"},"classes":[]}],"_links":{"self":[{"href":"https:\/\/www.fagforbundet468.com\/portal\/wp-json\/wp\/v2\/posts\/233","targetHints":{"allow":["GET"]}}],"collection":[{"href":"https:\/\/www.fagforbundet468.com\/portal\/wp-json\/wp\/v2\/posts"}],"about":[{"href":"https:\/\/www.fagforbundet468.com\/portal\/wp-json\/wp\/v2\/types\/post"}],"author":[{"embeddable":true,"href":"https:\/\/www.fagforbundet468.com\/portal\/wp-json\/wp\/v2\/users\/2"}],"replies":[{"embeddable":true,"href":"https:\/\/www.fagforbundet468.com\/portal\/wp-json\/wp\/v2\/comments?post=233"}],"version-history":[{"count":1,"href":"https:\/\/www.fagforbundet468.com\/portal\/wp-json\/wp\/v2\/posts\/233\/revisions"}],"predecessor-version":[{"id":235,"href":"https:\/\/www.fagforbundet468.com\/portal\/wp-json\/wp\/v2\/posts\/233\/revisions\/235"}],"wp:featuredmedia":[{"embeddable":true,"href":"https:\/\/www.fagforbundet468.com\/portal\/wp-json\/wp\/v2\/media\/112"}],"wp:attachment":[{"href":"https:\/\/www.fagforbundet468.com\/portal\/wp-json\/wp\/v2\/media?parent=233"}],"wp:term":[{"taxonomy":"category","embeddable":true,"href":"https:\/\/www.fagforbundet468.com\/portal\/wp-json\/wp\/v2\/categories?post=233"},{"taxonomy":"post_tag","embeddable":true,"href":"https:\/\/www.fagforbundet468.com\/portal\/wp-json\/wp\/v2\/tags?post=233"}],"curies":[{"name":"wp","href":"https:\/\/api.w.org\/{rel}","templated":true}]}}