{"id":167,"date":"2015-11-06T09:11:01","date_gmt":"2015-11-06T08:11:01","guid":{"rendered":"http:\/\/www.fagforbundet468.com\/portal\/?p=167"},"modified":"2015-11-10T22:27:30","modified_gmt":"2015-11-10T21:27:30","slug":"arets-ikea-tur","status":"publish","type":"post","link":"https:\/\/www.fagforbundet468.com\/portal\/2015\/11\/06\/arets-ikea-tur\/","title":{"rendered":"\u00c5rets IKEA tur"},"content":{"rendered":"<p>Som i fjor og \u00e5ret f\u00f8r det s\u00e5 arrangerer Fagforbundet Avd. 468 tur til IKEA.<\/p>\n<p><strong>Tid:<\/strong> Fredag 20 november<\/p>\n<p><strong>Kl:<\/strong> 15.15 p\u00e5 s\u00f8rsiden av sykehuset (der hvor\u00a0Helseekspressen g\u00e5r fra \u2013 Stavangergaten)<\/p>\n<p><strong>P\u00e5melding til:<\/strong>\u00a0<a href=\"mailto:linda.gjelsten@haugnett.no\">linda.gjelsten@haugnett.no<\/a>\u00a0 innen fredag 13. november.<\/p>\n<p><strong>Egenandel:\u00a0<\/strong>100,-<\/p>\n<p>Det vil bli \u00abunderholdning\u00bb i bussen, litt snacks og kanskje en konkurranse.<\/p>\n<p>&gt;&gt;\u00a0<a href=\"http:\/\/www.fagforbundet468.com\/portal\/wp-content\/uploads\/IKEA-20-november-2015.docx\">IKEA 20 november 2015<\/a><\/p>\n","protected":false},"excerpt":{"rendered":"<p>Som i fjor og \u00e5ret f\u00f8r det s\u00e5 arrangerer Fagforbundet Avd. 468 tur til IKEA. Tid: Fredag 20 november Kl: 15.15 p\u00e5 s\u00f8rsiden av sykehuset&#8230;<\/p>\n","protected":false},"author":2,"featured_media":174,"comment_status":"closed","ping_status":"closed","sticky":false,"template":"","format":"standard","meta":{"jetpack_post_was_ever_published":false,"_jetpack_newsletter_access":"","_jetpack_dont_email_post_to_subs":false,"_jetpack_newsletter_tier_id":0,"_jetpack_memberships_contains_paywalled_content":false,"_jetpack_memberships_contains_paid_content":false,"footnotes":"","jetpack_publicize_message":"","jetpack_publicize_feature_enabled":true,"jetpack_social_post_already_shared":false,"jetpack_social_options":{"image_generator_settings":{"template":"highway","default_image_id":0,"font":"","enabled":false},"version":2}},"categories":[1],"tags":[25,29,26],"class_list":["post-167","post","type-post","status-publish","format-standard","has-post-thumbnail","hentry","category-nyheter","tag-ikea","tag-medlemmer","tag-tradisjon"],"jetpack_publicize_connections":[],"jetpack_featured_media_url":"https:\/\/i0.wp.com\/www.fagforbundet468.com\/portal\/wp-content\/uploads\/ikea3.jpg?fit=2500%2C1166&ssl=1","jetpack_sharing_enabled":true,"jetpack_shortlink":"https:\/\/wp.me\/p173ho-2H","jetpack-related-posts":[{"id":313,"url":"https:\/\/www.fagforbundet468.com\/portal\/2016\/10\/05\/invitasjon-til-medlemsturarets-ikea-tur\/","url_meta":{"origin":167,"position":0},"title":"Invitasjon til medlemstur\/\u00e5rets IKEA-tur!","author":"Idar \u00c5dnesen","date":"5. oktober 2016","format":false,"excerpt":"Tradisjonen tro, det er klart for \u00e5rets IKEA tur for v\u00e5re medlemmer. Fredag 18 novenber kl. 15.15 g\u00e5r bussen fra s\u00f8rsiden av sykehuset (der hvor Helseekspressen g\u00e5r fra) Det vil bli \"underholdning\" i bussen, litt snacks og kanskje en liten konkurranse. P\u00e5melding gj\u00f8res til laura.lill.haavik@helse-fonna.no innen fredag 11. november Egenandel\u2026","rel":"","context":"i &quot;Nyheter&quot;","block_context":{"text":"Nyheter","link":"https:\/\/www.fagforbundet468.com\/portal\/category\/nyheter\/"},"img":{"alt_text":"","src":"https:\/\/i0.wp.com\/www.fagforbundet468.com\/portal\/wp-content\/uploads\/ikea3.jpg?fit=1200%2C560&ssl=1&resize=350%2C200","width":350,"height":200,"srcset":"https:\/\/i0.wp.com\/www.fagforbundet468.com\/portal\/wp-content\/uploads\/ikea3.jpg?fit=1200%2C560&ssl=1&resize=350%2C200 1x, https:\/\/i0.wp.com\/www.fagforbundet468.com\/portal\/wp-content\/uploads\/ikea3.jpg?fit=1200%2C560&ssl=1&resize=525%2C300 1.5x, https:\/\/i0.wp.com\/www.fagforbundet468.com\/portal\/wp-content\/uploads\/ikea3.jpg?fit=1200%2C560&ssl=1&resize=700%2C400 2x, https:\/\/i0.wp.com\/www.fagforbundet468.com\/portal\/wp-content\/uploads\/ikea3.jpg?fit=1200%2C560&ssl=1&resize=1050%2C600 3x"},"classes":[]},{"id":562,"url":"https:\/\/www.fagforbundet468.com\/portal\/2018\/10\/16\/tradisjonen-tro-arets-medlemstur-til-ikea\/","url_meta":{"origin":167,"position":1},"title":"Tradisjonen tro; \u00e5rets medlemstur til IKEA","author":"Idar \u00c5dnesen","date":"16. oktober 2018","format":false,"excerpt":"Fredag 16. november g\u00e5r bussen for 10. ende \u00e5ret p\u00e5 rad til IKEA kl. 1545. Grunnet byggeaktiviteten rundt Sjukehuset blir oppm\u00f8te i \u00e5r p\u00e5 Flotmyr kl. 1530. Det vil bli snacks og en konkurranse i bussen Bindende p\u00e5melding til: laila.gautesen@hsr.as eller til linda.gjelsten@helse-fonna.no evt. SMS til 916 13 551 innen\u2026","rel":"","context":"i &quot;Nyheter&quot;","block_context":{"text":"Nyheter","link":"https:\/\/www.fagforbundet468.com\/portal\/category\/nyheter\/"},"img":{"alt_text":"","src":"https:\/\/i0.wp.com\/www.fagforbundet468.com\/portal\/wp-content\/uploads\/ikea3.jpg?fit=1200%2C560&ssl=1&resize=350%2C200","width":350,"height":200,"srcset":"https:\/\/i0.wp.com\/www.fagforbundet468.com\/portal\/wp-content\/uploads\/ikea3.jpg?fit=1200%2C560&ssl=1&resize=350%2C200 1x, https:\/\/i0.wp.com\/www.fagforbundet468.com\/portal\/wp-content\/uploads\/ikea3.jpg?fit=1200%2C560&ssl=1&resize=525%2C300 1.5x, https:\/\/i0.wp.com\/www.fagforbundet468.com\/portal\/wp-content\/uploads\/ikea3.jpg?fit=1200%2C560&ssl=1&resize=700%2C400 2x, https:\/\/i0.wp.com\/www.fagforbundet468.com\/portal\/wp-content\/uploads\/ikea3.jpg?fit=1200%2C560&ssl=1&resize=1050%2C600 3x"},"classes":[]},{"id":435,"url":"https:\/\/www.fagforbundet468.com\/portal\/2017\/10\/18\/tradisjonen-tro-arets-medlemstur\/","url_meta":{"origin":167,"position":2},"title":"Tradisjonen tro; \u00c5rets MEDLEMSTUR","author":"Idar \u00c5dnesen","date":"18. oktober 2017","format":false,"excerpt":"Fredag 17. november g\u00e5r bussen til IKEA kl. 1545. Oppm\u00f8te p\u00e5 s\u00f8rsiden av sykehuset kl. 1530 der hvor Helseekspressen g\u00e5r fra - Stavangergaten! Det vil bli litt snacks og en konkurranse i bussen P\u00e5melding til: ase.helene.tvedt@hsr.as\u00a0eller linda.gjelsten@helse-fonna.no\u00a0innen fredag 10. november Egenandel kr. 150,- som betales i bussen.","rel":"","context":"i &quot;Nyheter&quot;","block_context":{"text":"Nyheter","link":"https:\/\/www.fagforbundet468.com\/portal\/category\/nyheter\/"},"img":{"alt_text":"","src":"https:\/\/i0.wp.com\/www.fagforbundet468.com\/portal\/wp-content\/uploads\/ikea3.jpg?fit=1200%2C560&ssl=1&resize=350%2C200","width":350,"height":200,"srcset":"https:\/\/i0.wp.com\/www.fagforbundet468.com\/portal\/wp-content\/uploads\/ikea3.jpg?fit=1200%2C560&ssl=1&resize=350%2C200 1x, https:\/\/i0.wp.com\/www.fagforbundet468.com\/portal\/wp-content\/uploads\/ikea3.jpg?fit=1200%2C560&ssl=1&resize=525%2C300 1.5x, https:\/\/i0.wp.com\/www.fagforbundet468.com\/portal\/wp-content\/uploads\/ikea3.jpg?fit=1200%2C560&ssl=1&resize=700%2C400 2x, https:\/\/i0.wp.com\/www.fagforbundet468.com\/portal\/wp-content\/uploads\/ikea3.jpg?fit=1200%2C560&ssl=1&resize=1050%2C600 3x"},"classes":[]},{"id":731,"url":"https:\/\/www.fagforbundet468.com\/portal\/2019\/10\/19\/bli-med-oss-pa-medlemstur-til-ikea\/","url_meta":{"origin":167,"position":3},"title":"Bli med oss p\u00e5 medlemstur til IKEA &#8211; AVLYST","author":"Idar \u00c5dnesen","date":"19. oktober 2019","format":false,"excerpt":"Det er med tungt hjerte at vi m\u00e5 avlyse IKEA turen v\u00e5r i \u00e5r. Vi har forberedt oss godt, men beslutningen er tatt fordi det rett og slett ble for f\u00e5 p\u00e5meldte.","rel":"","context":"i &quot;Nyheter&quot;","block_context":{"text":"Nyheter","link":"https:\/\/www.fagforbundet468.com\/portal\/category\/nyheter\/"},"img":{"alt_text":"","src":"https:\/\/i0.wp.com\/www.fagforbundet468.com\/portal\/wp-content\/uploads\/IKEA.jpg?fit=685%2C424&ssl=1&resize=350%2C200","width":350,"height":200,"srcset":"https:\/\/i0.wp.com\/www.fagforbundet468.com\/portal\/wp-content\/uploads\/IKEA.jpg?fit=685%2C424&ssl=1&resize=350%2C200 1x, https:\/\/i0.wp.com\/www.fagforbundet468.com\/portal\/wp-content\/uploads\/IKEA.jpg?fit=685%2C424&ssl=1&resize=525%2C300 1.5x"},"classes":[]},{"id":438,"url":"https:\/\/www.fagforbundet468.com\/portal\/2017\/10\/30\/arets-julemote-2017\/","url_meta":{"origin":167,"position":4},"title":"\u00c5rets Julem\u00f8te 2017","author":"Idar \u00c5dnesen","date":"30. oktober 2017","format":false,"excerpt":"Som medlem av Fagforbundet Avd. 468 er du hjertelig velkommer til en kveld med f\u00f8rjulskos, der vi skal spise god mat og hygge oss sammen. Tid: Torsdag 07.12.17 kl. 1800 Sted: Haugesund M\u00e5l- og Ungdomslag, Kvalatun (Kvalamarka 25, 5514 Haugesund) Mat: Koldtbord fra Br\u00f8drene Lundal AS Det blir underholdning med\u2026","rel":"","context":"i &quot;Nyheter&quot;","block_context":{"text":"Nyheter","link":"https:\/\/www.fagforbundet468.com\/portal\/category\/nyheter\/"},"img":{"alt_text":"","src":"https:\/\/i0.wp.com\/www.fagforbundet468.com\/portal\/wp-content\/uploads\/julem%C3%B8te_4_2015.jpg?fit=900%2C675&ssl=1&resize=350%2C200","width":350,"height":200,"srcset":"https:\/\/i0.wp.com\/www.fagforbundet468.com\/portal\/wp-content\/uploads\/julem%C3%B8te_4_2015.jpg?fit=900%2C675&ssl=1&resize=350%2C200 1x, https:\/\/i0.wp.com\/www.fagforbundet468.com\/portal\/wp-content\/uploads\/julem%C3%B8te_4_2015.jpg?fit=900%2C675&ssl=1&resize=525%2C300 1.5x, https:\/\/i0.wp.com\/www.fagforbundet468.com\/portal\/wp-content\/uploads\/julem%C3%B8te_4_2015.jpg?fit=900%2C675&ssl=1&resize=700%2C400 2x"},"classes":[]},{"id":577,"url":"https:\/\/www.fagforbundet468.com\/portal\/2018\/11\/09\/arets-julemote\/","url_meta":{"origin":167,"position":5},"title":"\u00c5rets Julem\u00f8te","author":"Idar \u00c5dnesen","date":"9. november 2018","format":false,"excerpt":"Som medlem i Fagforbundet avd. 468 er du hjertelig velkommen til en kveld med f\u00f8rjulskos, der vi skal spise god mat og hygge oss sammen. Tid: Torsdag 06.12.18 kl. 1800 Sted: Haugesund M\u00e5l- og Ungdomslag, Kvalatun Mat: Koldtbord fra Br\u00f8drene Lundal AS Underholdning meg Christina Bjordal Markering av v\u00e5re 25-\u2026","rel":"","context":"i &quot;Nyheter&quot;","block_context":{"text":"Nyheter","link":"https:\/\/www.fagforbundet468.com\/portal\/category\/nyheter\/"},"img":{"alt_text":"","src":"https:\/\/i0.wp.com\/www.fagforbundet468.com\/portal\/wp-content\/uploads\/God-jul.jpg?fit=1020%2C566&ssl=1&resize=350%2C200","width":350,"height":200,"srcset":"https:\/\/i0.wp.com\/www.fagforbundet468.com\/portal\/wp-content\/uploads\/God-jul.jpg?fit=1020%2C566&ssl=1&resize=350%2C200 1x, https:\/\/i0.wp.com\/www.fagforbundet468.com\/portal\/wp-content\/uploads\/God-jul.jpg?fit=1020%2C566&ssl=1&resize=525%2C300 1.5x, https:\/\/i0.wp.com\/www.fagforbundet468.com\/portal\/wp-content\/uploads\/God-jul.jpg?fit=1020%2C566&ssl=1&resize=700%2C400 2x"},"classes":[]}],"_links":{"self":[{"href":"https:\/\/www.fagforbundet468.com\/portal\/wp-json\/wp\/v2\/posts\/167","targetHints":{"allow":["GET"]}}],"collection":[{"href":"https:\/\/www.fagforbundet468.com\/portal\/wp-json\/wp\/v2\/posts"}],"about":[{"href":"https:\/\/www.fagforbundet468.com\/portal\/wp-json\/wp\/v2\/types\/post"}],"author":[{"embeddable":true,"href":"https:\/\/www.fagforbundet468.com\/portal\/wp-json\/wp\/v2\/users\/2"}],"replies":[{"embeddable":true,"href":"https:\/\/www.fagforbundet468.com\/portal\/wp-json\/wp\/v2\/comments?post=167"}],"version-history":[{"count":2,"href":"https:\/\/www.fagforbundet468.com\/portal\/wp-json\/wp\/v2\/posts\/167\/revisions"}],"predecessor-version":[{"id":171,"href":"https:\/\/www.fagforbundet468.com\/portal\/wp-json\/wp\/v2\/posts\/167\/revisions\/171"}],"wp:featuredmedia":[{"embeddable":true,"href":"https:\/\/www.fagforbundet468.com\/portal\/wp-json\/wp\/v2\/media\/174"}],"wp:attachment":[{"href":"https:\/\/www.fagforbundet468.com\/portal\/wp-json\/wp\/v2\/media?parent=167"}],"wp:term":[{"taxonomy":"category","embeddable":true,"href":"https:\/\/www.fagforbundet468.com\/portal\/wp-json\/wp\/v2\/categories?post=167"},{"taxonomy":"post_tag","embeddable":true,"href":"https:\/\/www.fagforbundet468.com\/portal\/wp-json\/wp\/v2\/tags?post=167"}],"curies":[{"name":"wp","href":"https:\/\/api.w.org\/{rel}","templated":true}]}}