{"id":163,"date":"2015-11-06T09:01:34","date_gmt":"2015-11-06T08:01:34","guid":{"rendered":"http:\/\/www.fagforbundet468.com\/portal\/?p=163"},"modified":"2015-11-10T22:27:34","modified_gmt":"2015-11-10T21:27:34","slug":"arkivenes-dag-2-helg-i-november","status":"publish","type":"post","link":"https:\/\/www.fagforbundet468.com\/portal\/2015\/11\/06\/arkivenes-dag-2-helg-i-november\/","title":{"rendered":"Arkivenes dag &#8211; 2 helg i november"},"content":{"rendered":"<p>Fagforbundet Seksjon kontor og administrasjon gratulerer alle som jobber med dokumentforvaltning.<br \/>\nArkivarbeid\/dokumentforvaltning er ikke bare et fagomr\u00e5de, men ogs\u00e5 et eget yrke.<br \/>\nTakk for den nyttige jobben dere gj\u00f8r!<\/p>\n<p>&gt;&gt;\u00a0<a href=\"http:\/\/www.fagforbundet468.com\/portal\/wp-content\/uploads\/Arkivenes-dag-2-helg-i-november.pdf\">Arkivenes dag 2 helg i november<\/a><\/p>\n","protected":false},"excerpt":{"rendered":"<p>Fagforbundet Seksjon kontor og administrasjon gratulerer alle som jobber med dokumentforvaltning. Arkivarbeid\/dokumentforvaltning er ikke bare et fagomr\u00e5de, men ogs\u00e5 et eget yrke. Takk for den&#8230;<\/p>\n","protected":false},"author":2,"featured_media":164,"comment_status":"closed","ping_status":"closed","sticky":false,"template":"","format":"standard","meta":{"jetpack_post_was_ever_published":false,"_jetpack_newsletter_access":"","_jetpack_dont_email_post_to_subs":false,"_jetpack_newsletter_tier_id":0,"_jetpack_memberships_contains_paywalled_content":false,"_jetpack_memberships_contains_paid_content":false,"footnotes":"","jetpack_publicize_message":"","jetpack_publicize_feature_enabled":true,"jetpack_social_post_already_shared":false,"jetpack_social_options":{"image_generator_settings":{"template":"highway","default_image_id":0,"font":"","enabled":false},"version":2}},"categories":[4],"tags":[21,23,24,22],"class_list":["post-163","post","type-post","status-publish","format-standard","has-post-thumbnail","hentry","category-ska","tag-arkiv","tag-journalarkiv","tag-kake","tag-ska"],"jetpack_publicize_connections":[],"jetpack_featured_media_url":"https:\/\/i0.wp.com\/www.fagforbundet468.com\/portal\/wp-content\/uploads\/journalarkiv.jpg?fit=1181%2C784&ssl=1","jetpack_sharing_enabled":true,"jetpack_shortlink":"https:\/\/wp.me\/p173ho-2D","jetpack-related-posts":[{"id":143,"url":"https:\/\/www.fagforbundet468.com\/portal\/2015\/10\/22\/leie-av-leilghet\/","url_meta":{"origin":163,"position":0},"title":"Leie av leilghet","author":"Idar \u00c5dnesen","date":"22. oktober 2015","format":false,"excerpt":"V\u00e5r leilighet p\u00e5 V\u00e5gslid er tilgjengelig for alle v\u00e5re medlemmer, \u00f8nsker du \u00e5 leie leiligheten en helg, ukedag etc. s\u00e5 m\u00e5 du bruke v\u00e5r \"bookingmodul\" som du finner her. N\u00e5r man legger inn et \u00f8nske om \u00e5 leie leilighet vil man etterhvert bli kontaktet og opplyst om du er tildelt\u2026","rel":"","context":"i &quot;Nyheter&quot;","block_context":{"text":"Nyheter","link":"https:\/\/www.fagforbundet468.com\/portal\/category\/nyheter\/"},"img":{"alt_text":"","src":"https:\/\/i0.wp.com\/www.fagforbundet468.com\/portal\/wp-content\/uploads\/leilighet_7.jpg?fit=800%2C600&ssl=1&resize=350%2C200","width":350,"height":200,"srcset":"https:\/\/i0.wp.com\/www.fagforbundet468.com\/portal\/wp-content\/uploads\/leilighet_7.jpg?fit=800%2C600&ssl=1&resize=350%2C200 1x, https:\/\/i0.wp.com\/www.fagforbundet468.com\/portal\/wp-content\/uploads\/leilighet_7.jpg?fit=800%2C600&ssl=1&resize=525%2C300 1.5x, https:\/\/i0.wp.com\/www.fagforbundet468.com\/portal\/wp-content\/uploads\/leilighet_7.jpg?fit=800%2C600&ssl=1&resize=700%2C400 2x"},"classes":[]},{"id":230,"url":"https:\/\/www.fagforbundet468.com\/portal\/2016\/02\/01\/helsesekretaerenes-dag-1-februar\/","url_meta":{"origin":163,"position":1},"title":"Helsesekret\u00e6renes dag 1. februar","author":"Idar \u00c5dnesen","date":"1. februar 2016","format":false,"excerpt":"Helsesekret\u00e6rene har en n\u00f8kkelrolle i helsesektoren. I tillegg til et selvstendig arbeidsomr\u00e5de bidrar helsesekret\u00e6ren til \u00e5 frigj\u00f8re ressurser hos annet helsepersonell som for eksempel leger, sykepleiere og psykologer. Fagforbundet jobber for at helsesekret\u00e6rens kompetanse blir brukt og verdsatt. Vi ser at det fremdeles er store omr\u00e5der som helsesekret\u00e6rens kompetanse kan\u2026","rel":"","context":"i &quot;Nyheter&quot;","block_context":{"text":"Nyheter","link":"https:\/\/www.fagforbundet468.com\/portal\/category\/nyheter\/"},"img":{"alt_text":"","src":"https:\/\/i0.wp.com\/www.fagforbundet468.com\/portal\/wp-content\/uploads\/Helsesekrdag.jpg?fit=831%2C578&ssl=1&resize=350%2C200","width":350,"height":200,"srcset":"https:\/\/i0.wp.com\/www.fagforbundet468.com\/portal\/wp-content\/uploads\/Helsesekrdag.jpg?fit=831%2C578&ssl=1&resize=350%2C200 1x, https:\/\/i0.wp.com\/www.fagforbundet468.com\/portal\/wp-content\/uploads\/Helsesekrdag.jpg?fit=831%2C578&ssl=1&resize=525%2C300 1.5x, https:\/\/i0.wp.com\/www.fagforbundet468.com\/portal\/wp-content\/uploads\/Helsesekrdag.jpg?fit=831%2C578&ssl=1&resize=700%2C400 2x"},"classes":[]},{"id":527,"url":"https:\/\/www.fagforbundet468.com\/portal\/2018\/06\/14\/fagforbundet-15-ar\/","url_meta":{"origin":163,"position":2},"title":"Fagforbundet 15 \u00e5r!","author":"Idar \u00c5dnesen","date":"14. juni 2018","format":false,"excerpt":"Den 17. juni 2018 er det 15 \u00e5r siden Fagforbundet ble etablert. Da hadde forbundet 287 000 medlemmer. Vi er stolte over at vi vokser, har innflytelse og gjennomslagskraft til \u00e5 vinne fram med v\u00e5r politikk i l\u00f8nnsforhandlinger, i samfunn og politikk og i yrkesfaglige sp\u00f8rsm\u00e5l. M\u00e5lene om en sterk\u2026","rel":"","context":"i &quot;Nyheter&quot;","block_context":{"text":"Nyheter","link":"https:\/\/www.fagforbundet468.com\/portal\/category\/nyheter\/"},"img":{"alt_text":"","src":"https:\/\/i0.wp.com\/www.fagforbundet468.com\/portal\/wp-content\/uploads\/15-%C3%A5r-e1529010330709.png?fit=750%2C261&ssl=1&resize=350%2C200","width":350,"height":200,"srcset":"https:\/\/i0.wp.com\/www.fagforbundet468.com\/portal\/wp-content\/uploads\/15-%C3%A5r-e1529010330709.png?fit=750%2C261&ssl=1&resize=350%2C200 1x, https:\/\/i0.wp.com\/www.fagforbundet468.com\/portal\/wp-content\/uploads\/15-%C3%A5r-e1529010330709.png?fit=750%2C261&ssl=1&resize=525%2C300 1.5x, https:\/\/i0.wp.com\/www.fagforbundet468.com\/portal\/wp-content\/uploads\/15-%C3%A5r-e1529010330709.png?fit=750%2C261&ssl=1&resize=700%2C400 2x"},"classes":[]},{"id":569,"url":"https:\/\/www.fagforbundet468.com\/portal\/2018\/11\/08\/kurs-om-pensjon\/","url_meta":{"origin":163,"position":3},"title":"Kurs om pensjon","author":"Idar \u00c5dnesen","date":"8. november 2018","format":false,"excerpt":"LO i Nord Rogaland inviterer til kurskveld om pensjon og LO Fav\u00f8r. Vet du nok om fordelene i LO Fav\u00f8r Vil du vite mer om hva det inneb\u00e6rer \u00e5 g\u00e5 av med AFP, eller pensjon? Sted: Haraldsgaten 177, 3 etasje (ring p\u00e5 klokke Folkets Hus inngang i Haraldsgaten) Tid: 15.\u2026","rel":"","context":"i &quot;Nyheter&quot;","block_context":{"text":"Nyheter","link":"https:\/\/www.fagforbundet468.com\/portal\/category\/nyheter\/"},"img":{"alt_text":"","src":"https:\/\/i0.wp.com\/www.fagforbundet468.com\/portal\/wp-content\/uploads\/LO_FAV%C3%98R_LOGO.jpg?fit=1104%2C310&ssl=1&resize=350%2C200","width":350,"height":200,"srcset":"https:\/\/i0.wp.com\/www.fagforbundet468.com\/portal\/wp-content\/uploads\/LO_FAV%C3%98R_LOGO.jpg?fit=1104%2C310&ssl=1&resize=350%2C200 1x, https:\/\/i0.wp.com\/www.fagforbundet468.com\/portal\/wp-content\/uploads\/LO_FAV%C3%98R_LOGO.jpg?fit=1104%2C310&ssl=1&resize=525%2C300 1.5x, https:\/\/i0.wp.com\/www.fagforbundet468.com\/portal\/wp-content\/uploads\/LO_FAV%C3%98R_LOGO.jpg?fit=1104%2C310&ssl=1&resize=700%2C400 2x, https:\/\/i0.wp.com\/www.fagforbundet468.com\/portal\/wp-content\/uploads\/LO_FAV%C3%98R_LOGO.jpg?fit=1104%2C310&ssl=1&resize=1050%2C600 3x"},"classes":[]},{"id":705,"url":"https:\/\/www.fagforbundet468.com\/portal\/2019\/09\/03\/familiedag-i-vangen\/","url_meta":{"origin":163,"position":4},"title":"Familiedag i Vangen","author":"Idar \u00c5dnesen","date":"3. september 2019","format":false,"excerpt":"Fagforbundet inviterer til \u00e5pen familiedag ved lekeplassen i Haraldsvang der det blir minikinsert med Marie M. Jakobsen, ponniridning, ansiktsmaling, rebusl\u00f8ype og andre aktiviteter.Vi serverer p\u00f8lse i br\u00f8d og noe \u00e5 drikkeVi deler ut flotte premier fra Haugaland Zoo og Minigolfen familieparkDet blir ogs\u00e5 mulighet for \u00e5 hilse p\u00e5 ekte brannmenn\u2026","rel":"","context":"i &quot;Nyheter&quot;","block_context":{"text":"Nyheter","link":"https:\/\/www.fagforbundet468.com\/portal\/category\/nyheter\/"},"img":{"alt_text":"","src":"https:\/\/i0.wp.com\/www.fagforbundet468.com\/portal\/wp-content\/uploads\/vangen.jpg?fit=1023%2C589&ssl=1&resize=350%2C200","width":350,"height":200,"srcset":"https:\/\/i0.wp.com\/www.fagforbundet468.com\/portal\/wp-content\/uploads\/vangen.jpg?fit=1023%2C589&ssl=1&resize=350%2C200 1x, https:\/\/i0.wp.com\/www.fagforbundet468.com\/portal\/wp-content\/uploads\/vangen.jpg?fit=1023%2C589&ssl=1&resize=525%2C300 1.5x, https:\/\/i0.wp.com\/www.fagforbundet468.com\/portal\/wp-content\/uploads\/vangen.jpg?fit=1023%2C589&ssl=1&resize=700%2C400 2x"},"classes":[]},{"id":233,"url":"https:\/\/www.fagforbundet468.com\/portal\/2016\/01\/30\/vellykket-arsmote\/","url_meta":{"origin":163,"position":5},"title":"Vellykket \u00c5rsm\u00f8te","author":"Idar \u00c5dnesen","date":"30. januar 2016","format":false,"excerpt":"28.01.16 var det duket for \u00e5rsm\u00f8te i Fagforbundet Avd. 468, m\u00f8tet ble avholdt i Haugesund Sjukehus sin kantine i 6 etg. Etter fullf\u00f8rt \u00e5rsm\u00f8te hadde leder i Fagforbundet Rogaland Trond Helland et innlegg for medlemmene som var m\u00f8tt frem og lederen skr\u00f8t av v\u00e5r lokalforening. M\u00f8tet ble avsluttet med mat,\u2026","rel":"","context":"i &quot;Nyheter&quot;","block_context":{"text":"Nyheter","link":"https:\/\/www.fagforbundet468.com\/portal\/category\/nyheter\/"},"img":{"alt_text":"","src":"https:\/\/i0.wp.com\/www.fagforbundet468.com\/portal\/wp-content\/uploads\/styret.jpg?fit=700%2C525&ssl=1&resize=350%2C200","width":350,"height":200,"srcset":"https:\/\/i0.wp.com\/www.fagforbundet468.com\/portal\/wp-content\/uploads\/styret.jpg?fit=700%2C525&ssl=1&resize=350%2C200 1x, https:\/\/i0.wp.com\/www.fagforbundet468.com\/portal\/wp-content\/uploads\/styret.jpg?fit=700%2C525&ssl=1&resize=525%2C300 1.5x, https:\/\/i0.wp.com\/www.fagforbundet468.com\/portal\/wp-content\/uploads\/styret.jpg?fit=700%2C525&ssl=1&resize=700%2C400 2x"},"classes":[]}],"_links":{"self":[{"href":"https:\/\/www.fagforbundet468.com\/portal\/wp-json\/wp\/v2\/posts\/163","targetHints":{"allow":["GET"]}}],"collection":[{"href":"https:\/\/www.fagforbundet468.com\/portal\/wp-json\/wp\/v2\/posts"}],"about":[{"href":"https:\/\/www.fagforbundet468.com\/portal\/wp-json\/wp\/v2\/types\/post"}],"author":[{"embeddable":true,"href":"https:\/\/www.fagforbundet468.com\/portal\/wp-json\/wp\/v2\/users\/2"}],"replies":[{"embeddable":true,"href":"https:\/\/www.fagforbundet468.com\/portal\/wp-json\/wp\/v2\/comments?post=163"}],"version-history":[{"count":2,"href":"https:\/\/www.fagforbundet468.com\/portal\/wp-json\/wp\/v2\/posts\/163\/revisions"}],"predecessor-version":[{"id":172,"href":"https:\/\/www.fagforbundet468.com\/portal\/wp-json\/wp\/v2\/posts\/163\/revisions\/172"}],"wp:featuredmedia":[{"embeddable":true,"href":"https:\/\/www.fagforbundet468.com\/portal\/wp-json\/wp\/v2\/media\/164"}],"wp:attachment":[{"href":"https:\/\/www.fagforbundet468.com\/portal\/wp-json\/wp\/v2\/media?parent=163"}],"wp:term":[{"taxonomy":"category","embeddable":true,"href":"https:\/\/www.fagforbundet468.com\/portal\/wp-json\/wp\/v2\/categories?post=163"},{"taxonomy":"post_tag","embeddable":true,"href":"https:\/\/www.fagforbundet468.com\/portal\/wp-json\/wp\/v2\/tags?post=163"}],"curies":[{"name":"wp","href":"https:\/\/api.w.org\/{rel}","templated":true}]}}