{"id":1087,"date":"2024-07-05T06:59:40","date_gmt":"2024-07-05T04:59:40","guid":{"rendered":"https:\/\/www.fagforbundet468.com\/portal\/?p=1087"},"modified":"2024-07-05T07:00:30","modified_gmt":"2024-07-05T05:00:30","slug":"nye-skilt-pa-leilighet","status":"publish","type":"post","link":"https:\/\/www.fagforbundet468.com\/portal\/2024\/07\/05\/nye-skilt-pa-leilighet\/","title":{"rendered":"Nye skilt p\u00e5 leilighet"},"content":{"rendered":"\n<p>Det er hengt opp nye skilt p\u00e5 leilighetsbygget vi har lelighet i p\u00e5 V\u00e5gslid. Den nye adressen v\u00e5r er R\u00e5salivegen 9d og er tydelig merket p\u00e5 vegg og ved inngangsd\u00f8r. <\/p>\n\n\n\n<figure class=\"wp-block-image size-full is-resized\"><img data-recalc-dims=\"1\" loading=\"lazy\" decoding=\"async\" data-attachment-id=\"1089\" data-permalink=\"https:\/\/www.fagforbundet468.com\/portal\/2024\/07\/05\/nye-skilt-pa-leilighet\/bilde-inngang-rasali\/\" data-orig-file=\"https:\/\/i0.wp.com\/www.fagforbundet468.com\/portal\/wp-content\/uploads\/Bilde-inngang-Rasali.jpg?fit=275%2C206&amp;ssl=1\" data-orig-size=\"275,206\" data-comments-opened=\"1\" data-image-meta=\"{&quot;aperture&quot;:&quot;0&quot;,&quot;credit&quot;:&quot;&quot;,&quot;camera&quot;:&quot;&quot;,&quot;caption&quot;:&quot;&quot;,&quot;created_timestamp&quot;:&quot;0&quot;,&quot;copyright&quot;:&quot;&quot;,&quot;focal_length&quot;:&quot;0&quot;,&quot;iso&quot;:&quot;0&quot;,&quot;shutter_speed&quot;:&quot;0&quot;,&quot;title&quot;:&quot;&quot;,&quot;orientation&quot;:&quot;0&quot;}\" data-image-title=\"Bilde-inngang-Rasali\" data-image-description=\"\" data-image-caption=\"\" data-medium-file=\"https:\/\/i0.wp.com\/www.fagforbundet468.com\/portal\/wp-content\/uploads\/Bilde-inngang-Rasali.jpg?fit=275%2C206&amp;ssl=1\" data-large-file=\"https:\/\/i0.wp.com\/www.fagforbundet468.com\/portal\/wp-content\/uploads\/Bilde-inngang-Rasali.jpg?fit=275%2C206&amp;ssl=1\" src=\"https:\/\/i0.wp.com\/www.fagforbundet468.com\/portal\/wp-content\/uploads\/Bilde-inngang-Rasali.jpg?resize=246%2C184&#038;ssl=1\" alt=\"\" class=\"wp-image-1089\" width=\"246\" height=\"184\"\/><\/figure>\n","protected":false},"excerpt":{"rendered":"<p>Det er hengt opp nye skilt p\u00e5 leilighetsbygget vi har lelighet i p\u00e5 V\u00e5gslid. Den nye adressen v\u00e5r er R\u00e5salivegen 9d og er tydelig merket&#8230;<\/p>\n","protected":false},"author":2,"featured_media":1088,"comment_status":"closed","ping_status":"closed","sticky":false,"template":"","format":"standard","meta":{"jetpack_post_was_ever_published":false,"_jetpack_newsletter_access":"","_jetpack_dont_email_post_to_subs":false,"_jetpack_newsletter_tier_id":0,"_jetpack_memberships_contains_paywalled_content":false,"_jetpack_memberships_contains_paid_content":false,"footnotes":"","jetpack_publicize_message":"","jetpack_publicize_feature_enabled":true,"jetpack_social_post_already_shared":true,"jetpack_social_options":{"image_generator_settings":{"template":"highway","default_image_id":0,"font":"","enabled":false},"version":2}},"categories":[1],"tags":[242,9,243,11],"class_list":["post-1087","post","type-post","status-publish","format-standard","has-post-thumbnail","hentry","category-nyheter","tag-adresse","tag-leilighet","tag-rasalivegen","tag-vagslid"],"jetpack_publicize_connections":[],"jetpack_featured_media_url":"https:\/\/i0.wp.com\/www.fagforbundet468.com\/portal\/wp-content\/uploads\/Bilde-nytt-skilt-Rasali.jpg?fit=155%2C206&ssl=1","jetpack_sharing_enabled":true,"jetpack_shortlink":"https:\/\/wp.me\/p173ho-hx","jetpack-related-posts":[{"id":346,"url":"https:\/\/www.fagforbundet468.com\/portal\/2017\/01\/30\/nye-vedtekter-og-priser-vedtatt-for-leilighet\/","url_meta":{"origin":1087,"position":0},"title":"Nye vedtekter og priser vedtatt for leilighet","author":"Idar \u00c5dnesen","date":"30. januar 2017","format":false,"excerpt":"Under \u00e5rsm\u00f8tet til Fagforbundet avd. 468 ble der vedtatt nye vedtekter og nye priser for leiligheten p\u00e5 fjellet. Hovedpunktene i de nye vedtektene er: Enklere \u00e5 samle opp poeng om du er ny i fagforbundet Kortere oppsamlingstid (6 \u00e5r) Tilbakevirkende kraft (har du v\u00e6rt medlem i 6 \u00e5r eller mer\u2026","rel":"","context":"i &quot;Leilighet&quot;","block_context":{"text":"Leilighet","link":"https:\/\/www.fagforbundet468.com\/portal\/category\/leilighet\/"},"img":{"alt_text":"","src":"https:\/\/i0.wp.com\/www.fagforbundet468.com\/portal\/wp-content\/uploads\/leilighet_7.jpg?fit=800%2C600&ssl=1&resize=350%2C200","width":350,"height":200,"srcset":"https:\/\/i0.wp.com\/www.fagforbundet468.com\/portal\/wp-content\/uploads\/leilighet_7.jpg?fit=800%2C600&ssl=1&resize=350%2C200 1x, https:\/\/i0.wp.com\/www.fagforbundet468.com\/portal\/wp-content\/uploads\/leilighet_7.jpg?fit=800%2C600&ssl=1&resize=525%2C300 1.5x, https:\/\/i0.wp.com\/www.fagforbundet468.com\/portal\/wp-content\/uploads\/leilighet_7.jpg?fit=800%2C600&ssl=1&resize=700%2C400 2x"},"classes":[]},{"id":143,"url":"https:\/\/www.fagforbundet468.com\/portal\/2015\/10\/22\/leie-av-leilghet\/","url_meta":{"origin":1087,"position":1},"title":"Leie av leilghet","author":"Idar \u00c5dnesen","date":"22. oktober 2015","format":false,"excerpt":"V\u00e5r leilighet p\u00e5 V\u00e5gslid er tilgjengelig for alle v\u00e5re medlemmer, \u00f8nsker du \u00e5 leie leiligheten en helg, ukedag etc. s\u00e5 m\u00e5 du bruke v\u00e5r \"bookingmodul\" som du finner her. N\u00e5r man legger inn et \u00f8nske om \u00e5 leie leilighet vil man etterhvert bli kontaktet og opplyst om du er tildelt\u2026","rel":"","context":"i &quot;Nyheter&quot;","block_context":{"text":"Nyheter","link":"https:\/\/www.fagforbundet468.com\/portal\/category\/nyheter\/"},"img":{"alt_text":"","src":"https:\/\/i0.wp.com\/www.fagforbundet468.com\/portal\/wp-content\/uploads\/leilighet_7.jpg?fit=800%2C600&ssl=1&resize=350%2C200","width":350,"height":200,"srcset":"https:\/\/i0.wp.com\/www.fagforbundet468.com\/portal\/wp-content\/uploads\/leilighet_7.jpg?fit=800%2C600&ssl=1&resize=350%2C200 1x, https:\/\/i0.wp.com\/www.fagforbundet468.com\/portal\/wp-content\/uploads\/leilighet_7.jpg?fit=800%2C600&ssl=1&resize=525%2C300 1.5x, https:\/\/i0.wp.com\/www.fagforbundet468.com\/portal\/wp-content\/uploads\/leilighet_7.jpg?fit=800%2C600&ssl=1&resize=700%2C400 2x"},"classes":[]},{"id":796,"url":"https:\/\/www.fagforbundet468.com\/portal\/2020\/02\/06\/oppdaterte-priser-pa-leie-av-leilighet\/","url_meta":{"origin":1087,"position":2},"title":"Oppdaterte priser p\u00e5 leie av leilighet","author":"Idar \u00c5dnesen","date":"6. februar 2020","format":false,"excerpt":"Etter \u00e5rsm\u00f8te i Fagforbundet avd. 468 er prisene p\u00e5 leie av leiligheten v\u00e5r p\u00e5 V\u00e5gslid justert. Priser finner dere p\u00e5 link under. https:\/\/www.fagforbundet468.com\/portal\/leilighet\/reglervedtekter\/","rel":"","context":"i &quot;Nyheter&quot;","block_context":{"text":"Nyheter","link":"https:\/\/www.fagforbundet468.com\/portal\/category\/nyheter\/"},"img":{"alt_text":"","src":"https:\/\/i0.wp.com\/www.fagforbundet468.com\/portal\/wp-content\/uploads\/leilighet_7.jpg?fit=800%2C600&ssl=1&resize=350%2C200","width":350,"height":200,"srcset":"https:\/\/i0.wp.com\/www.fagforbundet468.com\/portal\/wp-content\/uploads\/leilighet_7.jpg?fit=800%2C600&ssl=1&resize=350%2C200 1x, https:\/\/i0.wp.com\/www.fagforbundet468.com\/portal\/wp-content\/uploads\/leilighet_7.jpg?fit=800%2C600&ssl=1&resize=525%2C300 1.5x, https:\/\/i0.wp.com\/www.fagforbundet468.com\/portal\/wp-content\/uploads\/leilighet_7.jpg?fit=800%2C600&ssl=1&resize=700%2C400 2x"},"classes":[]},{"id":424,"url":"https:\/\/www.fagforbundet468.com\/portal\/2017\/10\/03\/ulovlig-lading-av-el-biler\/","url_meta":{"origin":1087,"position":3},"title":"Ulovlig lading av el-biler","author":"Idar \u00c5dnesen","date":"3. oktober 2017","format":false,"excerpt":"Informasjon fra Hyttestyret og Sameie p\u00e5 V\u00e5gslid: P\u00e5peker at det er FORBUDT \u00e5 lade el-biler i tunnelen (parkeringsplassen til leiligheten). Det b\u00f8r v\u00e6re en selvf\u00f8lge at ogs\u00e5 el-bileiere betaler for drivstoffet selv i stedet for \u00e5 stjele fra fellesskapet. El-biler m\u00e5 lades via egen leilighet eller p\u00e5 egnede ladestasjoner (\u00c5mot\u2026","rel":"","context":"i &quot;Leilighet&quot;","block_context":{"text":"Leilighet","link":"https:\/\/www.fagforbundet468.com\/portal\/category\/leilighet\/"},"img":{"alt_text":"","src":"https:\/\/i0.wp.com\/www.fagforbundet468.com\/portal\/wp-content\/uploads\/raasali.jpg?fit=900%2C600&ssl=1&resize=350%2C200","width":350,"height":200,"srcset":"https:\/\/i0.wp.com\/www.fagforbundet468.com\/portal\/wp-content\/uploads\/raasali.jpg?fit=900%2C600&ssl=1&resize=350%2C200 1x, https:\/\/i0.wp.com\/www.fagforbundet468.com\/portal\/wp-content\/uploads\/raasali.jpg?fit=900%2C600&ssl=1&resize=525%2C300 1.5x, https:\/\/i0.wp.com\/www.fagforbundet468.com\/portal\/wp-content\/uploads\/raasali.jpg?fit=900%2C600&ssl=1&resize=700%2C400 2x"},"classes":[]},{"id":38,"url":"https:\/\/www.fagforbundet468.com\/portal\/2015\/09\/07\/nye-sider\/","url_meta":{"origin":1087,"position":4},"title":"Nye og oppdaterte sider","author":"Idar \u00c5dnesen","date":"7. september 2015","format":false,"excerpt":"Velkommen til v\u00e5re nye nettsider. Grunnet diverse problemer har dessverre ikke v\u00e5r nettsider fungert de siste m\u00e5nedene, vi beklager dette og h\u00e5per n\u00e5 at sidene skal v\u00e6re litt mer stabile. Vi har endret litt p\u00e5 v\u00e5r \"bookingside\" der du sender inn s\u00f8knad for leie av leilighet, men endringene er s\u00e5\u2026","rel":"","context":"i &quot;Nyheter&quot;","block_context":{"text":"Nyheter","link":"https:\/\/www.fagforbundet468.com\/portal\/category\/nyheter\/"},"img":{"alt_text":"","src":"https:\/\/i0.wp.com\/www.fagforbundet468.com\/portal\/wp-content\/uploads\/nye_sider.png?fit=1200%2C702&ssl=1&resize=350%2C200","width":350,"height":200,"srcset":"https:\/\/i0.wp.com\/www.fagforbundet468.com\/portal\/wp-content\/uploads\/nye_sider.png?fit=1200%2C702&ssl=1&resize=350%2C200 1x, https:\/\/i0.wp.com\/www.fagforbundet468.com\/portal\/wp-content\/uploads\/nye_sider.png?fit=1200%2C702&ssl=1&resize=525%2C300 1.5x, https:\/\/i0.wp.com\/www.fagforbundet468.com\/portal\/wp-content\/uploads\/nye_sider.png?fit=1200%2C702&ssl=1&resize=700%2C400 2x, https:\/\/i0.wp.com\/www.fagforbundet468.com\/portal\/wp-content\/uploads\/nye_sider.png?fit=1200%2C702&ssl=1&resize=1050%2C600 3x"},"classes":[]},{"id":376,"url":"https:\/\/www.fagforbundet468.com\/portal\/2017\/03\/22\/rigmor-galtung-fullt-lys-og-stummende-morke\/","url_meta":{"origin":1087,"position":5},"title":"Rigmor Galtung &#8211; fullt lys og stummende m\u00f8rke","author":"Idar \u00c5dnesen","date":"22. mars 2017","format":false,"excerpt":"Fagforbundet Avd. 468 inviterer medlemmer og ikke medlemmer til foredrag med Rigmor Galtung. Dette er\u00a0et foredrag om et liv - p\u00e5 godt og vondt. Med sin levende fortellerform har Rigmor en egen evne til \u00e5 engasjere lytterne. I utgangspunktet var Rigmor en framgangsrik komiker med mange baller i luften og\u2026","rel":"","context":"i &quot;Nyheter&quot;","block_context":{"text":"Nyheter","link":"https:\/\/www.fagforbundet468.com\/portal\/category\/nyheter\/"},"img":{"alt_text":"","src":"https:\/\/i0.wp.com\/www.fagforbundet468.com\/portal\/wp-content\/uploads\/rigmorgaltung.jpg?fit=1190%2C1200&ssl=1&resize=350%2C200","width":350,"height":200,"srcset":"https:\/\/i0.wp.com\/www.fagforbundet468.com\/portal\/wp-content\/uploads\/rigmorgaltung.jpg?fit=1190%2C1200&ssl=1&resize=350%2C200 1x, https:\/\/i0.wp.com\/www.fagforbundet468.com\/portal\/wp-content\/uploads\/rigmorgaltung.jpg?fit=1190%2C1200&ssl=1&resize=525%2C300 1.5x, https:\/\/i0.wp.com\/www.fagforbundet468.com\/portal\/wp-content\/uploads\/rigmorgaltung.jpg?fit=1190%2C1200&ssl=1&resize=700%2C400 2x, https:\/\/i0.wp.com\/www.fagforbundet468.com\/portal\/wp-content\/uploads\/rigmorgaltung.jpg?fit=1190%2C1200&ssl=1&resize=1050%2C600 3x"},"classes":[]}],"_links":{"self":[{"href":"https:\/\/www.fagforbundet468.com\/portal\/wp-json\/wp\/v2\/posts\/1087","targetHints":{"allow":["GET"]}}],"collection":[{"href":"https:\/\/www.fagforbundet468.com\/portal\/wp-json\/wp\/v2\/posts"}],"about":[{"href":"https:\/\/www.fagforbundet468.com\/portal\/wp-json\/wp\/v2\/types\/post"}],"author":[{"embeddable":true,"href":"https:\/\/www.fagforbundet468.com\/portal\/wp-json\/wp\/v2\/users\/2"}],"replies":[{"embeddable":true,"href":"https:\/\/www.fagforbundet468.com\/portal\/wp-json\/wp\/v2\/comments?post=1087"}],"version-history":[{"count":2,"href":"https:\/\/www.fagforbundet468.com\/portal\/wp-json\/wp\/v2\/posts\/1087\/revisions"}],"predecessor-version":[{"id":1091,"href":"https:\/\/www.fagforbundet468.com\/portal\/wp-json\/wp\/v2\/posts\/1087\/revisions\/1091"}],"wp:featuredmedia":[{"embeddable":true,"href":"https:\/\/www.fagforbundet468.com\/portal\/wp-json\/wp\/v2\/media\/1088"}],"wp:attachment":[{"href":"https:\/\/www.fagforbundet468.com\/portal\/wp-json\/wp\/v2\/media?parent=1087"}],"wp:term":[{"taxonomy":"category","embeddable":true,"href":"https:\/\/www.fagforbundet468.com\/portal\/wp-json\/wp\/v2\/categories?post=1087"},{"taxonomy":"post_tag","embeddable":true,"href":"https:\/\/www.fagforbundet468.com\/portal\/wp-json\/wp\/v2\/tags?post=1087"}],"curies":[{"name":"wp","href":"https:\/\/api.w.org\/{rel}","templated":true}]}}