{"id":1078,"date":"2024-04-03T08:17:22","date_gmt":"2024-04-03T06:17:22","guid":{"rendered":"https:\/\/www.fagforbundet468.com\/portal\/?p=1078"},"modified":"2024-04-03T08:17:27","modified_gmt":"2024-04-03T06:17:27","slug":"medlemsmote-17-april","status":"publish","type":"post","link":"https:\/\/www.fagforbundet468.com\/portal\/2024\/04\/03\/medlemsmote-17-april\/","title":{"rendered":"Medlemsm\u00f8te 17. april"},"content":{"rendered":"\n<p><strong>Agenda:<\/strong><br \/><br \/>Hanne Aa Kristiansen fra Sparebank 1 SR Bank presenterer LOfav\u00f8r medlemsfordeler.<br \/><br \/>&#8211; Kollektive forsikringsavtaler i Fagforbundet<br \/>&#8211; Individuelle LOfav\u00f8r fordeler bank og forsikring<br \/>&#8211; Hverdags\u00f8konomi; tips og r\u00e5d<br \/>&#8211; Sp\u00f8rsm\u00e5lsrunde mm<br \/><br \/><strong>Sted:<\/strong> Auditoriet Haugesund Sykehus<br \/><strong>N\u00e5r:<\/strong> Onsdag 17. april kl. 15.15<\/p>\n\n\n\n<figure class=\"wp-block-pullquote\"><blockquote><p>Det blir Kahoot med kule premier og servering av pizza mm.<\/p><\/blockquote><\/figure>\n\n\n\n<p><strong>P\u00e5melding til:<\/strong><br \/>Anne Margrethe Ulland p\u00e5 SMS: 482 28 682 (oppgi navn og arbeidsplass ved p\u00e5melding)<\/p>\n","protected":false},"excerpt":{"rendered":"<p>Agenda:Hanne Aa Kristiansen fra Sparebank 1 SR Bank presenterer LOfav\u00f8r medlemsfordeler.&#8211; Kollektive forsikringsavtaler i Fagforbundet&#8211; Individuelle LOfav\u00f8r fordeler bank og forsikring&#8211; Hverdags\u00f8konomi; tips og r\u00e5d&#8211;&#8230;<\/p>\n","protected":false},"author":2,"featured_media":702,"comment_status":"closed","ping_status":"closed","sticky":false,"template":"","format":"standard","meta":{"jetpack_post_was_ever_published":false,"_jetpack_newsletter_access":"","_jetpack_dont_email_post_to_subs":false,"_jetpack_newsletter_tier_id":0,"_jetpack_memberships_contains_paywalled_content":false,"_jetpack_memberships_contains_paid_content":false,"footnotes":"","jetpack_publicize_message":"","jetpack_publicize_feature_enabled":true,"jetpack_social_post_already_shared":true,"jetpack_social_options":{"image_generator_settings":{"template":"highway","default_image_id":0,"font":"","enabled":false},"version":2}},"categories":[1],"tags":[62,240,58,154],"class_list":["post-1078","post","type-post","status-publish","format-standard","has-post-thumbnail","hentry","category-nyheter","tag-haugesund-sykehus","tag-lofavor","tag-medlemsmote","tag-pizza"],"jetpack_publicize_connections":[],"jetpack_featured_media_url":"https:\/\/i0.wp.com\/www.fagforbundet468.com\/portal\/wp-content\/uploads\/lofavor.jpg?fit=1176%2C432&ssl=1","jetpack_sharing_enabled":true,"jetpack_shortlink":"https:\/\/wp.me\/p173ho-ho","jetpack-related-posts":[{"id":622,"url":"https:\/\/www.fagforbundet468.com\/portal\/2019\/01\/14\/foredrag-om-livstil-og-helse\/","url_meta":{"origin":1078,"position":0},"title":"Foredrag om livstil og helse","author":"Idar \u00c5dnesen","date":"14. januar 2019","format":false,"excerpt":"Foredragsholder Ragnhild Lekven Fimreite er utdannet klinisk ern\u00e6ringsfysiolog ved det Medisinske fakultet, Universitet i Oslo i 1999. Hun har i tillegg studert pedagogikk og psykologi. Hva skal vi egentlig tro p\u00e5 n\u00e5r det gjelder kostr\u00e5d? F\u00f8lger vi kostr\u00e5dene? \/Hva spiser vi egentlig? Utsatte grupper som personer med livsstilssykdommer, barn og\u2026","rel":"","context":"i &quot;Nyheter&quot;","block_context":{"text":"Nyheter","link":"https:\/\/www.fagforbundet468.com\/portal\/category\/nyheter\/"},"img":{"alt_text":"","src":"https:\/\/i0.wp.com\/www.fagforbundet468.com\/portal\/wp-content\/uploads\/Ragnhild-Lekven-Fimreite.jpg?fit=480%2C360&ssl=1&resize=350%2C200","width":350,"height":200},"classes":[]},{"id":282,"url":"https:\/\/www.fagforbundet468.com\/portal\/2016\/05\/25\/medlemsmote-09-06-16\/","url_meta":{"origin":1078,"position":1},"title":"Medlemsm\u00f8te 09.06.16","author":"Idar \u00c5dnesen","date":"25. mai 2016","format":false,"excerpt":"Fagforbundet Avd. 468 \u00f8nsker deg velkommen til medlemsm\u00f8te for alle medlemmer. Tid: 09.06.16 Kl: 18.00 Sted: Auditoriet Haugesund Sykehus Orientering om kommunal Landpensjonskasse, KLP v\/Trine Bjelland Ottosen Orientering om Norsk Folkehjel v\/Sveil Magne Skeie Info fra v\u00e5rens tariffoppgj\u00f8r Bevertning > Medlemsm\u00f8teplakat 09.06.2016 \u00a0","rel":"","context":"i &quot;Nyheter&quot;","block_context":{"text":"Nyheter","link":"https:\/\/www.fagforbundet468.com\/portal\/category\/nyheter\/"},"img":{"alt_text":"","src":"https:\/\/i0.wp.com\/www.fagforbundet468.com\/portal\/wp-content\/uploads\/styret.jpg?fit=700%2C525&ssl=1&resize=350%2C200","width":350,"height":200,"srcset":"https:\/\/i0.wp.com\/www.fagforbundet468.com\/portal\/wp-content\/uploads\/styret.jpg?fit=700%2C525&ssl=1&resize=350%2C200 1x, https:\/\/i0.wp.com\/www.fagforbundet468.com\/portal\/wp-content\/uploads\/styret.jpg?fit=700%2C525&ssl=1&resize=525%2C300 1.5x, https:\/\/i0.wp.com\/www.fagforbundet468.com\/portal\/wp-content\/uploads\/styret.jpg?fit=700%2C525&ssl=1&resize=700%2C400 2x"},"classes":[]},{"id":616,"url":"https:\/\/www.fagforbundet468.com\/portal\/2019\/01\/14\/foredrag-med-arild-knutsen\/","url_meta":{"origin":1078,"position":2},"title":"Foredrag med Arild Knutsen","author":"Idar \u00c5dnesen","date":"14. januar 2019","format":false,"excerpt":"Arild Knutsen er leder for nasjonalforeningen for human narkotika politikk, han har drevet et langvarig arbeid for rusavhengiges rettigheter og verdighet for at det blir slutt p\u00e5 skammen, utst\u00f8ting og desperasjon. Knutsen var blant annet med og startet opp = Oslo og han er mye brukt som foredragsholder og innleder\u2026","rel":"","context":"i &quot;Nyheter&quot;","block_context":{"text":"Nyheter","link":"https:\/\/www.fagforbundet468.com\/portal\/category\/nyheter\/"},"img":{"alt_text":"","src":"https:\/\/i0.wp.com\/www.fagforbundet468.com\/portal\/wp-content\/uploads\/arildknutsen.jpg?fit=1200%2C800&ssl=1&resize=350%2C200","width":350,"height":200,"srcset":"https:\/\/i0.wp.com\/www.fagforbundet468.com\/portal\/wp-content\/uploads\/arildknutsen.jpg?fit=1200%2C800&ssl=1&resize=350%2C200 1x, https:\/\/i0.wp.com\/www.fagforbundet468.com\/portal\/wp-content\/uploads\/arildknutsen.jpg?fit=1200%2C800&ssl=1&resize=525%2C300 1.5x, https:\/\/i0.wp.com\/www.fagforbundet468.com\/portal\/wp-content\/uploads\/arildknutsen.jpg?fit=1200%2C800&ssl=1&resize=700%2C400 2x, https:\/\/i0.wp.com\/www.fagforbundet468.com\/portal\/wp-content\/uploads\/arildknutsen.jpg?fit=1200%2C800&ssl=1&resize=1050%2C600 3x"},"classes":[]},{"id":468,"url":"https:\/\/www.fagforbundet468.com\/portal\/2018\/01\/16\/foredrag-med-kristian-heggebo\/","url_meta":{"origin":1078,"position":3},"title":"Foredrag med Kristian Heggeb\u00f8","author":"Idar \u00c5dnesen","date":"16. januar 2018","format":false,"excerpt":"Fagforbundet \u00f8nsker velkommen til foredrag med Kristian Heggeb\u00f8 Midlertidighet og usikkerhet: arbeidslivet i endring Heggeb\u00f8 fra Vindafjord er forsker ved seksjon for helse og velferds forskning, forsker p\u00e5 arbeids markedsanalyse, helse og helseulikhet, utdannings sosiologi, og personer med helseproblemer sin arbeidsmarkedstilknytning Tid: Torsdag 08.02.18 kl. 1900 Sted: Auditorie C, H\u00f8yskolen\u2026","rel":"","context":"i &quot;Nyheter&quot;","block_context":{"text":"Nyheter","link":"https:\/\/www.fagforbundet468.com\/portal\/category\/nyheter\/"},"img":{"alt_text":"","src":"https:\/\/i0.wp.com\/www.fagforbundet468.com\/portal\/wp-content\/uploads\/heggeb%C3%B8.jpg?fit=1024%2C645&ssl=1&resize=350%2C200","width":350,"height":200,"srcset":"https:\/\/i0.wp.com\/www.fagforbundet468.com\/portal\/wp-content\/uploads\/heggeb%C3%B8.jpg?fit=1024%2C645&ssl=1&resize=350%2C200 1x, https:\/\/i0.wp.com\/www.fagforbundet468.com\/portal\/wp-content\/uploads\/heggeb%C3%B8.jpg?fit=1024%2C645&ssl=1&resize=525%2C300 1.5x, https:\/\/i0.wp.com\/www.fagforbundet468.com\/portal\/wp-content\/uploads\/heggeb%C3%B8.jpg?fit=1024%2C645&ssl=1&resize=700%2C400 2x"},"classes":[]},{"id":367,"url":"https:\/\/www.fagforbundet468.com\/portal\/2017\/02\/14\/mat-og-helse-i-arbeidslivet\/","url_meta":{"origin":1078,"position":4},"title":"Mat og helse i arbeidslivet","author":"Idar \u00c5dnesen","date":"14. februar 2017","format":false,"excerpt":"Mat og helse i arbeidslivet, sm\u00e5 grep for \u00e5 tilby sunn mat og drikke. Dette kurset tar utgangspunkt i nasjonale anbefalinger for mat og drikke i arbeidslivet Kursets innhold: Tiltak som kan settes i verk p\u00e5 de fleste arbeidsplasser Kosthold, helse og trivsel Mer om tilbudet Kompetanse og \u00f8konomi Innkj\u00f8p\/meny\u2026","rel":"","context":"i &quot;Nyheter&quot;","block_context":{"text":"Nyheter","link":"https:\/\/www.fagforbundet468.com\/portal\/category\/nyheter\/"},"img":{"alt_text":"","src":"https:\/\/i0.wp.com\/www.fagforbundet468.com\/portal\/wp-content\/uploads\/mathelse.jpg?fit=620%2C300&ssl=1&resize=350%2C200","width":350,"height":200,"srcset":"https:\/\/i0.wp.com\/www.fagforbundet468.com\/portal\/wp-content\/uploads\/mathelse.jpg?fit=620%2C300&ssl=1&resize=350%2C200 1x, https:\/\/i0.wp.com\/www.fagforbundet468.com\/portal\/wp-content\/uploads\/mathelse.jpg?fit=620%2C300&ssl=1&resize=525%2C300 1.5x"},"classes":[]},{"id":438,"url":"https:\/\/www.fagforbundet468.com\/portal\/2017\/10\/30\/arets-julemote-2017\/","url_meta":{"origin":1078,"position":5},"title":"\u00c5rets Julem\u00f8te 2017","author":"Idar \u00c5dnesen","date":"30. oktober 2017","format":false,"excerpt":"Som medlem av Fagforbundet Avd. 468 er du hjertelig velkommer til en kveld med f\u00f8rjulskos, der vi skal spise god mat og hygge oss sammen. Tid: Torsdag 07.12.17 kl. 1800 Sted: Haugesund M\u00e5l- og Ungdomslag, Kvalatun (Kvalamarka 25, 5514 Haugesund) Mat: Koldtbord fra Br\u00f8drene Lundal AS Det blir underholdning med\u2026","rel":"","context":"i &quot;Nyheter&quot;","block_context":{"text":"Nyheter","link":"https:\/\/www.fagforbundet468.com\/portal\/category\/nyheter\/"},"img":{"alt_text":"","src":"https:\/\/i0.wp.com\/www.fagforbundet468.com\/portal\/wp-content\/uploads\/julem%C3%B8te_4_2015.jpg?fit=900%2C675&ssl=1&resize=350%2C200","width":350,"height":200,"srcset":"https:\/\/i0.wp.com\/www.fagforbundet468.com\/portal\/wp-content\/uploads\/julem%C3%B8te_4_2015.jpg?fit=900%2C675&ssl=1&resize=350%2C200 1x, https:\/\/i0.wp.com\/www.fagforbundet468.com\/portal\/wp-content\/uploads\/julem%C3%B8te_4_2015.jpg?fit=900%2C675&ssl=1&resize=525%2C300 1.5x, https:\/\/i0.wp.com\/www.fagforbundet468.com\/portal\/wp-content\/uploads\/julem%C3%B8te_4_2015.jpg?fit=900%2C675&ssl=1&resize=700%2C400 2x"},"classes":[]}],"_links":{"self":[{"href":"https:\/\/www.fagforbundet468.com\/portal\/wp-json\/wp\/v2\/posts\/1078","targetHints":{"allow":["GET"]}}],"collection":[{"href":"https:\/\/www.fagforbundet468.com\/portal\/wp-json\/wp\/v2\/posts"}],"about":[{"href":"https:\/\/www.fagforbundet468.com\/portal\/wp-json\/wp\/v2\/types\/post"}],"author":[{"embeddable":true,"href":"https:\/\/www.fagforbundet468.com\/portal\/wp-json\/wp\/v2\/users\/2"}],"replies":[{"embeddable":true,"href":"https:\/\/www.fagforbundet468.com\/portal\/wp-json\/wp\/v2\/comments?post=1078"}],"version-history":[{"count":1,"href":"https:\/\/www.fagforbundet468.com\/portal\/wp-json\/wp\/v2\/posts\/1078\/revisions"}],"predecessor-version":[{"id":1079,"href":"https:\/\/www.fagforbundet468.com\/portal\/wp-json\/wp\/v2\/posts\/1078\/revisions\/1079"}],"wp:featuredmedia":[{"embeddable":true,"href":"https:\/\/www.fagforbundet468.com\/portal\/wp-json\/wp\/v2\/media\/702"}],"wp:attachment":[{"href":"https:\/\/www.fagforbundet468.com\/portal\/wp-json\/wp\/v2\/media?parent=1078"}],"wp:term":[{"taxonomy":"category","embeddable":true,"href":"https:\/\/www.fagforbundet468.com\/portal\/wp-json\/wp\/v2\/categories?post=1078"},{"taxonomy":"post_tag","embeddable":true,"href":"https:\/\/www.fagforbundet468.com\/portal\/wp-json\/wp\/v2\/tags?post=1078"}],"curies":[{"name":"wp","href":"https:\/\/api.w.org\/{rel}","templated":true}]}}