{"id":1062,"date":"2023-10-19T20:53:39","date_gmt":"2023-10-19T18:53:39","guid":{"rendered":"https:\/\/www.fagforbundet468.com\/portal\/?p=1062"},"modified":"2023-10-19T20:53:43","modified_gmt":"2023-10-19T18:53:43","slug":"julebord-2023","status":"publish","type":"post","link":"https:\/\/www.fagforbundet468.com\/portal\/2023\/10\/19\/julebord-2023\/","title":{"rendered":"Julebord 2023"},"content":{"rendered":"\n<p>Fredag 17 november 2023 inviterer vi til Julebord p\u00e5 To Glass<br \/><br \/><strong>Bindende p\u00e5melding til:<\/strong><br \/><a href=\"sissrykk@online.no\">sissrykk@online.no<\/a> innen 23 oktober, egenandel 300,-<\/p>\n\n\n\n<p>F\u00f8rstemann til m\u00f8lla, begrenset med plasser<\/p>\n","protected":false},"excerpt":{"rendered":"<p>Fredag 17 november 2023 inviterer vi til Julebord p\u00e5 To GlassBindende p\u00e5melding til:sissrykk@online.no innen 23 oktober, egenandel 300,- F\u00f8rstemann til m\u00f8lla, begrenset med plasser<\/p>\n","protected":false},"author":2,"featured_media":1063,"comment_status":"closed","ping_status":"closed","sticky":false,"template":"","format":"standard","meta":{"jetpack_post_was_ever_published":false,"_jetpack_newsletter_access":"","_jetpack_dont_email_post_to_subs":false,"_jetpack_newsletter_tier_id":0,"_jetpack_memberships_contains_paywalled_content":false,"_jetpack_memberships_contains_paid_content":false,"footnotes":"","jetpack_publicize_message":"","jetpack_publicize_feature_enabled":true,"jetpack_social_post_already_shared":true,"jetpack_social_options":{"image_generator_settings":{"template":"highway","default_image_id":0,"font":"","enabled":false},"version":2}},"categories":[1],"tags":[],"class_list":["post-1062","post","type-post","status-publish","format-standard","has-post-thumbnail","hentry","category-nyheter"],"jetpack_publicize_connections":[],"jetpack_featured_media_url":"https:\/\/i0.wp.com\/www.fagforbundet468.com\/portal\/wp-content\/uploads\/Julebord_2023.png?fit=1196%2C675&ssl=1","jetpack_sharing_enabled":true,"jetpack_shortlink":"https:\/\/wp.me\/p173ho-h8","jetpack-related-posts":[{"id":1012,"url":"https:\/\/www.fagforbundet468.com\/portal\/2022\/11\/01\/arets-julebord\/","url_meta":{"origin":1062,"position":0},"title":"\u00c5rets Julebord","author":"Idar \u00c5dnesen","date":"1. november 2022","format":false,"excerpt":"Fagforbundet Helse Sydvest inviterer til \u00e5 bli med p\u00e5 \u00e5rets julebord i To Glass Teltet med tema \"Back to 80``s\". Det blir en egenandel p\u00e5 kr. 300,- som er bindende, foreningen sponser resten. Vi h\u00e5per og tror at dette er en ny m\u00e5te \u00e5 ha julearrangement p\u00e5.Hiv dere p\u00e5 N\u00c5,\u2026","rel":"","context":"i &quot;Nyheter&quot;","block_context":{"text":"Nyheter","link":"https:\/\/www.fagforbundet468.com\/portal\/category\/nyheter\/"},"img":{"alt_text":"","src":"https:\/\/i0.wp.com\/www.fagforbundet468.com\/portal\/wp-content\/uploads\/julebord22.jpg?fit=1200%2C1073&ssl=1&resize=350%2C200","width":350,"height":200,"srcset":"https:\/\/i0.wp.com\/www.fagforbundet468.com\/portal\/wp-content\/uploads\/julebord22.jpg?fit=1200%2C1073&ssl=1&resize=350%2C200 1x, https:\/\/i0.wp.com\/www.fagforbundet468.com\/portal\/wp-content\/uploads\/julebord22.jpg?fit=1200%2C1073&ssl=1&resize=525%2C300 1.5x, https:\/\/i0.wp.com\/www.fagforbundet468.com\/portal\/wp-content\/uploads\/julebord22.jpg?fit=1200%2C1073&ssl=1&resize=700%2C400 2x, https:\/\/i0.wp.com\/www.fagforbundet468.com\/portal\/wp-content\/uploads\/julebord22.jpg?fit=1200%2C1073&ssl=1&resize=1050%2C600 3x"},"classes":[]},{"id":1022,"url":"https:\/\/www.fagforbundet468.com\/portal\/2022\/12\/06\/arsmote-2023\/","url_meta":{"origin":1062,"position":1},"title":"\u00c5rsm\u00f8te 2023","author":"Idar \u00c5dnesen","date":"6. desember 2022","format":false,"excerpt":"Fagforbundet Helse Syd Vest inviterer til \u00e5rsm\u00f8te 26. januar p\u00e5 Haugesund Sanitetsforenings Revmatismesykehus AS kl. 1800Saker til \u00e5rsm\u00f8te m\u00e5 v\u00e6re styret i hende 10.01.2023Velkommen","rel":"","context":"i &quot;Nyheter&quot;","block_context":{"text":"Nyheter","link":"https:\/\/www.fagforbundet468.com\/portal\/category\/nyheter\/"},"img":{"alt_text":"","src":"","width":0,"height":0},"classes":[]},{"id":508,"url":"https:\/\/www.fagforbundet468.com\/portal\/2018\/04\/08\/dagstur-til-austevoll\/","url_meta":{"origin":1062,"position":2},"title":"Dagstur til Austevoll","author":"Idar \u00c5dnesen","date":"8. april 2018","format":false,"excerpt":"V\u00e5r pensjonistgruppe vil invitere til dagstur til Austevoll Dato: 07.06.18 kl. 0830 Avreise fra Flotmyr 7. juni kl. 08.30 med Busstur as. Turen g\u00e5r mot Sveio og videre nordover via Trekantsambandet og til Stord. Vi gj\u00f8r et stopp i Leirvik for shopping m.m. f\u00f8r vi fortsetter til Sandvikv\u00e5g. Fra Sandvikv\u00e5g\u2026","rel":"","context":"i &quot;Nyheter&quot;","block_context":{"text":"Nyheter","link":"https:\/\/www.fagforbundet468.com\/portal\/category\/nyheter\/"},"img":{"alt_text":"","src":"https:\/\/i0.wp.com\/www.fagforbundet468.com\/portal\/wp-content\/uploads\/bekkjarvik-gjestegiver-ny-forside.jpg?fit=670%2C339&ssl=1&resize=350%2C200","width":350,"height":200,"srcset":"https:\/\/i0.wp.com\/www.fagforbundet468.com\/portal\/wp-content\/uploads\/bekkjarvik-gjestegiver-ny-forside.jpg?fit=670%2C339&ssl=1&resize=350%2C200 1x, https:\/\/i0.wp.com\/www.fagforbundet468.com\/portal\/wp-content\/uploads\/bekkjarvik-gjestegiver-ny-forside.jpg?fit=670%2C339&ssl=1&resize=525%2C300 1.5x"},"classes":[]},{"id":884,"url":"https:\/\/www.fagforbundet468.com\/portal\/2021\/02\/10\/tur-til-flo-og-fjaere\/","url_meta":{"origin":1062,"position":3},"title":"Tur til Flo og Fj\u00e6re Utsatt til September","author":"Idar \u00c5dnesen","date":"10. februar 2021","format":false,"excerpt":"Fagforbundet Avd. 468 arrangerer tur til Flo og Fj\u00e6re 10 juni 2021, mer info om tur og p\u00e5melding finner du i vedlegget. Fagforbundet-Haugesund-til-Flor-og-Fjaere-torsdag-10-juniLast ned","rel":"","context":"i &quot;Nyheter&quot;","block_context":{"text":"Nyheter","link":"https:\/\/www.fagforbundet468.com\/portal\/category\/nyheter\/"},"img":{"alt_text":"","src":"https:\/\/i0.wp.com\/www.fagforbundet468.com\/portal\/wp-content\/uploads\/floogfjare2-1.jpg?fit=1200%2C800&ssl=1&resize=350%2C200","width":350,"height":200,"srcset":"https:\/\/i0.wp.com\/www.fagforbundet468.com\/portal\/wp-content\/uploads\/floogfjare2-1.jpg?fit=1200%2C800&ssl=1&resize=350%2C200 1x, https:\/\/i0.wp.com\/www.fagforbundet468.com\/portal\/wp-content\/uploads\/floogfjare2-1.jpg?fit=1200%2C800&ssl=1&resize=525%2C300 1.5x, https:\/\/i0.wp.com\/www.fagforbundet468.com\/portal\/wp-content\/uploads\/floogfjare2-1.jpg?fit=1200%2C800&ssl=1&resize=700%2C400 2x, https:\/\/i0.wp.com\/www.fagforbundet468.com\/portal\/wp-content\/uploads\/floogfjare2-1.jpg?fit=1200%2C800&ssl=1&resize=1050%2C600 3x"},"classes":[]},{"id":562,"url":"https:\/\/www.fagforbundet468.com\/portal\/2018\/10\/16\/tradisjonen-tro-arets-medlemstur-til-ikea\/","url_meta":{"origin":1062,"position":4},"title":"Tradisjonen tro; \u00e5rets medlemstur til IKEA","author":"Idar \u00c5dnesen","date":"16. oktober 2018","format":false,"excerpt":"Fredag 16. november g\u00e5r bussen for 10. ende \u00e5ret p\u00e5 rad til IKEA kl. 1545. Grunnet byggeaktiviteten rundt Sjukehuset blir oppm\u00f8te i \u00e5r p\u00e5 Flotmyr kl. 1530. Det vil bli snacks og en konkurranse i bussen Bindende p\u00e5melding til: laila.gautesen@hsr.as eller til linda.gjelsten@helse-fonna.no evt. SMS til 916 13 551 innen\u2026","rel":"","context":"i &quot;Nyheter&quot;","block_context":{"text":"Nyheter","link":"https:\/\/www.fagforbundet468.com\/portal\/category\/nyheter\/"},"img":{"alt_text":"","src":"https:\/\/i0.wp.com\/www.fagforbundet468.com\/portal\/wp-content\/uploads\/ikea3.jpg?fit=1200%2C560&ssl=1&resize=350%2C200","width":350,"height":200,"srcset":"https:\/\/i0.wp.com\/www.fagforbundet468.com\/portal\/wp-content\/uploads\/ikea3.jpg?fit=1200%2C560&ssl=1&resize=350%2C200 1x, https:\/\/i0.wp.com\/www.fagforbundet468.com\/portal\/wp-content\/uploads\/ikea3.jpg?fit=1200%2C560&ssl=1&resize=525%2C300 1.5x, https:\/\/i0.wp.com\/www.fagforbundet468.com\/portal\/wp-content\/uploads\/ikea3.jpg?fit=1200%2C560&ssl=1&resize=700%2C400 2x, https:\/\/i0.wp.com\/www.fagforbundet468.com\/portal\/wp-content\/uploads\/ikea3.jpg?fit=1200%2C560&ssl=1&resize=1050%2C600 3x"},"classes":[]},{"id":804,"url":"https:\/\/www.fagforbundet468.com\/portal\/2020\/02\/25\/tur-til-flor-fjaere\/","url_meta":{"origin":1062,"position":5},"title":"Tur til Flor &#038; Fj\u00e6re &#8211; AVLYST","author":"Idar \u00c5dnesen","date":"25. februar 2020","format":false,"excerpt":"Fagforbundet inviterer til Flor & Fj\u00e6re m\/Talgje, les mer i vedlegget under. Fagforbundet-Haugesund-til-Flor-og-Fj\u00e6re-04.06.20Last ned","rel":"","context":"i &quot;Nyheter&quot;","block_context":{"text":"Nyheter","link":"https:\/\/www.fagforbundet468.com\/portal\/category\/nyheter\/"},"img":{"alt_text":"","src":"https:\/\/i0.wp.com\/www.fagforbundet468.com\/portal\/wp-content\/uploads\/floogfjare2-1.jpg?fit=1200%2C800&ssl=1&resize=350%2C200","width":350,"height":200,"srcset":"https:\/\/i0.wp.com\/www.fagforbundet468.com\/portal\/wp-content\/uploads\/floogfjare2-1.jpg?fit=1200%2C800&ssl=1&resize=350%2C200 1x, https:\/\/i0.wp.com\/www.fagforbundet468.com\/portal\/wp-content\/uploads\/floogfjare2-1.jpg?fit=1200%2C800&ssl=1&resize=525%2C300 1.5x, https:\/\/i0.wp.com\/www.fagforbundet468.com\/portal\/wp-content\/uploads\/floogfjare2-1.jpg?fit=1200%2C800&ssl=1&resize=700%2C400 2x, https:\/\/i0.wp.com\/www.fagforbundet468.com\/portal\/wp-content\/uploads\/floogfjare2-1.jpg?fit=1200%2C800&ssl=1&resize=1050%2C600 3x"},"classes":[]}],"_links":{"self":[{"href":"https:\/\/www.fagforbundet468.com\/portal\/wp-json\/wp\/v2\/posts\/1062","targetHints":{"allow":["GET"]}}],"collection":[{"href":"https:\/\/www.fagforbundet468.com\/portal\/wp-json\/wp\/v2\/posts"}],"about":[{"href":"https:\/\/www.fagforbundet468.com\/portal\/wp-json\/wp\/v2\/types\/post"}],"author":[{"embeddable":true,"href":"https:\/\/www.fagforbundet468.com\/portal\/wp-json\/wp\/v2\/users\/2"}],"replies":[{"embeddable":true,"href":"https:\/\/www.fagforbundet468.com\/portal\/wp-json\/wp\/v2\/comments?post=1062"}],"version-history":[{"count":1,"href":"https:\/\/www.fagforbundet468.com\/portal\/wp-json\/wp\/v2\/posts\/1062\/revisions"}],"predecessor-version":[{"id":1064,"href":"https:\/\/www.fagforbundet468.com\/portal\/wp-json\/wp\/v2\/posts\/1062\/revisions\/1064"}],"wp:featuredmedia":[{"embeddable":true,"href":"https:\/\/www.fagforbundet468.com\/portal\/wp-json\/wp\/v2\/media\/1063"}],"wp:attachment":[{"href":"https:\/\/www.fagforbundet468.com\/portal\/wp-json\/wp\/v2\/media?parent=1062"}],"wp:term":[{"taxonomy":"category","embeddable":true,"href":"https:\/\/www.fagforbundet468.com\/portal\/wp-json\/wp\/v2\/categories?post=1062"},{"taxonomy":"post_tag","embeddable":true,"href":"https:\/\/www.fagforbundet468.com\/portal\/wp-json\/wp\/v2\/tags?post=1062"}],"curies":[{"name":"wp","href":"https:\/\/api.w.org\/{rel}","templated":true}]}}